{"id":6697,"date":"2016-06-04T06:30:04","date_gmt":"2016-06-04T05:30:04","guid":{"rendered":"http:\/\/www.franceabris.com\/BLOG\/?p=6697"},"modified":"2017-01-04T16:20:52","modified_gmt":"2017-01-04T15:20:52","slug":"abri-terrasse-personnalise-special-bricoleurs","status":"publish","type":"post","link":"https:\/\/www.franceabris.com\/BLOG\/abri-terrasse-personnalise-special-bricoleurs\/","title":{"rendered":"L\u2019abri terrasse personnalis\u00e9, sp\u00e9cial bricoleurs !"},"content":{"rendered":"<p style=\"text-align: justify;\">Cr\u00e9er un perron accueillant, prot\u00e9ger son mobilier de jardin des intemp\u00e9ries, se pr\u00e9munir de\u00a0l&rsquo;intensit\u00e9 des rayons UV, profiter de son ext\u00e9rieur par tout temps, l&rsquo;utilisation d&rsquo;un <strong>toit terrasse est vari\u00e9e<\/strong>.<br \/>\nD&rsquo;autant plus qu&rsquo;avec seulement 2 poteaux, il est possible d&rsquo;adosser la structure au mur de sa maison.<br \/>\n<!--more--><\/p>\n<p style=\"text-align: justify;\">Cependant, chaque villa est unique et il est possible que la v\u00f4tre soit dot\u00e9e de diff\u00e9rentes inclinaisons de murs\u00a0: il faut donc <strong>ajuster le <a href=\"http:\/\/www.franceabris.com\/toit-terrasse-alu\/2604-id.html\" target=\"_blank\">toit terrasse<\/a> \u00e0 cette sp\u00e9cificit\u00e9<\/strong>.<\/p>\n<p style=\"text-align: justify;\">Disposer d&rsquo;un toit terrasse adapt\u00e9 \u00e0 son habitation n\u2019est pas forc\u00e9ment tr\u00e8s compliqu\u00e9\u2026\u00a0Il suffit d\u2019un peu de technique et de bricolage\u00a0!<\/p>\n<p style=\"text-align: center;\"><em>Exemple pratique avec ce particulier qui a mont\u00e9 lui-m\u00eame<\/em><br \/>\n<em> un <strong>joli abri\u00a0pour la devanture de sa maison.<\/strong><\/em><\/p>\n<h2 style=\"text-align: justify;\">Assembler plusieurs toits terrasse pour une unit\u00e9 visuelle :<\/h2>\n<p style=\"text-align: justify;\">Afin de suivre les fa\u00e7ades obliques de la maison et de co\u00efncider parfaitement avec les murs, il est possible d\u2019aligner plusieurs toits terrasse. Cela apportera une impression de grandeur et pourra couvrir<strong>\u00a0la majeure partie de la terrasse<\/strong> !<\/p>\n<p style=\"text-align: justify;\"><img decoding=\"async\" loading=\"lazy\" class=\"aligncenter wp-image-6699 size-large\" style=\"border: 1px solid #000000;\" title=\"Une astuce ing\u00e9nieuse : aligner les toits terrasse pour cr\u00e9er un grand abri !\" src=\"http:\/\/www.franceabris.com\/BLOG\/wp-content\/uploads\/2016\/05\/R\u00e9alisation_JS_Dordogne_01-585x437.jpg\" alt=\"bricolage d'abri terrasse pour cr\u00e9er un toit sur-mesure\" width=\"585\" height=\"437\" srcset=\"https:\/\/www.franceabris.com\/BLOG\/wp-content\/uploads\/2016\/05\/R\u00e9alisation_JS_Dordogne_01-585x437.jpg 585w, https:\/\/www.franceabris.com\/BLOG\/wp-content\/uploads\/2016\/05\/R\u00e9alisation_JS_Dordogne_01-131x98.jpg 131w, https:\/\/www.franceabris.com\/BLOG\/wp-content\/uploads\/2016\/05\/R\u00e9alisation_JS_Dordogne_01-321x240.jpg 321w, https:\/\/www.franceabris.com\/BLOG\/wp-content\/uploads\/2016\/05\/R\u00e9alisation_JS_Dordogne_01-624x466.jpg 624w, https:\/\/www.franceabris.com\/BLOG\/wp-content\/uploads\/2016\/05\/R\u00e9alisation_JS_Dordogne_01.jpg 833w\" sizes=\"(max-width: 585px) 100vw, 585px\" \/><\/p>\n<p style=\"text-align: justify;\">En utilisant deux toits terrasses du\u00a0m\u00eame mod\u00e8le, l&#8217;emploi de deux abris distincts reste invisible. Plusieurs abris terrasse sont disponibles en diff\u00e9rentes dimensions, ce qui laisse <strong>le choix de la mati\u00e8re et de l\u2019esth\u00e9tique<\/strong>.<\/p>\n<p style=\"text-align: justify;\">Les deux abris s\u2019assemblent \u00e0 l\u2019aide d\u2019un connecteur du m\u00eame design que la <strong>structure du toit<\/strong> afin d\u2019\u00eatre imperceptible.<\/p>\n<h2 style=\"text-align: justify;\">Quelques photos d\u2019un toit terrasse personnalis\u00e9 :<\/h2>\n<p style=\"text-align: justify;\">Notre client du Sud de la France a d\u00e9cid\u00e9 de mettre en place cette technique afin de <strong>cr\u00e9er un abri pour le perron de sa maison<\/strong>.<\/p>\n<p style=\"text-align: justify;\">Ici, la jointure est cr\u00e9\u00e9e gr\u00e2ce \u00e0 un connecteur blanc afin de ne pas modifier <strong>l\u2019esth\u00e9tique du toit terrasse<\/strong>. On constate que l\u2019aluminium de couleur blanche est en parfaite ad\u00e9quation avec les structures des fen\u00eatres et des portes de la maison. Les volets en bois sont \u00e9galement peints en blanc.<br \/>\nCette harmonie de couleur nous donne l\u2019illusion que le toit terrasse \u00e9tait initialement pens\u00e9<strong>\u00a0pour l\u2019habitation<\/strong> !<\/p>\n<p style=\"text-align: justify;\"><img decoding=\"async\" loading=\"lazy\" class=\" wp-image-6698 alignleft\" style=\"border: 1px solid #000000;\" title=\"On aimerait s'installer sur les chaises de jardin tant ce toit terrasse abrite le perron de fa\u00e7on esth\u00e9tique !\" src=\"http:\/\/www.franceabris.com\/BLOG\/wp-content\/uploads\/2016\/05\/R\u00e9alisation_JS_Dordogne_02-328x437.jpg\" alt=\"abri terrasse en aluminium personnalis\u00e9 avec plusieurs mod\u00e8les\" width=\"302\" height=\"403\" srcset=\"https:\/\/www.franceabris.com\/BLOG\/wp-content\/uploads\/2016\/05\/R\u00e9alisation_JS_Dordogne_02-328x437.jpg 328w, https:\/\/www.franceabris.com\/BLOG\/wp-content\/uploads\/2016\/05\/R\u00e9alisation_JS_Dordogne_02-74x98.jpg 74w, https:\/\/www.franceabris.com\/BLOG\/wp-content\/uploads\/2016\/05\/R\u00e9alisation_JS_Dordogne_02-180x240.jpg 180w, https:\/\/www.franceabris.com\/BLOG\/wp-content\/uploads\/2016\/05\/R\u00e9alisation_JS_Dordogne_02.jpg 474w\" sizes=\"(max-width: 302px) 100vw, 302px\" \/>Des <strong>plaques de polycarbonate<\/strong> sont ajout\u00e9es sur les angles en biais pour couvrir la terrasse jusque dans ses moindres recoins.<\/p>\n<p style=\"text-align: justify;\">La <strong>personnalisation de l\u2019abri<\/strong> est pouss\u00e9e \u00e0 l\u2019extr\u00eame \u00e9tant donn\u00e9 que les poteaux sont fix\u00e9s directement sur la rambarde.<br \/>\n<em>Attention<\/em> : le client a bien\u00a0v\u00e9rifi\u00e9 que la rambarde supportait le poids du toit terrasse avant de proc\u00e9der \u00e0 cette installation.<\/p>\n<p style=\"text-align: justify;\">Gr\u00e2ce \u00e0 ces quelques astuces, les propri\u00e9taires\u00a0de cette villa peuvent donc <strong>profiter de leur terrasse<\/strong> m\u00eame en cas de pluie et sont prot\u00e9g\u00e9s du soleil gr\u00e2ce aux plaques en polycarbonate trait\u00e9es anti UV.<\/p>\n<p style=\"text-align: left;\">Une id\u00e9e ing\u00e9nieuse pour <strong><a href=\"http:\/\/www.franceabris.com\/13-abri-terrasse\" target=\"_blank\">abriter sa terrasse<\/a> qui ne suit pas les dimensions standards<\/strong> !<\/p>\n","protected":false},"excerpt":{"rendered":"<p>Cr\u00e9er un perron accueillant, prot\u00e9ger son mobilier de jardin des intemp\u00e9ries, se pr\u00e9munir de\u00a0l&rsquo;intensit\u00e9 des rayons UV, profiter de son ext\u00e9rieur par tout temps, l&rsquo;utilisation d&rsquo;un toit terrasse est vari\u00e9e. D&rsquo;autant plus qu&rsquo;avec seulement 2 poteaux, il est possible d&rsquo;adosser la structure au mur de sa maison.<\/p>\n","protected":false},"author":2,"featured_media":6705,"comment_status":"closed","ping_status":"closed","sticky":false,"template":"","format":"standard","meta":[],"categories":[61],"tags":[],"_links":{"self":[{"href":"https:\/\/www.franceabris.com\/BLOG\/wp-json\/wp\/v2\/posts\/6697"}],"collection":[{"href":"https:\/\/www.franceabris.com\/BLOG\/wp-json\/wp\/v2\/posts"}],"about":[{"href":"https:\/\/www.franceabris.com\/BLOG\/wp-json\/wp\/v2\/types\/post"}],"author":[{"embeddable":true,"href":"https:\/\/www.franceabris.com\/BLOG\/wp-json\/wp\/v2\/users\/2"}],"replies":[{"embeddable":true,"href":"https:\/\/www.franceabris.com\/BLOG\/wp-json\/wp\/v2\/comments?post=6697"}],"version-history":[{"count":0,"href":"https:\/\/www.franceabris.com\/BLOG\/wp-json\/wp\/v2\/posts\/6697\/revisions"}],"wp:featuredmedia":[{"embeddable":true,"href":"https:\/\/www.franceabris.com\/BLOG\/wp-json\/wp\/v2\/media\/6705"}],"wp:attachment":[{"href":"https:\/\/www.franceabris.com\/BLOG\/wp-json\/wp\/v2\/media?parent=6697"}],"wp:term":[{"taxonomy":"category","embeddable":true,"href":"https:\/\/www.franceabris.com\/BLOG\/wp-json\/wp\/v2\/categories?post=6697"},{"taxonomy":"post_tag","embeddable":true,"href":"https:\/\/www.franceabris.com\/BLOG\/wp-json\/wp\/v2\/tags?post=6697"}],"curies":[{"name":"wp","href":"https:\/\/api.w.org\/{rel}","templated":true}]}}