{"id":695,"date":"2013-02-16T05:37:50","date_gmt":"2013-02-16T04:37:50","guid":{"rendered":"http:\/\/www.franceabris.com\/BLOG\/?p=695"},"modified":"2017-01-04T16:55:14","modified_gmt":"2017-01-04T15:55:14","slug":"un-abri-terrasse-facile-a-installer-pour-proteger-votre-materiel-des-intemperies","status":"publish","type":"post","link":"https:\/\/www.franceabris.com\/BLOG\/un-abri-terrasse-facile-a-installer-pour-proteger-votre-materiel-des-intemperies\/","title":{"rendered":"Un abri terrasse, facile \u00e0 installer, pour prot\u00e9ger votre mat\u00e9riel des intemp\u00e9ries !"},"content":{"rendered":"<p style=\"text-align: justify;\">Vous \u00eates tent\u00e9 par un espace ext\u00e9rieur o\u00f9 entreposer vos objets ?<a class=\"_blank\" href=\"http:\/\/www.franceabris.com\/13-abri-terrasse\"><strong><br \/>\n<!--more--><\/strong><\/a><\/p>\n<p style=\"text-align: justify;\">Pour cela vous disposez d&rsquo;un\u00a0<a href=\"http:\/\/www.franceabris.com\/13-abri-terrasse\"><strong>large choix de tonnelle, pergola, parasol ou abri terrasse &#8230;<\/strong><\/a><br \/>\nAdoss\u00e9 \u00e0 un mur de la maison ou agenc\u00e9 dans son jardin, ces abris servent d\u2019\u00e9l\u00e9ments protecteurs contre les intemp\u00e9ries et de lieux de stockage astucieux.<\/p>\n<p style=\"text-align: justify;\">Avec ces photos envoy\u00e9es par l\u2019un de nos clients, on se rend compte de l\u2019utilit\u00e9 d\u2019un abri de terrasse. Directement accol\u00e9 au garage, il sert de <strong>pr\u00e9au aux v\u00e9los, jouets d\u2019enfant et autres outils de jardin<\/strong> qui restent au sec en toute circonstance.<\/p>\n<figure id=\"attachment_3485\" aria-describedby=\"caption-attachment-3485\" style=\"width: 3648px\" class=\"wp-caption aligncenter\"><img decoding=\"async\" loading=\"lazy\" class=\"wp-image-3485 \" style=\"border: 2px solid black;\" src=\"http:\/\/www.franceabris.com\/BLOG\/wp-content\/uploads\/2013\/02\/DSCN4771.jpg\" alt=\"Abri terrasse pour prot\u00e9ger v\u00e9los, 2 roues et jouets \" width=\"3648\" height=\"2736\" srcset=\"https:\/\/www.franceabris.com\/BLOG\/wp-content\/uploads\/2013\/02\/DSCN4771.jpg 3648w, https:\/\/www.franceabris.com\/BLOG\/wp-content\/uploads\/2013\/02\/DSCN4771-130x98.jpg 130w, https:\/\/www.franceabris.com\/BLOG\/wp-content\/uploads\/2013\/02\/DSCN4771-320x240.jpg 320w, https:\/\/www.franceabris.com\/BLOG\/wp-content\/uploads\/2013\/02\/DSCN4771-582x437.jpg 582w, https:\/\/www.franceabris.com\/BLOG\/wp-content\/uploads\/2013\/02\/DSCN4771-624x468.jpg 624w\" sizes=\"(max-width: 3648px) 100vw, 3648px\" \/><figcaption id=\"caption-attachment-3485\" class=\"wp-caption-text\">Tout est au sec avec l&rsquo;abri terrasse !<\/figcaption><\/figure>\n<p style=\"text-align: justify;\">Surmont\u00e9s de panneaux UV, cet abri terrasse m\u00e9tal isolera le mat\u00e9riel entrepos\u00e9 des effets n\u00e9fastes du soleil.<\/p>\n<p style=\"text-align: justify;\">Le <strong>syst\u00e8me de clipsage<\/strong> rend tr\u00e8s facile \u00e0 monter ce genre d\u2019abri. L\u2019installation pourra alors se faire \u00e0 deux personnes sur \u00bd journ\u00e9e.<br \/>\nEn cas de probl\u00e8me, vous pourrez \u00eatre suppl\u00e9e par des vid\u00e9os de montage.<\/p>\n<p style=\"text-align: justify;\"><img decoding=\"async\" loading=\"lazy\" class=\"wp-image-3486 aligncenter\" style=\"border: 2px solid black;\" src=\"http:\/\/www.franceabris.com\/BLOG\/wp-content\/uploads\/2013\/02\/DSCN4769-2.jpg\" alt=\"Abri terrasse \" width=\"3648\" height=\"2736\" srcset=\"https:\/\/www.franceabris.com\/BLOG\/wp-content\/uploads\/2013\/02\/DSCN4769-2.jpg 3648w, https:\/\/www.franceabris.com\/BLOG\/wp-content\/uploads\/2013\/02\/DSCN4769-2-130x98.jpg 130w, https:\/\/www.franceabris.com\/BLOG\/wp-content\/uploads\/2013\/02\/DSCN4769-2-320x240.jpg 320w, https:\/\/www.franceabris.com\/BLOG\/wp-content\/uploads\/2013\/02\/DSCN4769-2-582x437.jpg 582w, https:\/\/www.franceabris.com\/BLOG\/wp-content\/uploads\/2013\/02\/DSCN4769-2-624x468.jpg 624w\" sizes=\"(max-width: 3648px) 100vw, 3648px\" \/><\/p>\n<p style=\"text-align: justify;\">D\u00e9couvrez toute notre gamme d&rsquo;abris de terrasse en aluminium, en coloris blanc ou gris anthracite,\u00a0<span style=\"line-height: 1.714285714; font-size: 1rem;\">en suivant ce lien : <\/span><span style=\"text-decoration: underline;\"><strong><a href=\"http:\/\/www.franceabris.com\/118-toit-terrasse-alu\" target=\"_blank\">toit terrasse aluminium<\/a>.<\/strong><\/span><\/p>\n","protected":false},"excerpt":{"rendered":"<p>Vous \u00eates tent\u00e9 par un espace ext\u00e9rieur o\u00f9 entreposer vos objets ?<\/p>\n","protected":false},"author":2,"featured_media":696,"comment_status":"open","ping_status":"open","sticky":false,"template":"","format":"standard","meta":[],"categories":[61],"tags":[],"_links":{"self":[{"href":"https:\/\/www.franceabris.com\/BLOG\/wp-json\/wp\/v2\/posts\/695"}],"collection":[{"href":"https:\/\/www.franceabris.com\/BLOG\/wp-json\/wp\/v2\/posts"}],"about":[{"href":"https:\/\/www.franceabris.com\/BLOG\/wp-json\/wp\/v2\/types\/post"}],"author":[{"embeddable":true,"href":"https:\/\/www.franceabris.com\/BLOG\/wp-json\/wp\/v2\/users\/2"}],"replies":[{"embeddable":true,"href":"https:\/\/www.franceabris.com\/BLOG\/wp-json\/wp\/v2\/comments?post=695"}],"version-history":[{"count":0,"href":"https:\/\/www.franceabris.com\/BLOG\/wp-json\/wp\/v2\/posts\/695\/revisions"}],"wp:featuredmedia":[{"embeddable":true,"href":"https:\/\/www.franceabris.com\/BLOG\/wp-json\/wp\/v2\/media\/696"}],"wp:attachment":[{"href":"https:\/\/www.franceabris.com\/BLOG\/wp-json\/wp\/v2\/media?parent=695"}],"wp:term":[{"taxonomy":"category","embeddable":true,"href":"https:\/\/www.franceabris.com\/BLOG\/wp-json\/wp\/v2\/categories?post=695"},{"taxonomy":"post_tag","embeddable":true,"href":"https:\/\/www.franceabris.com\/BLOG\/wp-json\/wp\/v2\/tags?post=695"}],"curies":[{"name":"wp","href":"https:\/\/api.w.org\/{rel}","templated":true}]}}