{"id":708,"date":"2013-02-16T08:00:51","date_gmt":"2013-02-16T07:00:51","guid":{"rendered":"http:\/\/www.franceabris.com\/BLOG\/?p=708"},"modified":"2017-01-04T17:12:25","modified_gmt":"2017-01-04T16:12:25","slug":"carport-abri-voiture-ideal-pour-jardin","status":"publish","type":"post","link":"https:\/\/www.franceabris.com\/BLOG\/carport-abri-voiture-ideal-pour-jardin\/","title":{"rendered":"Carport, l&rsquo;abri de voiture id\u00e9al pour votre jardin !"},"content":{"rendered":"<p style=\"text-align: justify;\">Insallez un toit protecteur pour votre voiture en choisissant un carport simple ou double.<\/p>\n<p style=\"text-align: justify;\"><!--more-->Nombreux sont les foyers \u00e0 disposer de 2 \u00e0 3 voitures, d&rsquo;un scooter ou de plusieurs v\u00e9los !<br \/>\nPour ranger et prot\u00e9ger tout ce petit monde, quoi de mieux qu&rsquo;un <strong>carport double<\/strong> ?<\/p>\n<p style=\"text-align: justify;\">Assur\u00e9 de retrouver sa voiture propre, son scooter au sec et prot\u00e9g\u00e9 des excr\u00e9ments de nos gentils oiseaux, une facilit\u00e9 d&rsquo;acc\u00e8s garantie, les avantages du carport sont multiples.<\/p>\n<p style=\"text-align: justify;\">Le carport peut s&rsquo;installer ind\u00e9pendamment dans son jardin ou s&rsquo;adosser \u00e0 la maison. Livr\u00e9 en kit, \u00a0il n\u00e9cessite 2 \u00e0 3 jours de montage selon la surface \u00e0 installer.<\/p>\n<figure id=\"attachment_715\" aria-describedby=\"caption-attachment-715\" style=\"width: 218px\" class=\"wp-caption alignleft\"><img decoding=\"async\" loading=\"lazy\" class=\"size-medium wp-image-715 \" style=\"border: 2px solid black;\" title=\"Le carport \u00e9quip\u00e9 d'arcs et d'une r\u00e9serve \" src=\"http:\/\/www.franceabris.com\/BLOG\/wp-content\/uploads\/2013\/03\/Carport1-218x160.jpg\" alt=\"Carport double\" width=\"218\" height=\"160\" srcset=\"https:\/\/www.franceabris.com\/BLOG\/wp-content\/uploads\/2013\/03\/Carport1-218x160.jpg 218w, https:\/\/www.franceabris.com\/BLOG\/wp-content\/uploads\/2013\/03\/Carport1-133x98.jpg 133w, https:\/\/www.franceabris.com\/BLOG\/wp-content\/uploads\/2013\/03\/Carport1.jpg 397w\" sizes=\"(max-width: 218px) 100vw, 218px\" \/><figcaption id=\"caption-attachment-715\" class=\"wp-caption-text\">Le carport \u00e9quip\u00e9 d&rsquo;arcs et d&rsquo;une r\u00e9serve<\/figcaption><\/figure>\n<p style=\"text-align: justify;\">Parmi tous les mod\u00e8les propos\u00e9s par France Abris, cet <a href=\"http:\/\/www.franceabris.com\/22-abri-voiture\" target=\"_blank\">abri voiture double<\/a>, pr\u00e9sent\u00e9 en photo, se distingue par <strong>ses arcs lat\u00e9raux<\/strong> qui permettent de faciliter les manoeuvres. Astucieux !<\/p>\n<p style=\"text-align: justify;\">L&rsquo;autre gros atout de ce carport r\u00e9side dans <strong>l&rsquo;ate<\/strong><\/p>\n","protected":false},"excerpt":{"rendered":"<p>Insallez un toit protecteur pour votre voiture en choisissant un carport simple ou double.<\/p>\n","protected":false},"author":2,"featured_media":716,"comment_status":"closed","ping_status":"closed","sticky":false,"template":"","format":"standard","meta":[],"categories":[2],"tags":[],"_links":{"self":[{"href":"https:\/\/www.franceabris.com\/BLOG\/wp-json\/wp\/v2\/posts\/708"}],"collection":[{"href":"https:\/\/www.franceabris.com\/BLOG\/wp-json\/wp\/v2\/posts"}],"about":[{"href":"https:\/\/www.franceabris.com\/BLOG\/wp-json\/wp\/v2\/types\/post"}],"author":[{"embeddable":true,"href":"https:\/\/www.franceabris.com\/BLOG\/wp-json\/wp\/v2\/users\/2"}],"replies":[{"embeddable":true,"href":"https:\/\/www.franceabris.com\/BLOG\/wp-json\/wp\/v2\/comments?post=708"}],"version-history":[{"count":0,"href":"https:\/\/www.franceabris.com\/BLOG\/wp-json\/wp\/v2\/posts\/708\/revisions"}],"wp:featuredmedia":[{"embeddable":true,"href":"https:\/\/www.franceabris.com\/BLOG\/wp-json\/wp\/v2\/media\/716"}],"wp:attachment":[{"href":"https:\/\/www.franceabris.com\/BLOG\/wp-json\/wp\/v2\/media?parent=708"}],"wp:term":[{"taxonomy":"category","embeddable":true,"href":"https:\/\/www.franceabris.com\/BLOG\/wp-json\/wp\/v2\/categories?post=708"},{"taxonomy":"post_tag","embeddable":true,"href":"https:\/\/www.franceabris.com\/BLOG\/wp-json\/wp\/v2\/tags?post=708"}],"curies":[{"name":"wp","href":"https:\/\/api.w.org\/{rel}","templated":true}]}}