{"id":7312,"date":"2016-08-16T05:52:17","date_gmt":"2016-08-16T04:52:17","guid":{"rendered":"http:\/\/www.franceabris.com\/BLOG\/?p=7312"},"modified":"2016-08-31T11:56:38","modified_gmt":"2016-08-31T10:56:38","slug":"collectivites-un-abri-pro-pour-lavage-des-bus-de-la-commune","status":"publish","type":"post","link":"https:\/\/www.franceabris.com\/BLOG\/collectivites-un-abri-pro-pour-lavage-des-bus-de-la-commune\/","title":{"rendered":"Collectivit\u00e9s &#8211; Un abri pro pour le lavage des bus de la commune"},"content":{"rendered":"<p style=\"text-align: justify;\">Vous vous demandez peut-\u00eatre <strong>comment r\u00e9utiliser un abri de protection que vous auriez achet\u00e9 pour une occasion particuli\u00e8re<\/strong> ? Comment r\u00e9orienter l&rsquo;usage d&rsquo;un abri ? Comment lui trouver une nouvelle utilit\u00e9 ?<br \/>\n<!--more--><\/p>\n<p style=\"text-align: justify;\">Dans\u00a0la commune d&rsquo;Avignon, on vous donne un exemple\u00a0ing\u00e9nieux : <strong>l&rsquo;abri de protection d&rsquo;une maquette grandeur nature du futur tramway<\/strong> local a \u00e9t\u00e9 transform\u00e9\u2026 en\u00a0<strong>station de lavage pour\u00a0les bus<\/strong> !<\/p>\n<h2>Quand un\u00a0abri d&rsquo;exposition devient un abri d&rsquo;une station de lavage sp\u00e9cialis\u00e9e&#8230;<\/h2>\n<p style=\"text-align: justify;\">Pour exposer la maquette \u00e0 taille r\u00e9elle du futur tramway de la ville d&rsquo;Avignon pendant les f\u00eates de No\u00ebl 2013, la soci\u00e9t\u00e9 FRANCE ABRIS\u00a0avait \u00e9t\u00e9 mandat\u00e9e par TECELYS pour cr\u00e9er un <a href=\"http:\/\/www.franceabris.com\/BLOG\/france-abris-couvre-la-maquette-dexposition-du-futur-tramway-du-grand-avignon\/\" target=\"_blank\"><span style=\"text-decoration: underline; color: #ff6600;\"><strong>abri d\u2019exposition<\/strong><\/span><\/a>\u00a0<strong>sur mesure<\/strong>.<\/p>\n<h3>\u21d4 Le point de d\u00e9part : un abri pour une maquette de tramway<\/h3>\n<p style=\"text-align: justify;\"><span style=\"line-height: 1.714285714; font-size: 1rem;\">L&rsquo;objectif de cet abri sur-mesure ?\u00a0La <\/span><strong style=\"line-height: 1.714285714; font-size: 1rem;\">mise en \u0153uvre d\u2019une structure <\/strong><span style=\"line-height: 1.714285714; font-size: 1rem;\">de protection et d\u2019accueil, afin que les habitants et les curieux viennent admirer le <strong>futur tramway<\/strong>.<\/span><\/p>\n<p style=\"text-align: justify;\">Les Avignonnais ont ainsi pu d\u00e9couvrir\u00a0pendant quelques mois\u00a0leur prochain moyen de transport pour se d\u00e9placer ais\u00e9ment au sein de leur commune.<\/p>\n<p style=\"text-align: justify;\"><img decoding=\"async\" loading=\"lazy\" class=\"aligncenter wp-image-7320 size-full\" style=\"border: 1px solid #000000;\" title=\"La soci\u00e9t\u00e9 France Abris a \u00e9t\u00e9 choisie pour cr\u00e9er un abri d'exposition abritant le futur tramway ! \" src=\"http:\/\/www.franceabris.com\/BLOG\/wp-content\/uploads\/2016\/07\/maquette.jpg\" alt=\"Un abri d'exposition pour les professionnels : ici, un abri pour un tramway, transform\u00e9 plus tard en station de lavage pour les bus.\" width=\"397\" height=\"291\" srcset=\"https:\/\/www.franceabris.com\/BLOG\/wp-content\/uploads\/2016\/07\/maquette.jpg 397w, https:\/\/www.franceabris.com\/BLOG\/wp-content\/uploads\/2016\/07\/maquette-134x98.jpg 134w, https:\/\/www.franceabris.com\/BLOG\/wp-content\/uploads\/2016\/07\/maquette-327x240.jpg 327w\" sizes=\"(max-width: 397px) 100vw, 397px\" \/><\/p>\n<p style=\"text-align: justify;\">Mais, outre proposer un accueil confortable aux visiteurs, l\u2019abri devait \u00e9galement\u00a0<strong>prot\u00e9ger la maquette<\/strong> des caprices de la m\u00e9t\u00e9o\u00a0et des \u00e9ventuelles d\u00e9gradations ext\u00e9rieures. Aucune d\u00e9t\u00e9rioration ne pouvait \u00eatre envisag\u00e9e, le futur tramway devant \u00eatre \u00e9videmment pr\u00e9sentable !<\/p>\n<p style=\"text-align: justify;\">Une <strong>\u00e9tude du terrain<\/strong> d&rsquo;installation et des <strong>dol\u00e9ances<\/strong>\u00a0de la commune a \u00e9t\u00e9 r\u00e9alis\u00e9e\u00a0par FRANCE ABRIS.<img decoding=\"async\" loading=\"lazy\" class=\"alignright wp-image-7330\" style=\"border: 1px solid #000000;\" title=\"Le prototype de l'abri professionnel d'exposition pour la maquette du tramway d'Avignon.\" src=\"http:\/\/www.franceabris.com\/BLOG\/wp-content\/uploads\/2016\/07\/maquette-abri1-607x300.jpg\" alt=\"Le plan de l'abri pro d'exposition pour le tramway d'Avignon, qui deviendra abri pour une station de lavage professionnelle.\" width=\"318\" height=\"157\" srcset=\"https:\/\/www.franceabris.com\/BLOG\/wp-content\/uploads\/2016\/07\/maquette-abri1-607x300.jpg 607w, https:\/\/www.franceabris.com\/BLOG\/wp-content\/uploads\/2016\/07\/maquette-abri1-173x85.jpg 173w, https:\/\/www.franceabris.com\/BLOG\/wp-content\/uploads\/2016\/07\/maquette-abri1-405x200.jpg 405w, https:\/\/www.franceabris.com\/BLOG\/wp-content\/uploads\/2016\/07\/maquette-abri1-624x308.jpg 624w, https:\/\/www.franceabris.com\/BLOG\/wp-content\/uploads\/2016\/07\/maquette-abri1.jpg 835w\" sizes=\"(max-width: 318px) 100vw, 318px\" \/><\/p>\n<p style=\"text-align: justify;\">Apr\u00e8s r\u00e9flexion, la soci\u00e9t\u00e9 a d\u00e9cid\u00e9 d\u2019opter pour un <strong>abri m\u00e9tallique sur-mesure avec toile PVC ultra-r\u00e9sistante<\/strong>\u00a0et <strong>fa\u00e7ade en polycarbonate transparent<\/strong>.<\/p>\n<p style=\"text-align: justify;\">L\u2019installation de l\u2019abri de protection aura n\u00e9cessit\u00e9 pr\u00e8s de <strong>6 jours de travaux<\/strong>.\u00a0Ouvriers et experts ont \u00e9t\u00e9\u00a0\u00e0 pied d&rsquo;oeuvre pour finir en temps et en heure l&rsquo;abri destin\u00e9 \u00e0\u00a0abriter la maquette.<\/p>\n<h3>\u21d4 La transformation d\u2019un abri en espace de nettoyage des cars<\/h3>\n<p style=\"text-align: justify;\"><span style=\"line-height: 1.714285714; font-size: 1rem;\">Mais que faire de cet abri sur-mesure une fois l\u2019\u00e9v\u00e9nement termin\u00e9 ? La ville d&rsquo;Avignon n&rsquo;a pas mis longtemps \u00e0 trouver une fa\u00e7on de\u00a0<\/span><strong style=\"line-height: 1.714285714; font-size: 1rem;\">recycler la structure<\/strong><span style=\"line-height: 1.714285714; font-size: 1rem;\"><strong>\u00a0mise en place par\u00a0FRANCE ABRIS<\/strong>. <\/span><\/p>\n<p style=\"text-align: justify;\"><span style=\"line-height: 1.714285714; font-size: 1rem;\">Comment\u00a0? En r\u00e9utilisant cet abri d&rsquo;exposition\u00a0pour la cr\u00e9ation d&rsquo;un <\/span><strong style=\"line-height: 1.714285714; font-size: 1rem;\">espace de nettoyage des transports en commun<\/strong><span style=\"line-height: 1.714285714; font-size: 1rem;\"> de la commune. Ing\u00e9nieux, non\u00a0?<\/span><\/p>\n<p style=\"text-align: justify;\">La <strong>toile tendue<\/strong> a \u00e9t\u00e9 d\u00e9mont\u00e9e et d\u00e9plac\u00e9e par les ouvriers pour \u00eatre r\u00e9install\u00e9e quelques m\u00e8tres plus loin !<\/p>\n<p style=\"text-align: justify;\">Pour une plus grande protection des v\u00e9hicules, des <strong>parois<\/strong> ont \u00e9t\u00e9 ajout\u00e9es afin de cr\u00e9er un v\u00e9ritable <strong>espace de nettoyage<\/strong> \u00e0 part enti\u00e8re.<\/p>\n<p style=\"text-align: justify;\"><img decoding=\"async\" loading=\"lazy\" class=\"aligncenter wp-image-7349 size-large\" style=\"border: 1px solid #000000;\" title=\"Un abri car et bus professionnel pour laver les bus de la commune\u2026 Astucieux ! \" src=\"http:\/\/www.franceabris.com\/BLOG\/wp-content\/uploads\/2016\/07\/DSC03395-607x331.jpg\" alt=\"L'abri d'exposition en toile tendue devient un abri pour prot\u00e9ger la station de lavage des transports en commun avignonnais.\" width=\"607\" height=\"331\" srcset=\"https:\/\/www.franceabris.com\/BLOG\/wp-content\/uploads\/2016\/07\/DSC03395-607x331.jpg 607w, https:\/\/www.franceabris.com\/BLOG\/wp-content\/uploads\/2016\/07\/DSC03395-173x94.jpg 173w, https:\/\/www.franceabris.com\/BLOG\/wp-content\/uploads\/2016\/07\/DSC03395-405x221.jpg 405w, https:\/\/www.franceabris.com\/BLOG\/wp-content\/uploads\/2016\/07\/DSC03395-624x340.jpg 624w, https:\/\/www.franceabris.com\/BLOG\/wp-content\/uploads\/2016\/07\/DSC03395.jpg 640w\" sizes=\"(max-width: 607px) 100vw, 607px\" \/><\/p>\n<p style=\"text-align: justify;\"><strong style=\"line-height: 1.714285714; font-size: 1rem;\">Tr\u00e8s utile<\/strong><span style=\"line-height: 1.714285714; font-size: 1rem;\"> pour la maintenance, le nettoyage et l\u2019entretien des transports en communs, cet abri a permis aux\u00a0chauffeurs de bus de s&rsquo;offrir\u00a0un <strong>lieu<\/strong><\/span><strong style=\"line-height: 1.714285714; font-size: 1rem;\">\u00a0au sec et prot\u00e9g\u00e9 des intemp\u00e9ries<\/strong><span style=\"line-height: 1.714285714; font-size: 1rem;\"> pour que\u00a0leur outil de travail soit bichonn\u00e9 !\u00a0<\/span><\/p>\n<p style=\"text-align: justify;\">Gr\u00e2ce \u00e0 cette r\u00e9utilisation astucieuse, l&rsquo;ancien abri de protection a trouv\u00e9 une seconde vie !<\/p>\n","protected":false},"excerpt":{"rendered":"<p>Vous vous demandez peut-\u00eatre comment r\u00e9utiliser un abri de protection que vous auriez achet\u00e9 pour une occasion particuli\u00e8re ? Comment r\u00e9orienter l&rsquo;usage d&rsquo;un abri ? Comment lui trouver une nouvelle utilit\u00e9 ?<\/p>\n","protected":false},"author":2,"featured_media":7219,"comment_status":"closed","ping_status":"closed","sticky":false,"template":"","format":"standard","meta":[],"categories":[1],"tags":[],"_links":{"self":[{"href":"https:\/\/www.franceabris.com\/BLOG\/wp-json\/wp\/v2\/posts\/7312"}],"collection":[{"href":"https:\/\/www.franceabris.com\/BLOG\/wp-json\/wp\/v2\/posts"}],"about":[{"href":"https:\/\/www.franceabris.com\/BLOG\/wp-json\/wp\/v2\/types\/post"}],"author":[{"embeddable":true,"href":"https:\/\/www.franceabris.com\/BLOG\/wp-json\/wp\/v2\/users\/2"}],"replies":[{"embeddable":true,"href":"https:\/\/www.franceabris.com\/BLOG\/wp-json\/wp\/v2\/comments?post=7312"}],"version-history":[{"count":0,"href":"https:\/\/www.franceabris.com\/BLOG\/wp-json\/wp\/v2\/posts\/7312\/revisions"}],"wp:featuredmedia":[{"embeddable":true,"href":"https:\/\/www.franceabris.com\/BLOG\/wp-json\/wp\/v2\/media\/7219"}],"wp:attachment":[{"href":"https:\/\/www.franceabris.com\/BLOG\/wp-json\/wp\/v2\/media?parent=7312"}],"wp:term":[{"taxonomy":"category","embeddable":true,"href":"https:\/\/www.franceabris.com\/BLOG\/wp-json\/wp\/v2\/categories?post=7312"},{"taxonomy":"post_tag","embeddable":true,"href":"https:\/\/www.franceabris.com\/BLOG\/wp-json\/wp\/v2\/tags?post=7312"}],"curies":[{"name":"wp","href":"https:\/\/api.w.org\/{rel}","templated":true}]}}