{"id":7543,"date":"2016-09-15T09:00:52","date_gmt":"2016-09-15T08:00:52","guid":{"rendered":"http:\/\/www.franceabris.com\/BLOG\/?p=7543"},"modified":"2016-09-21T11:43:26","modified_gmt":"2016-09-21T10:43:26","slug":"un-abri-jardin-a-forte-pente-de-toit-pour-laltitude","status":"publish","type":"post","link":"https:\/\/www.franceabris.com\/BLOG\/un-abri-jardin-a-forte-pente-de-toit-pour-laltitude\/","title":{"rendered":"Un abri jardin \u00e0 forte pente de toit pour l&rsquo;altitude !"},"content":{"rendered":"<p style=\"text-align: justify;\">Besoin d&rsquo;une structure adapt\u00e9e \u00e0 la vie\u00a0en altitude et aux chutes de neige importante ?<br \/>\nFaites l&rsquo;acquisition\u00a0d&rsquo;un\u00a0<span style=\"text-decoration: underline; color: #800000;\"><strong><a href=\"http:\/\/www.franceabris.com\/abris-jardin-bois\/2215-id.html\" target=\"_blank\">abri de jardin en madriers de bois pente de toit \u00e9lev\u00e9e<\/a><\/strong><\/span><span style=\"color: #800000;\"><span style=\"color: #000000;\">.<br \/>\n<\/span><\/span><!--more--><br \/>\nUn toit \u00e0 forte pente\u2026 oui, mais combien ? <strong>36\u00b0<\/strong> (\u00e9quivalent \u00e0\u00a0<strong>72%<\/strong>). Ce n\u2019est pas rien, non ?<\/p>\n<p style=\"text-align: justify;\">Ce cabanon de jardin sera un alli\u00e9 id\u00e9al pour <strong>ranger votre mobilier ext\u00e9rieur<\/strong> pendant l\u2019hiver\u00a0ou stocker vos outils de bricolage et de jardinage, qui resteront au chaud et en s\u00e9curit\u00e9.<\/p>\n<p style=\"text-align: justify;\">Zoom sur cette prouesse de <strong>toit pench\u00e9<\/strong> qui risque de vous mettre la t\u00eate \u00e0 l&rsquo;envers !<\/p>\n<h2 style=\"text-align: justify;\">\u21d4 Normes et r\u00e9glementations<\/h2>\n<p style=\"text-align: justify;\">\u26d4\ufe0f \u00a0Attention, avant de commencer l\u2019installation d\u2019un abri de jardin avec une\u00a0pente de toit bien\u00a0prononc\u00e9e, un cadre\u00a0<strong>r\u00e9glementaire<\/strong>\u00a0doit \u00eatre respect\u00e9.<br \/>\nEn France les zones d\u2019am\u00e9nagement sont d\u00e9termin\u00e9es par <strong>3 crit\u00e8res<\/strong> : la <strong>situation <\/strong>de l&rsquo;abri, la <strong>zone g\u00e9ographique et climatique\u00a0<\/strong>\u00a0et le <strong>type de mat\u00e9riau<\/strong>\u00a0utilis\u00e9 pour le toit.<\/p>\n<h3 style=\"text-align: justify;\"><span style=\"color: #993300;\">&gt; La situation de l\u2019habitat :\u00a0<\/span><\/h3>\n<p style=\"text-align: justify;\">Ce crit\u00e8re \u00e9value l\u2019<strong>exposition<\/strong> de votre abri de jardin aux intemp\u00e9ries, un crit\u00e8re qui d\u00e9pend non seulement de la m\u00e9t\u00e9o, mais aussi\u00a0de son\u00a0<strong>environnement\u00a0o\u00f9\u00a0<\/strong><strong>3 situations<\/strong> peuvent \u00eatre distingu\u00e9es :<\/p>\n<p style=\"text-align: justify;\">\u2192 <strong>Situation prot\u00e9g\u00e9e<\/strong> : l&rsquo;implantation de votre abri se fait dans un environnement marqu\u00e9 par le pr\u00e9sence de collines ou de montagnes offrant une protection contre les vents les plus violents, d&rsquo;o\u00f9 qu&rsquo;ils viennent.<\/p>\n<p style=\"text-align: justify;\">\u2192 <strong>Situation n<\/strong><strong>ormale<\/strong> : le jardin dans lequel vous souhaitez installer votre abri est situ\u00e9 sur une plaine ou un plateau. En bref : peu de reliefs alentours permettant de couper le vent.<\/p>\n<p style=\"text-align: justify;\">\u2192 <strong>Situation expos\u00e9e<\/strong> : votre abri va \u00eatre une proie facile pour les intemp\u00e9ries. Situ\u00e9 en bord de mer, sur une \u00eele, dans un lieu particuli\u00e8rement expos\u00e9 comme une vall\u00e9e ou un col o\u00f9 s&rsquo;engouffre le vent, il va devoir tenir face \u00e0 de violentes rafales.<\/p>\n<p style=\"text-align: justify;\">Ainsi, en fonction de l&rsquo;exposition de votre habitation, <strong>il vous faudra\u00a0opter pour un toit \u00e0 la pente plus ou moins inclin\u00e9e<\/strong>.<\/p>\n<p style=\"text-align: justify;\">Pour\u00a0conna\u00eetre la <strong>pente minimale \u00e0 pr\u00e9voir<\/strong>, consultez la<strong> fiche technique<\/strong> ou le <strong>DTU<\/strong> (D\u00e9claration de Travaux Toiture) associ\u00e9 au produit.<\/p>\n<h3 style=\"text-align: justify;\"><span style=\"color: #993300;\">&gt; La localisation g\u00e9ographique et le climat :\u00a0<\/span><\/h3>\n<p style=\"text-align: justify;\"><a href=\"http:\/\/www.franceabris.com\/BLOG\/wp-content\/uploads\/2016\/08\/zones-climatiques.png\"><img decoding=\"async\" loading=\"lazy\" class=\"  alignleft wp-image-7563\" style=\"border: 1px solid #000000;\" title=\"Avant tous vos travaux d'installation d'abri de jardin \u00e0 forte pente, v\u00e9rifiez la localisation de votre habitation ! \" src=\"http:\/\/www.franceabris.com\/BLOG\/wp-content\/uploads\/2016\/08\/zones-climatiques-607x392.png\" alt=\"Une carte des zones climatiques pour faciliter l'implantation de votre abri \u00e0 forte pente\" width=\"366\" height=\"236\" srcset=\"https:\/\/www.franceabris.com\/BLOG\/wp-content\/uploads\/2016\/08\/zones-climatiques-607x392.png 607w, https:\/\/www.franceabris.com\/BLOG\/wp-content\/uploads\/2016\/08\/zones-climatiques-152x98.png 152w, https:\/\/www.franceabris.com\/BLOG\/wp-content\/uploads\/2016\/08\/zones-climatiques-372x240.png 372w, https:\/\/www.franceabris.com\/BLOG\/wp-content\/uploads\/2016\/08\/zones-climatiques-624x403.png 624w, https:\/\/www.franceabris.com\/BLOG\/wp-content\/uploads\/2016\/08\/zones-climatiques.png 1024w\" sizes=\"(max-width: 366px) 100vw, 366px\" \/><\/a>La pente minimale admissible d\u00e9pend de la <strong>zone g\u00e9ographique et climatique<\/strong> de l\u2019endroit o\u00f9 se trouve la localisation de l\u2019habitat.<\/p>\n<p>Dans ce cas, <strong>3 zones<\/strong> sont \u00e0 distinguer :<\/p>\n<p style=\"text-align: justify;\">\u2192\u00a0<strong>Zone 1\u00a0<\/strong>: votre abri est dans l\u2019arri\u00e8re-pays.<br \/>\nAltitude : moins de 200m,<br \/>\nOu \u00e9loignement des c\u00f4tes : plus de 40 km.<br \/>\n\u2192 \u00a0<strong>Zone 2\u00a0<\/strong>: votre abri est \u00e0 proximit\u00e9 d&rsquo;une zone d&rsquo;exposition.<br \/>\nAltitude : 200-500m,<br \/>\nOu \u00e9loignement des c\u00f4tes : 20-40km.<br \/>\n\u2192 \u00a0<strong>Zone 3\u00a0<\/strong>: votre abri est particuli\u00e8rement expos\u00e9.<br \/>\nAltitude : plus de 500m,<br \/>\nOu \u00e9loignement des c\u00f4tes : moins de 20km.<\/p>\n<h3 style=\"text-align: justify;\"><span style=\"color: #993300;\">&gt; Le mat\u00e9riau de toiture :\u00a0<\/span><\/h3>\n<p style=\"text-align: justify;\">Une fois que vous avez d\u00e9termin\u00e9 la situation et la zone g\u00e9ographique de votre habitation, vous devrez tenir compte du <strong>mat\u00e9riau utilis\u00e9 <\/strong>afin de d\u00e9terminer\u00a0la valeur de la pente du toit.<br \/>\nNotez que \u00a0cette valeur doit pouvoir \u00eatre fournie\u00a0par les fabricants.<\/p>\n<p style=\"text-align: justify;\">Les normes s\u2019appliquent \u00e0 des longueurs de toiture <strong>n\u2019exc\u00e9dant pas 12m<\/strong>\u00a0en projection horizontale.<\/p>\n<p style=\"text-align: center;\"><strong>&lt;\u00a0Cependant, pour toute demande de travaux, consultez votre mairie &gt;<\/strong><\/p>\n<h2 style=\"text-align: justify;\">\u21d4 La r\u00e9alisation du montage<\/h2>\n<p style=\"text-align: justify;\">Une fois que vous avez v\u00e9rifi\u00e9 l\u2019ensemble des crit\u00e8res ci-dessus,<strong> l\u2019installation de votre abri de jardin en bois<\/strong> peut commencer !<img decoding=\"async\" loading=\"lazy\" class=\"  alignleft wp-image-7568\" style=\"border: 1px solid #000000;\" title=\"Sortez les \u00e9l\u00e9ments de l'abri pour puis mettez-vous au montage de votre abri de jardin !\" src=\"http:\/\/www.franceabris.com\/BLOG\/wp-content\/uploads\/2016\/08\/montage.jpg\" alt=\"Des planches de bois dispos\u00e9es sur une b\u00e2che : la gen\u00e8se du montage d'un abri de jardin !\" width=\"308\" height=\"226\" srcset=\"https:\/\/www.franceabris.com\/BLOG\/wp-content\/uploads\/2016\/08\/montage.jpg 397w, https:\/\/www.franceabris.com\/BLOG\/wp-content\/uploads\/2016\/08\/montage-134x98.jpg 134w, https:\/\/www.franceabris.com\/BLOG\/wp-content\/uploads\/2016\/08\/montage-327x240.jpg 327w\" sizes=\"(max-width: 308px) 100vw, 308px\" \/><\/p>\n<p style=\"text-align: justify;\">Avant tout, il est fortement conseill\u00e9 de couler une<strong> dalle b\u00e9ton<\/strong> pour stabiliser au mieux votre abri.<\/p>\n<p style=\"text-align: justify;\">Il est ensuite important\u00a0de <strong>d\u00e9baller les \u00e9l\u00e9ments<\/strong> de votre abri deux jours avant le montage pour que le bois puisse s\u2019adapter \u00e0 l\u2019humidit\u00e9.<\/p>\n<p style=\"text-align: justify;\">Ensuite, ancrez l\u2019abri dans <strong>son socle<\/strong>. D\u00e8s le d\u00e9but de la construction, pensez bien \u00e0 respecter les <strong>coins de 90\u00b0<\/strong> entre chaque paroi. Il faut que tout reste <strong>en \u00e9querre<\/strong>.<\/p>\n<p style=\"text-align: justify;\">Continuez la construction des parois une \u00e0 une, jusqu\u2019\u00e0 ce que vous ayez plac\u00e9 les <strong>3 couches<\/strong> comme indiqu\u00e9 sur la notice explicative.<\/p>\n<p style=\"text-align: justify;\"><img decoding=\"async\" loading=\"lazy\" class=\"aligncenter wp-image-7570 size-full\" style=\"border: 1px solid #000000;\" title=\"Continuez de construire les parois jusqu'\u00e0 3 couches, votre abri de jardin vous en remerciera !\" src=\"http:\/\/www.franceabris.com\/BLOG\/wp-content\/uploads\/2016\/08\/P1120041.jpg\" alt=\"La construction d'un abri de jardin en bois \" width=\"397\" height=\"291\" srcset=\"https:\/\/www.franceabris.com\/BLOG\/wp-content\/uploads\/2016\/08\/P1120041.jpg 397w, https:\/\/www.franceabris.com\/BLOG\/wp-content\/uploads\/2016\/08\/P1120041-134x98.jpg 134w, https:\/\/www.franceabris.com\/BLOG\/wp-content\/uploads\/2016\/08\/P1120041-327x240.jpg 327w\" sizes=\"(max-width: 397px) 100vw, 397px\" \/><\/p>\n<p style=\"text-align: justify;\">Par la suite, vissez les parties masculines des charni\u00e8res dans les montants pr\u00e9-perc\u00e9s. Placez le <strong>cadre de la porte dans l&rsquo;ouverture de la fa\u00e7ade<\/strong>.<\/p>\n<p style=\"text-align: justify;\">Enfin, poursuivez la construction, comme il est indiqu\u00e9 sur les plans dans la liste d\u2019inventaire, jusqu\u2019\u00e0 \u00e9puisement des pi\u00e8ces.<\/p>\n<p style=\"text-align: justify;\">\u00a0\u00a0<img decoding=\"async\" loading=\"lazy\" class=\"alignnone wp-image-7572\" style=\"border: 1px solid #000000;\" title=\"Fixez la porte de l'abri de jardin \u00e0 l'endroit pr\u00e9vu \u00e0 cet effet \" src=\"http:\/\/www.franceabris.com\/BLOG\/wp-content\/uploads\/2016\/08\/montage-1.jpg\" alt=\"Un abri de jardin en bois en construction \" width=\"274\" height=\"201\" srcset=\"https:\/\/www.franceabris.com\/BLOG\/wp-content\/uploads\/2016\/08\/montage-1.jpg 397w, https:\/\/www.franceabris.com\/BLOG\/wp-content\/uploads\/2016\/08\/montage-1-134x98.jpg 134w, https:\/\/www.franceabris.com\/BLOG\/wp-content\/uploads\/2016\/08\/montage-1-327x240.jpg 327w\" sizes=\"(max-width: 274px) 100vw, 274px\" \/>\u00a0<img decoding=\"async\" loading=\"lazy\" class=\"alignnone wp-image-7573\" style=\"border: 1px solid #000000;\" title=\"Poursuivez la construction pour obtenir votre bel abri de jardin en bois au toit \u00e0 forte pente ! \" src=\"http:\/\/www.franceabris.com\/BLOG\/wp-content\/uploads\/2016\/08\/P1120056.jpg\" alt=\"Un abri de jardin en bois vu de l'int\u00e9rieur \" width=\"272\" height=\"199\" srcset=\"https:\/\/www.franceabris.com\/BLOG\/wp-content\/uploads\/2016\/08\/P1120056.jpg 397w, https:\/\/www.franceabris.com\/BLOG\/wp-content\/uploads\/2016\/08\/P1120056-134x98.jpg 134w, https:\/\/www.franceabris.com\/BLOG\/wp-content\/uploads\/2016\/08\/P1120056-327x240.jpg 327w\" sizes=\"(max-width: 272px) 100vw, 272px\" \/><\/p>\n<p style=\"text-align: justify;\"><em><strong>N.B<\/strong><\/em>\u00a0<strong><em>:<\/em><\/strong> Le montage est<strong> simple<\/strong> et <strong>rapide<\/strong>. Vous obtenez ce r\u00e9sultat en 2 jours seulement avec l\u2019aide d\u2019un ami !<\/p>\n<p style=\"text-align: justify;\"><img decoding=\"async\" loading=\"lazy\" class=\"aligncenter wp-image-7577 size-full\" style=\"border: 1px solid #000000;\" title=\"Le r\u00e9sultat de vos longues heures de travail : un abri de jardin mont\u00e9 et son toit \u00e0 forte inclinaison !\" src=\"http:\/\/www.franceabris.com\/BLOG\/wp-content\/uploads\/2016\/08\/P1120119.jpg\" alt=\"Un abri en bois dans un jardin avec un toit forte pente\" width=\"397\" height=\"291\" srcset=\"https:\/\/www.franceabris.com\/BLOG\/wp-content\/uploads\/2016\/08\/P1120119.jpg 397w, https:\/\/www.franceabris.com\/BLOG\/wp-content\/uploads\/2016\/08\/P1120119-134x98.jpg 134w, https:\/\/www.franceabris.com\/BLOG\/wp-content\/uploads\/2016\/08\/P1120119-327x240.jpg 327w\" sizes=\"(max-width: 397px) 100vw, 397px\" \/><\/p>\n<h2><span style=\"color: #000000;\">\u21d4 Un abri aux multiples atouts<\/span><\/h2>\n<h3><span style=\"color: #993300;\">\u203a Un rangement pour vos outils :\u00a0<\/span><\/h3>\n<p style=\"text-align: justify;\">L\u2019abri de jardin en bois est un alli\u00e9 indispensable pour <strong>ranger votre mobilier ext\u00e9rieur<\/strong> afin de le prot\u00e9ger de la pluie et des intemp\u00e9ries. Lorsqu&rsquo;il est muni d&rsquo;une\u00a0<strong>double porte<\/strong>, vous pouvez ais\u00e9ment ranger vos objets les plus volumineux.<\/p>\n<p style=\"text-align: justify;\">V\u00e9ritable <strong>espace \u00e0 vivre,<\/strong>\u00a0il se transforme en salle de jeux pour vos enfants ou en espace bureau. Avec ses 2 fen\u00eatres et sa double-porte vitr\u00e9e, il b\u00e9n\u00e9ficie d&rsquo;une importante\u00a0<strong>lumi\u00e8re naturelle\u00a0<\/strong>qui le rend tr\u00e8s plaisant \u00e0 l&rsquo;usage.<\/p>\n<h3><span style=\"color: #993300;\">\u203a Un toit \u00e0\u00a0forte pente :\u00a0<\/span><\/h3>\n<p style=\"text-align: justify;\">Le plus de cet abri de jardin qui le rend unique\u00a0: son <strong>toit en forte pente<\/strong>.<br \/>\nDe <strong>36\u00b0 (72%)<\/strong>, ce n\u2019est pas n\u00e9gligeable\u00a0! Ce degr\u00e9 permet d\u2019<strong>installer l&rsquo;abri en altitude<\/strong>.<\/p>\n<p style=\"text-align: justify;\">En effet, le toit en pente permet de maintenir une <strong>bonne protection<\/strong> de votre toiture. Il <strong>prot\u00e8ge<\/strong> la maison, <strong>r\u00e9siste au vent, \u00e0 la neige et aux intemp\u00e9ries<\/strong>.<\/p>\n<p style=\"text-align: justify;\">En outre, l\u2019abri est vendu avec du <strong>bardeau rouge, noir, brun ou vert <\/strong>pour qu\u2019il puisse s\u2019adapter esth\u00e9tiquement \u00e0 votre jardin.<\/p>\n<p style=\"text-align: justify;\">.<img decoding=\"async\" loading=\"lazy\" class=\"alignnone wp-image-7581\" style=\"border: 1px solid #000000;\" title=\"Le toit pench\u00e9 de l'abri de jardin s'adapte \u00e0 l'altitude ! \" src=\"http:\/\/www.franceabris.com\/BLOG\/wp-content\/uploads\/2016\/08\/toit--e1471526580555.jpg\" alt=\"Le toit fortement inclin\u00e9 d'un abri de jardin en bois \" width=\"297\" height=\"222\" srcset=\"https:\/\/www.franceabris.com\/BLOG\/wp-content\/uploads\/2016\/08\/toit--e1471526580555.jpg 386w, https:\/\/www.franceabris.com\/BLOG\/wp-content\/uploads\/2016\/08\/toit--e1471526580555-131x98.jpg 131w, https:\/\/www.franceabris.com\/BLOG\/wp-content\/uploads\/2016\/08\/toit--e1471526580555-322x240.jpg 322w\" sizes=\"(max-width: 297px) 100vw, 297px\" \/>\u00a0<img decoding=\"async\" loading=\"lazy\" class=\"alignnone wp-image-7582\" style=\"border: 1px solid #000000;\" title=\"L'abri de jardin bois est vendu avec du bardeau pour se fondre dans le d\u00e9cor du jardin ! \" src=\"http:\/\/www.franceabris.com\/BLOG\/wp-content\/uploads\/2016\/08\/P1120371.jpg\" alt=\"Le toit fortement inclin\u00e9 d'un abri de jardin \" width=\"303\" height=\"222\" srcset=\"https:\/\/www.franceabris.com\/BLOG\/wp-content\/uploads\/2016\/08\/P1120371.jpg 397w, https:\/\/www.franceabris.com\/BLOG\/wp-content\/uploads\/2016\/08\/P1120371-134x98.jpg 134w, https:\/\/www.franceabris.com\/BLOG\/wp-content\/uploads\/2016\/08\/P1120371-327x240.jpg 327w\" sizes=\"(max-width: 303px) 100vw, 303px\" \/><\/p>\n<p style=\"text-align: justify;\">Vous pouvez m\u00eame le peindre au gr\u00e9 de vos envies et le personnaliser avec des pochoirs\u00a0!<\/p>\n<p><span style=\"line-height: 1.714285714; font-size: 1rem;\">Si vous ne succombez pas \u00e0 cet abri en bois, vous trouvez s\u00fbrement votre bonheur dans <\/span><span style=\"color: #993300;\"><a style=\"color: #993300;\" href=\"http:\/\/www.franceabris.com\/10-abri-jardin\" target=\"_blank\"><strong>la gamme de notre site marchand<\/strong><\/a><\/span><span style=\"line-height: 1.714285714; font-size: 1rem;\">.<\/span><\/p>\n","protected":false},"excerpt":{"rendered":"<p>Besoin d&rsquo;une structure adapt\u00e9e \u00e0 la vie\u00a0en altitude et aux chutes de neige importante ? Faites l&rsquo;acquisition\u00a0d&rsquo;un\u00a0abri de jardin en madriers de bois pente de toit \u00e9lev\u00e9e.<\/p>\n","protected":false},"author":2,"featured_media":7544,"comment_status":"closed","ping_status":"closed","sticky":false,"template":"","format":"standard","meta":[],"categories":[3],"tags":[],"_links":{"self":[{"href":"https:\/\/www.franceabris.com\/BLOG\/wp-json\/wp\/v2\/posts\/7543"}],"collection":[{"href":"https:\/\/www.franceabris.com\/BLOG\/wp-json\/wp\/v2\/posts"}],"about":[{"href":"https:\/\/www.franceabris.com\/BLOG\/wp-json\/wp\/v2\/types\/post"}],"author":[{"embeddable":true,"href":"https:\/\/www.franceabris.com\/BLOG\/wp-json\/wp\/v2\/users\/2"}],"replies":[{"embeddable":true,"href":"https:\/\/www.franceabris.com\/BLOG\/wp-json\/wp\/v2\/comments?post=7543"}],"version-history":[{"count":0,"href":"https:\/\/www.franceabris.com\/BLOG\/wp-json\/wp\/v2\/posts\/7543\/revisions"}],"wp:featuredmedia":[{"embeddable":true,"href":"https:\/\/www.franceabris.com\/BLOG\/wp-json\/wp\/v2\/media\/7544"}],"wp:attachment":[{"href":"https:\/\/www.franceabris.com\/BLOG\/wp-json\/wp\/v2\/media?parent=7543"}],"wp:term":[{"taxonomy":"category","embeddable":true,"href":"https:\/\/www.franceabris.com\/BLOG\/wp-json\/wp\/v2\/categories?post=7543"},{"taxonomy":"post_tag","embeddable":true,"href":"https:\/\/www.franceabris.com\/BLOG\/wp-json\/wp\/v2\/tags?post=7543"}],"curies":[{"name":"wp","href":"https:\/\/api.w.org\/{rel}","templated":true}]}}