{"id":7799,"date":"2016-10-25T08:00:45","date_gmt":"2016-10-25T07:00:45","guid":{"rendered":"http:\/\/www.franceabris.com\/BLOG\/?p=7799"},"modified":"2016-11-09T11:22:30","modified_gmt":"2016-11-09T10:22:30","slug":"de-la-lumiere-dans-votre-abri-de-jardin-loption-skylight-ou-puit-de-lumiere","status":"publish","type":"post","link":"https:\/\/www.franceabris.com\/BLOG\/de-la-lumiere-dans-votre-abri-de-jardin-loption-skylight-ou-puit-de-lumiere\/","title":{"rendered":"De la lumi\u00e8re dans votre abri de jardin : l&rsquo;option skylight ou puit de lumi\u00e8re !"},"content":{"rendered":"<p style=\"text-align: justify;\">Croyez-nous : apr\u00e8s avoir install\u00e9 votre abri de jardin, vous remarquerez rapidement qu&rsquo;il lui manque un petit quelque chose\u2026 La lumi\u00e8re !<\/p>\n<p style=\"text-align: justify;\"><strong>Car un abri, quelles que soient ses dimensions, sert g\u00e9n\u00e9ralement d&rsquo;espace de stockage.<\/strong> Tout du moins, accueille des outils, du mat\u00e9riel, du mobilier de jardin\u2026 Bref, ce qui ne se range pas facilement ailleurs.\u00a0Mais, \u00e9videmment, plus vous encombrerez votre abri, plus vous devrez farfouiller pour trouver ce que vous cherchez.<\/p>\n<p style=\"text-align: justify;\">C&rsquo;est \u00e0 ce moment pr\u00e9cis, lorsque vous t\u00e2tonnerez un soir de d\u00e9cembre pour retrouver votre caisse \u00e0 outils dans l&rsquo;obscurit\u00e9 de votre petit abri, que vous regretterez de ne pas avoir un peu de luminosit\u00e9 pour vous faciliter la t\u00e2che.<\/p>\n<p style=\"text-align: justify;\">Pour \u00e9viter une telle situation, deux possibilit\u00e9s : <strong>une alimentation \u00e9lectrique dans votre d\u00e9pendance<\/strong> ; ou <strong>le choix d&rsquo;un abri de jardin muni d&rsquo;un skylight, d&rsquo;un puit de lumi\u00e8re<\/strong>.<\/p>\n<h2 style=\"text-align: justify;\">L&rsquo;ALIMENTATION \u00c9LECTRIQUE<\/h2>\n<p><img decoding=\"async\" loading=\"lazy\" class=\"alignright wp-image-7810 size-large\" title=\"Permettre une alimentation \u00e9lectrique dans votre abri de jardin, cela n\u00e9cessite un sacr\u00e9 boulot (cr\u00e9dit photo : Pinterest\/Chantiers Correntis)\" src=\"http:\/\/www.franceabris.com\/BLOG\/wp-content\/uploads\/2016\/09\/tableau-dalimentation-\u00e9lectrique-abri-skylight-4-328x437.jpg\" alt=\"tableau alimentation \u00e9lectrique pour votre abri de jardin\" width=\"328\" height=\"437\" srcset=\"https:\/\/www.franceabris.com\/BLOG\/wp-content\/uploads\/2016\/09\/tableau-dalimentation-\u00e9lectrique-abri-skylight-4-328x437.jpg 328w, https:\/\/www.franceabris.com\/BLOG\/wp-content\/uploads\/2016\/09\/tableau-dalimentation-\u00e9lectrique-abri-skylight-4-74x98.jpg 74w, https:\/\/www.franceabris.com\/BLOG\/wp-content\/uploads\/2016\/09\/tableau-dalimentation-\u00e9lectrique-abri-skylight-4-180x240.jpg 180w, https:\/\/www.franceabris.com\/BLOG\/wp-content\/uploads\/2016\/09\/tableau-dalimentation-\u00e9lectrique-abri-skylight-4.jpg 564w\" sizes=\"(max-width: 328px) 100vw, 328px\" \/>Une option r\u00e9serv\u00e9e aux plus bricoleurs ! Pourquoi ? Voici les diff\u00e9rentes \u00e9tapes :<\/p>\n<ul>\n<li><strong>Creuser une tranch\u00e9e<\/strong> de 70 cm de profondeur \u00e0 l&rsquo;ext\u00e9rieur de la maison, entre votre tableau d&rsquo;alimentation principale et votre abri ;<\/li>\n<\/ul>\n<ul>\n<li><strong>Am\u00e9nager la tranch\u00e9e<\/strong> correctement avec sable, gaines, grillage avertisseur\u00a0;<\/li>\n<\/ul>\n<ul>\n<li><strong>Utiliser un c\u00e2ble blind\u00e9<\/strong> qui devra tenir compte de la distance, de l&rsquo;amp\u00e9rage demand\u00e9, des \u00e9ventuelles chutes de tension ;<\/li>\n<\/ul>\n<ul>\n<li><strong>Installer un panneau divisionnaire<\/strong> dans l&rsquo;abri avec para-foudre, interrupteur diff\u00e9rentiel, disjoncteurs divisionnaires\u2026 ;<\/li>\n<\/ul>\n<ul>\n<li><strong>Installer vos prises<\/strong>, ainsi qu&rsquo;une prise de terre \u00e0 proximit\u00e9.<\/li>\n<\/ul>\n<p style=\"text-align: justify;\"><strong>Si<\/strong> votre abri a vocation \u00e0 devenir un atelier de travail et de bricolage, o\u00f9 vous ferez, par exemple, de\u00a0la\u00a0menuiserie ou de la soudure, il vous faudra effectivement envisager cette alimentation \u00e9lectrique. <strong>Difficile de se passer de prises, \u00e0 moins d&rsquo;avoir, chez soi, des rallonges suffisamment grandes<\/strong> (il en existe de 25, 40, 50 m\u00e8tres\u2026 avec enrouleur dans les magasins de bricolage).<\/p>\n<p style=\"text-align: justify;\"><strong>Si<\/strong> vous comptez vous en servir de d\u00e9barras, d&rsquo;appentis o\u00f9 ranger du mat\u00e9riel, des outils, des jeux pour vos enfants et, \u00e9ventuellement, bricoler une fois de temps en temps, <strong>vous aurez surtout besoin de lumi\u00e8re \u00e0 l&rsquo;int\u00e9rieur<\/strong> pour trouver ce que vous cherchez.<\/p>\n<p style=\"text-align: justify;\">Le probl\u00e8me de la lumi\u00e8re, c&rsquo;est le choix du mod\u00e8le d&rsquo;abri qui doit pouvoir le r\u00e9soudre !<\/p>\n<h2 style=\"text-align: justify;\">OPTER POUR UN ABRI DE JARDIN AVEC SKYLIGHT\/PUIT DE LUMI\u00c8RE<\/h2>\n<p style=\"text-align: justify;\"><img decoding=\"async\" loading=\"lazy\" class=\"alignleft wp-image-7809 size-large\" title=\"Des puits de lumi\u00e8re pour plus de luminosit\u00e9, une \u00e9vidence ! (cr\u00e9dit photo : Pinterest\/journal-du-design.fr)\" src=\"http:\/\/www.franceabris.com\/BLOG\/wp-content\/uploads\/2016\/09\/maison-avec-skylight-abri-skylight-5-292x437.jpg\" alt=\"Puit de lumi\u00e8re skylight dans une maison\" width=\"292\" height=\"437\" srcset=\"https:\/\/www.franceabris.com\/BLOG\/wp-content\/uploads\/2016\/09\/maison-avec-skylight-abri-skylight-5-292x437.jpg 292w, https:\/\/www.franceabris.com\/BLOG\/wp-content\/uploads\/2016\/09\/maison-avec-skylight-abri-skylight-5-65x98.jpg 65w, https:\/\/www.franceabris.com\/BLOG\/wp-content\/uploads\/2016\/09\/maison-avec-skylight-abri-skylight-5-160x240.jpg 160w, https:\/\/www.franceabris.com\/BLOG\/wp-content\/uploads\/2016\/09\/maison-avec-skylight-abri-skylight-5.jpg 564w\" sizes=\"(max-width: 292px) 100vw, 292px\" \/>Sur FRANCE ABRIS, de nombreux abris de jardins munis de skylights ou de puits de lumi\u00e8re vous sont propos\u00e9s. Ce dernier, en architecture, <a href=\"https:\/\/fr.wiktionary.org\/wiki\/puits_de_lumi%C3%A8re\" target=\"_blank\">selon la d\u00e9finition consacr\u00e9e<\/a>, correspond \u00e0 une :<\/p>\n<blockquote>\n<p style=\"text-align: center;\">Gaine perc\u00e9e verticalement dans un b\u00e2timent afin de donner de la lumi\u00e8re.<br \/>\n<strong>ou<\/strong><br \/>\nOuverture ayant pour objectif de laisser passer la lumi\u00e8re du jour dans une construction.<\/p>\n<\/blockquote>\n<p style=\"text-align: justify;\">\u00a0Bref, de la lumi\u00e8re naturelle.<\/p>\n<p style=\"text-align: justify;\">Cette lumi\u00e8re naturelle ne vous permettra pas de bricoler ou de faire du rangement\u00a0dans votre abri la nuit venue sans lampe de poche, mais elle allongera l&rsquo;usage ais\u00e9 que vous en aurez en journ\u00e9e.<\/p>\n<h3 style=\"text-align: justify;\">Le skylight pour\u2026<\/h3>\n<ul>\n<li style=\"text-align: justify;\"><strong>\u2026 un abri de jardin en r\u00e9sine<\/strong><\/li>\n<\/ul>\n<p style=\"text-align: justify;\"><a href=\"http:\/\/www.franceabris.com\/abri-jardin-pvc\/2076-id.html\" target=\"_blank\">Dans le cas de cet abri de jardin en r\u00e9sine<\/a><a href=\"http:\/\/www.franceabris.com\/abri-jardin-pvc\/2076-id.html\" target=\"_blank\"><img decoding=\"async\" loading=\"lazy\" class=\"  alignright wp-image-7808\" title=\"Les panneaux de cet abri de jardin en r\u00e9sine laissent passer la lumi\u00e8re\" src=\"http:\/\/www.franceabris.com\/BLOG\/wp-content\/uploads\/2016\/09\/abri-r\u00e9sine-skylight-1.jpg\" alt=\"Abri jardin r\u00e9sine PVC avec skylight et puit de lumi\u00e8re\" width=\"310\" height=\"227\" srcset=\"https:\/\/www.franceabris.com\/BLOG\/wp-content\/uploads\/2016\/09\/abri-r\u00e9sine-skylight-1.jpg 397w, https:\/\/www.franceabris.com\/BLOG\/wp-content\/uploads\/2016\/09\/abri-r\u00e9sine-skylight-1-134x98.jpg 134w, https:\/\/www.franceabris.com\/BLOG\/wp-content\/uploads\/2016\/09\/abri-r\u00e9sine-skylight-1-327x240.jpg 327w\" sizes=\"(max-width: 310px) 100vw, 310px\" \/><\/a>, l&rsquo;ensemble est con\u00e7u en polycarbonate sur une structure en r\u00e9sine. Non seulement cet abri de 5 m\u00b2 b\u00e9n\u00e9ficie d&rsquo;une double porte qui laisse d&rsquo;autant plus p\u00e9n\u00e9trer la lumi\u00e8re, mais, en plus, il est nanti d&rsquo;une <strong>toiture transparente, potentiellement recouverte d&rsquo;un filtre solaire<\/strong>, pour garantir une luminosit\u00e9 naturelle non-agressive en journ\u00e9e.<\/p>\n<p style=\"text-align: justify;\">Les couvertures qui laissent passer la lumi\u00e8re tout en bloquant les rayons ultraviolets sont d&rsquo;ailleurs un grand classique. Certes, dans le cas d&rsquo;un abri de petite taille, l&rsquo;utilit\u00e9 d&rsquo;un skylight est moins av\u00e9r\u00e9e, mais vous n&rsquo;aurez surtout clairement pas besoin d&rsquo;alimentation \u00e9lectrique.<\/p>\n<ul>\n<li style=\"text-align: justify;\"><strong>\u2026 un abri de jardin m\u00e9tallique<\/strong><\/li>\n<\/ul>\n<p style=\"text-align: justify;\"><a href=\"http:\/\/www.franceabris.com\/abri-jardin-metal\/513-id.html\" target=\"_blank\">Bon exemple que cet abri de 9 m\u00b2 en zincalume<\/a><a href=\"http:\/\/www.franceabris.com\/abri-jardin-metal\/513-id.html\" target=\"_blank\"><img decoding=\"async\" loading=\"lazy\" class=\"  alignleft wp-image-7807\" title=\"Sur la couverture d'un abri m\u00e9tallique peuvent \u00eatre greff\u00e9s des skylights en polycarbonate\" src=\"http:\/\/www.franceabris.com\/BLOG\/wp-content\/uploads\/2016\/09\/abri-m\u00e9tal-skylight-2.jpg\" alt=\"Abri m\u00e9tallique avec toiture skylight en polycarbonate\" width=\"265\" height=\"194\" srcset=\"https:\/\/www.franceabris.com\/BLOG\/wp-content\/uploads\/2016\/09\/abri-m\u00e9tal-skylight-2.jpg 397w, https:\/\/www.franceabris.com\/BLOG\/wp-content\/uploads\/2016\/09\/abri-m\u00e9tal-skylight-2-134x98.jpg 134w, https:\/\/www.franceabris.com\/BLOG\/wp-content\/uploads\/2016\/09\/abri-m\u00e9tal-skylight-2-327x240.jpg 327w\" sizes=\"(max-width: 265px) 100vw, 265px\" \/><\/a>, offrant une r\u00e9sistance \u00e0 la corrosion bien sup\u00e9rieure \u00e0 la moyenne. Car vous pouvez lui adjoindre l&rsquo;option skylight sans probl\u00e8me ! <strong>Sa couverture m\u00e9tallique int\u00e9grera alors des panneaux transparents<\/strong>, potentiellement en polycarbonate.<\/p>\n<p style=\"text-align: justify;\">En fonction du nombre de panneaux et de leur emplacement, vous pourrez ais\u00e9ment inonder votre abri de lumi\u00e8re, m\u00eame s&rsquo;il va sans dire qu&rsquo;il ne faut pas non plus transformer un abri s&rsquo;appuyant sur les vertus du m\u00e9tal en simple abri plastique.<\/p>\n<ul>\n<li style=\"text-align: justify;\"><strong>\u2026 un abri de jardin en bois<\/strong><\/li>\n<\/ul>\n<p style=\"text-align: justify;\"><a href=\"http:\/\/www.franceabris.com\/abris-jardin-bois\/2229-id-.html\" target=\"_blank\">Cet abri en panneaux de bois de 28 millim\u00e8tres<\/a> s&rsquo;appuie sur une toiture en \u00e9pic\u00e9a avec couverture en feutre bitumeux vert, un classique parmi les classiques. D&rsquo;une surface de 10 m\u00b2, soit l&rsquo;\u00e9quivalent d&rsquo;une petite pi\u00e8ce suppl\u00e9mentaire, il peut \u00eatre non seulement un espace de rangement, mais aussi de travail et de bricolage avec, par exemple, un petit atelier.<img decoding=\"async\" loading=\"lazy\" class=\"  aligncenter wp-image-7805\" title=\"Pour cet abri bois, le puit de lumi\u00e8re consiste en une s\u00e9rie d'ouvertures sur la fa\u00e7ade\" src=\"http:\/\/www.franceabris.com\/BLOG\/wp-content\/uploads\/2016\/09\/abri-bois-skylight-3.jpg\" alt=\"Abris bois avec skylights int\u00e9gr\u00e9\" width=\"298\" height=\"218\" srcset=\"https:\/\/www.franceabris.com\/BLOG\/wp-content\/uploads\/2016\/09\/abri-bois-skylight-3.jpg 397w, https:\/\/www.franceabris.com\/BLOG\/wp-content\/uploads\/2016\/09\/abri-bois-skylight-3-134x98.jpg 134w, https:\/\/www.franceabris.com\/BLOG\/wp-content\/uploads\/2016\/09\/abri-bois-skylight-3-327x240.jpg 327w\" sizes=\"(max-width: 298px) 100vw, 298px\" \/><\/p>\n<p style=\"text-align: justify;\">C&rsquo;est pour cette raison qu&rsquo;un skylight lui a \u00e9t\u00e9 ajoint. <strong>Ce puit de lumi\u00e8re diff\u00e8re un peu des deux pr\u00e9c\u00e9dents, puisqu&rsquo;il s&rsquo;agit de simples ouvertures courant sur la fa\u00e7ade,<\/strong> au-dessus de la double porte d&rsquo;entr\u00e9e. Pour peu que vous l&rsquo;installiez de fa\u00e7on \u00e0 ce qu&rsquo;il soit bien expos\u00e9 au soleil, vous aurez, en plus de la double porte, un adjuvant essentiel \u00e0 la luminosit\u00e9 int\u00e9rieure.<\/p>\n<p style=\"text-align: justify;\">Sans affirmer qu&rsquo;un skylight\/puit de lumi\u00e8re est un \u00e9l\u00e9ment incontournable pour un abri de jardin, on ne peut qu&rsquo;insister sur le r\u00f4le important qu&rsquo;il occupe !<\/p>\n","protected":false},"excerpt":{"rendered":"<p>Croyez-nous : apr\u00e8s avoir install\u00e9 votre abri de jardin, vous remarquerez rapidement qu&rsquo;il lui manque un petit quelque chose\u2026 La lumi\u00e8re ! Car un abri, quelles que soient ses dimensions, sert g\u00e9n\u00e9ralement d&rsquo;espace de stockage. Tout du moins, accueille des outils, du mat\u00e9riel, du mobilier de jardin\u2026 Bref, ce qui ne se range pas facilement &hellip; <a href=\"https:\/\/www.franceabris.com\/BLOG\/de-la-lumiere-dans-votre-abri-de-jardin-loption-skylight-ou-puit-de-lumiere\/\" class=\"more-link\">Continuer la lecture de <span class=\"screen-reader-text\">De la lumi\u00e8re dans votre abri de jardin : l&rsquo;option skylight ou puit de lumi\u00e8re !<\/span><\/a><\/p>\n","protected":false},"author":2,"featured_media":7806,"comment_status":"closed","ping_status":"closed","sticky":false,"template":"","format":"standard","meta":[],"categories":[3],"tags":[],"_links":{"self":[{"href":"https:\/\/www.franceabris.com\/BLOG\/wp-json\/wp\/v2\/posts\/7799"}],"collection":[{"href":"https:\/\/www.franceabris.com\/BLOG\/wp-json\/wp\/v2\/posts"}],"about":[{"href":"https:\/\/www.franceabris.com\/BLOG\/wp-json\/wp\/v2\/types\/post"}],"author":[{"embeddable":true,"href":"https:\/\/www.franceabris.com\/BLOG\/wp-json\/wp\/v2\/users\/2"}],"replies":[{"embeddable":true,"href":"https:\/\/www.franceabris.com\/BLOG\/wp-json\/wp\/v2\/comments?post=7799"}],"version-history":[{"count":0,"href":"https:\/\/www.franceabris.com\/BLOG\/wp-json\/wp\/v2\/posts\/7799\/revisions"}],"wp:featuredmedia":[{"embeddable":true,"href":"https:\/\/www.franceabris.com\/BLOG\/wp-json\/wp\/v2\/media\/7806"}],"wp:attachment":[{"href":"https:\/\/www.franceabris.com\/BLOG\/wp-json\/wp\/v2\/media?parent=7799"}],"wp:term":[{"taxonomy":"category","embeddable":true,"href":"https:\/\/www.franceabris.com\/BLOG\/wp-json\/wp\/v2\/categories?post=7799"},{"taxonomy":"post_tag","embeddable":true,"href":"https:\/\/www.franceabris.com\/BLOG\/wp-json\/wp\/v2\/tags?post=7799"}],"curies":[{"name":"wp","href":"https:\/\/api.w.org\/{rel}","templated":true}]}}