{"id":7940,"date":"2016-12-13T06:00:37","date_gmt":"2016-12-13T05:00:37","guid":{"rendered":"http:\/\/www.franceabris.com\/BLOG\/?p=7940"},"modified":"2026-02-18T15:17:41","modified_gmt":"2026-02-18T14:17:41","slug":"une-region-un-abri-garage-26-moyenne-montagne-et-abris-en-bois","status":"publish","type":"post","link":"https:\/\/www.franceabris.com\/BLOG\/une-region-un-abri-garage-26-moyenne-montagne-et-abris-en-bois\/","title":{"rendered":"Une r\u00e9gion, un abri garage  (2\/6)  : moyenne montagne et abris en bois"},"content":{"rendered":"<p style=\"text-align: justify;\"><strong>Il ne faut pas n\u00e9gliger la m\u00e9t\u00e9o quotidienne et votre situation g\u00e9ographique dans le choix de votre abri ou de votre garage. FRANCE ABRIS vous conseille au travers d\u2019une petite s\u00e9rie bimestrielle, \u00ab\u00a0Une r\u00e9gion, un abri garage\u00a0\u00bb, qui vous aiguillera dans votre choix. Aujourd\u2019hui, les abris garages install\u00e9s dans des r\u00e9gions de moyenne montagne\u2026<br \/>\nQuel mat\u00e9riau choisir ?<\/strong><\/p>\n<p style=\"text-align: justify;\"><em>Tous nos articles \u00ab\u00a0Une r\u00e9gion, un abri\u00a0\u00bb :<\/em><a href=\"http:\/\/www.franceabris.com\/BLOG\/une-region-un-abri-garage-16-envisager-un-garage-pvc-dans-une-region-pluvieuse\/\" target=\"_blank\" rel=\"noopener noreferrer\"><strong><br \/>\n<\/strong><\/a><strong>\u2192<\/strong> <a href=\"http:\/\/www.franceabris.com\/BLOG\/une-region-un-abri-garage-16-envisager-un-garage-pvc-dans-une-region-pluvieuse\/\" target=\"_blank\" rel=\"noopener noreferrer\">Une r\u00e9gion, un abri garage (1\/6) :<span style=\"color: #ff9900;\"> envisager un garage PVC dans une r\u00e9gion pluvieuse !<\/span><\/a><br \/>\n<strong>\u2192<\/strong> <a href=\"http:\/\/www.franceabris.com\/BLOG\/une-region-un-abri-garage-26-moyenne-montagne-et-abris-en-bois\/\" target=\"_blank\" rel=\"noopener noreferrer\">Une r\u00e9gion, un abri garage (2\/6) :<span style=\"color: #ff9900;\"> moyenne montagne et abris en bois<br \/>\n<\/span><\/a><strong>\u2192<\/strong> <a href=\"http:\/\/www.franceabris.com\/BLOG\/une-region-un-abri-garage-36-garages-en-bois-en-plaines-et-regions-exposees-au-vent\/\">Une r\u00e9gion, un abri garage (3\/6) :\u00a0<span style=\"color: #ff9900;\">garages en bois en plaines et r\u00e9gions expos\u00e9es au vent (f\u00e9vrier 2017)<\/span><\/a><br \/>\n<strong>\u2192<\/strong> <a href=\"http:\/\/www.franceabris.com\/BLOG\/une-region-un-abri-garage-46-en-ville-une-solution-dabri-garage-en-pvc\/\" target=\"_blank\" rel=\"noopener noreferrer\">Une r\u00e9gion, un abri garage (4\/6) :<span style=\"color: #ff9900;\">\u00a0en ville, une solution d&rsquo;abri garage en PVC ? (avril 2017)<\/span><\/a><br \/>\n<strong>\u2192<\/strong> <a href=\"http:\/\/www.franceabris.com\/BLOG\/une-region-un-abri-garage-56-face-au-vent-de-locean-des-abris-garages-pvc-ou-metalliques\/\" target=\"_blank\" rel=\"noopener\">Une r\u00e9gion, un abri garage (5\/6) :\u00a0<span style=\"color: #ff9900;\">face au vent de l&rsquo;oc\u00e9an, des abris garages PVC ou m\u00e9talliques (juin 2017)<\/span><\/a><br \/>\n<strong>\u2192<\/strong> Une r\u00e9gion, un abri garage (6\/6) :\u00a0<span style=\"color: #ff9900;\">un garage en m\u00e9tal dans le sud m\u00e9diterran\u00e9en (ao\u00fbt 2017)<\/span><\/p>\n<p>La neige en hiver, des basses temp\u00e9ratures, un relief pas toujours \u00e9vident\u2026 La moyenne montagne, entre 1000 et 2000 m\u00e8tres d&rsquo;altitude, pr\u00e9sente bien des difficult\u00e9s pour qui veut installer un abri de jardin ou un garage chez lui.<\/p>\n<p style=\"text-align: justify;\">Quelle mati\u00e8re pour cet abri garage ? Quel abri de jardin choisir ?<\/p>\n<p style=\"text-align: justify;\">Pas facile de d\u00e9nicher le garage le plus durable dans une r\u00e9gion o\u00f9 les agressions ext\u00e9rieures peuvent \u00eatre nombreuses. Alors suivez le guide !<\/p>\n<h2 style=\"text-align: justify;\">ABRIS GARAGES, QUELLE MATI\u00c8RE CHOISIR DANS LES R\u00c9GIONS DE MOYENNE MONTAGNE\u00a0?<\/h2>\n<p style=\"text-align: justify;\">Parlons peu, parlons bien : <span style=\"color: #ff9900;\"><a style=\"color: #ff9900;\" href=\"http:\/\/www.franceabris.com\/288-abri-jardin-d-altitude\" target=\"_blank\" rel=\"noopener noreferrer\">si des gens construisent des chalets en bois \u00e0 la montagne depuis des si\u00e8cles, ce n&rsquo;est pas pour rien<\/a><\/span>. <strong>Oui, le bois est un mat\u00e9riau pleinement adapt\u00e9 dans ces zones g\u00e9ographiques.<\/strong> Et, ce, pour diverses raisons :<\/p>\n<ul style=\"text-align: justify;\">\n<li><strong>Le bois est un bon isolant thermique<\/strong> et, dans une structure en bois, la chaleur a tendance \u00e0 rester plut\u00f4t que de s&rsquo;\u00e9chapper \u00e0 la premi\u00e8re occasion\u2026 Ainsi, si l&rsquo;on compare les coefficients de conductibilit\u00e9 thermique de l&rsquo;\u00e9pic\u00e9a \u00e0 ceux du b\u00e9ton et de l&rsquo;acier, on constate que le premier est\u00a0respectivement 15 fois et 430 fois plus isolant. Pour qui envisage de rester assis dans son abri ou son garage pour bricoler, c&rsquo;est un argument qui compte !<\/li>\n<\/ul>\n<figure id=\"attachment_9437\" aria-describedby=\"caption-attachment-9437\" style=\"width: 396px\" class=\"wp-caption aligncenter\"><img decoding=\"async\" loading=\"lazy\" class=\"wp-image-9437 size-full\" style=\"border: 1px solid #000000;\" src=\"https:\/\/www.franceabris.com\/BLOG\/wp-content\/uploads\/2016\/12\/abri-de-jardin-bois-moyenne-montagne.jpg\" alt=\"garage bois en kit\" width=\"396\" height=\"290\" srcset=\"https:\/\/www.franceabris.com\/BLOG\/wp-content\/uploads\/2016\/12\/abri-de-jardin-bois-moyenne-montagne.jpg 396w, https:\/\/www.franceabris.com\/BLOG\/wp-content\/uploads\/2016\/12\/abri-de-jardin-bois-moyenne-montagne-134x98.jpg 134w, https:\/\/www.franceabris.com\/BLOG\/wp-content\/uploads\/2016\/12\/abri-de-jardin-bois-moyenne-montagne-328x240.jpg 328w\" sizes=\"(max-width: 396px) 100vw, 396px\" \/><figcaption id=\"caption-attachment-9437\" class=\"wp-caption-text\">Un abri de jardin ou garage en bois id\u00e9al pour la moyenne montagne ! (ID2237 sur France Abris)<\/figcaption><\/figure>\n<ul style=\"text-align: justify;\">\n<li>Par ailleurs,<strong> le bois allie la r\u00e9sistance \u00e0 la l\u00e9g\u00e8ret\u00e9<\/strong>. Dans les chalets, par exemple, les murs porteurs peuvent avoir une \u00e9paisseur moindre que ceux d&rsquo;abris en b\u00e9ton et on estime \u00e0 10% le gain en surface des habitations en bois par rapport au habitations con\u00e7ues avec d&rsquo;autres mat\u00e9riaux.<\/li>\n<li>Pour peu qu&rsquo;il soit bien entretenu avec lasures et traitement fongicide\/insecticide tous les deux ou trois ans, <strong>votre abri de jardin en bois devrait tenir de longues ann\u00e9es<\/strong>. C&rsquo;est tout le paradoxe du mod\u00e8le con\u00e7u dans un mat\u00e9riau naturel : \u00e0 la fois fragile si l&rsquo;on n&rsquo;en prend pas soin et particuli\u00e8rement r\u00e9sistant si on le veille un peu r\u00e9guli\u00e8rement.<\/li>\n<\/ul>\n<p><span style=\"color: #ff9900;\"><a style=\"color: #ff9900;\" href=\"https:\/\/www.franceabris.com\/306-garage-bois-moyenne-montagne\">\u27a1\ufe0f Gamme de garages en bois pour la moyenne montagne<\/a><\/span><\/p>\n<h3 style=\"text-align: justify;\">Quid des abris en m\u00e9tal (acier galvanis\u00e9) et r\u00e9sine PVC ?<\/h3>\n<p style=\"text-align: justify;\">\u00c9videmment,<strong> les abris en r\u00e9sine PVC ou les garages en acier galvanis\u00e9 ne manquent pas de qualit\u00e9s non plus<\/strong>, y compris dans les conditions particuli\u00e8res d&rsquo;un climat montagneux. Ainsi, <strong>l&rsquo;acier saura aussi faire preuve de long\u00e9vit\u00e9<\/strong>, avec des garanties courant sur 10 \u00e0 20 ans et des mat\u00e9riaux nantis de vraies qualit\u00e9s anti-corrrosion.<\/p>\n<p style=\"text-align: justify;\">Quant \u00e0 <strong>l&rsquo;abri en r\u00e9sine PVC, il sera l&rsquo;abri passe-partout, bien utile dans des situations diverses,<\/strong> peu co\u00fbteux, facilement montable, dans lequel stocker du mat\u00e9riel qui ne craint pas le froid.<\/p>\n<h2 style=\"text-align: justify;\">BIEN CONNA\u00ceTRE LE BOIS ET SES PROBL\u00c9MATIQUES<\/h2>\n<p style=\"text-align: justify;\">Crainte principale li\u00e9e aux mod\u00e8les en bois ? L&rsquo;entretien. Ou<strong> comment s&rsquo;assurer que son garage ou abri bois ait une dur\u00e9e de vie honorable.<\/strong><\/p>\n<figure id=\"attachment_7943\" aria-describedby=\"caption-attachment-7943\" style=\"width: 397px\" class=\"wp-caption aligncenter\"><img decoding=\"async\" loading=\"lazy\" class=\"wp-image-7943 size-full\" style=\"border: 1px solid #000000;\" src=\"http:\/\/www.franceabris.com\/BLOG\/wp-content\/uploads\/2016\/10\/abri-madriers-3.jpg\" alt=\"Un abri de jardin en madriers bois et toit double pente\" width=\"397\" height=\"291\" srcset=\"https:\/\/www.franceabris.com\/BLOG\/wp-content\/uploads\/2016\/10\/abri-madriers-3.jpg 397w, https:\/\/www.franceabris.com\/BLOG\/wp-content\/uploads\/2016\/10\/abri-madriers-3-134x98.jpg 134w, https:\/\/www.franceabris.com\/BLOG\/wp-content\/uploads\/2016\/10\/abri-madriers-3-327x240.jpg 327w\" sizes=\"(max-width: 397px) 100vw, 397px\" \/><figcaption id=\"caption-attachment-7943\" class=\"wp-caption-text\">En montagne, pensez \u00e0 opter pour des abris bois au toit double pente, pour faciliter l&rsquo;\u00e9vacuation de la neige.<\/figcaption><\/figure>\n<p>En r\u00e9alit\u00e9, ce challenge d\u00e9pend de plusieurs facteurs, dont certains contr\u00f4lables avant m\u00eame l&rsquo;achat de votre mod\u00e8le. Il vous faudra ainsi faire attention \u00e0 :<\/p>\n<ul>\n<li style=\"text-align: justify;\"><strong>la qualit\u00e9 du bois utilis\u00e9<\/strong> : s&rsquo;agit-il de duramen, le coeur du bois, ou d&rsquo;aubier, la partie ext\u00e9rieure, moins r\u00e9sistante et dense ?<\/li>\n<li style=\"text-align: justify;\"><strong>la fa\u00e7on dont\u00a0ont \u00e9t\u00e9 confectionn\u00e9s les madriers, ainsi que leur \u00e9paisseur<\/strong> : penchez-vous sur l&rsquo;usinage des pi\u00e8ces et leur finition ; le bois &#8211; lamell\u00e9 ou bois brut &#8211; ; le rabotage des faces ; l&rsquo;\u00e9paisseur, sachant qu&rsquo;un abri dans lequel vous comptez travailler assis devra s&rsquo;appuyer sur des madriers d&rsquo;au moins 60 mm\u2026<\/li>\n<li style=\"text-align: justify;\"><strong>l&rsquo;essence du\u00a0bois lui-m\u00eame<\/strong> : \u00e9pic\u00e9a ? ch\u00eane ? merisier ? bois Douglas ? Notez que le bois Douglas est un bois naturellement r\u00e9sistant \u00e0 certaines agressions biologique\u2026 Pour peu qu&rsquo;il s&rsquo;agisse de duramen de Douglas, votre abri sera arm\u00e9 pour durer des ann\u00e9es !<\/li>\n<li style=\"text-align: justify;\"><strong>le traitement appliqu\u00e9<\/strong> : il va sans dire que lasurer votre bois avec un m\u00e9lange adapt\u00e9 lui permettra de durer plus longtemps. Essence de t\u00e9r\u00e9benthine et huile de lin, par exemple, ou biocides de qualit\u00e9\u2026 Il s&rsquo;agit de le faire sur les parties visibles et invisibles\u00a0avant m\u00eame de monter votre abri ou votre garage en bois. Certains bois auront\u00a0\u00e9t\u00e9 trait\u00e9s au pr\u00e9alable via un autoclave : vous pourrez vous passer de traitement avant montage\u00a0mais devrez en apposer r\u00e9guli\u00e8rement apr\u00e8s trois ans d&rsquo;usage.<\/li>\n<\/ul>\n<h2 style=\"text-align: justify;\">LE CONSEIL DE FRANCE ABRIS POUR\u00a0LE MONTAGE DE VOTRE ABRI BOIS<\/h2>\n<figure id=\"attachment_7947\" aria-describedby=\"caption-attachment-7947\" style=\"width: 186px\" class=\"wp-caption alignleft\"><img decoding=\"async\" loading=\"lazy\" class=\"wp-image-7947 size-full\" style=\"border: 1px solid #000000;\" src=\"http:\/\/www.franceabris.com\/BLOG\/wp-content\/uploads\/2016\/10\/abri-madriers-6.jpg\" alt=\"Un abri de jardin bois avec madriers qui s'embo\u00eetent pour un montage simple\" width=\"186\" height=\"184\" srcset=\"https:\/\/www.franceabris.com\/BLOG\/wp-content\/uploads\/2016\/10\/abri-madriers-6.jpg 186w, https:\/\/www.franceabris.com\/BLOG\/wp-content\/uploads\/2016\/10\/abri-madriers-6-99x98.jpg 99w\" sizes=\"(max-width: 186px) 100vw, 186px\" \/><figcaption id=\"caption-attachment-7947\" class=\"wp-caption-text\">Les madriers des abris de jardin en bois s&#8217;embo\u00eetent les uns dans les autres pour un montage simplifi\u00e9.<\/figcaption><\/figure>\n<p style=\"text-align: justify;\"><a href=\"http:\/\/www.franceabris.com\/107-abri-jardin-bois\" target=\"_blank\" rel=\"noopener noreferrer\"><span style=\"color: #ff9900;\">Si vous vous sentez d&rsquo;acheter un abri de jardin bois<\/span> <\/a>mais que le montage vous rebute, pas de probl\u00e8me : <strong>FRANCE ABRIS vous propose des solutions d&rsquo;abris de jardin bois livr\u00e9s et mont\u00e9s<\/strong> !<\/p>\n<p style=\"text-align: justify;\">En plus de vous faire livrer votre abri en kit par notre r\u00e9seau de transporteurs, vous pourrez prendre rendez-vous avec l&rsquo;une de nos \u00e9quipes de monteurs pour voir ce bel assemblage de madriers ou de panneaux naturels prendre forme chez vous, dans votre jardin !<\/p>\n<p style=\"text-align: justify;\">C&rsquo;est ici que \u00e7a se passe :<span style=\"color: #ff9900;\"> <a style=\"color: #ff9900;\" href=\"http:\/\/www.franceabris.com\/188-abri-jardin-bois-monte\" target=\"_blank\" rel=\"noopener noreferrer\">abris de jardin en bois livr\u00e9s et mont\u00e9s<\/a><\/span>.<\/p>\n","protected":false},"excerpt":{"rendered":"<p>Il ne faut pas n\u00e9gliger la m\u00e9t\u00e9o quotidienne et votre situation g\u00e9ographique dans le choix de votre abri ou de votre garage. FRANCE ABRIS vous conseille au travers d\u2019une petite s\u00e9rie bimestrielle, \u00ab\u00a0Une r\u00e9gion, un abri garage\u00a0\u00bb, qui vous aiguillera dans votre choix. Aujourd\u2019hui, les abris garages install\u00e9s dans des r\u00e9gions de moyenne montagne\u2026 Quel &hellip; <a href=\"https:\/\/www.franceabris.com\/BLOG\/une-region-un-abri-garage-26-moyenne-montagne-et-abris-en-bois\/\" class=\"more-link\">Continuer la lecture de <span class=\"screen-reader-text\">Une r\u00e9gion, un abri garage  (2\/6)  : moyenne montagne et abris en bois<\/span><\/a><\/p>\n","protected":false},"author":2,"featured_media":7946,"comment_status":"closed","ping_status":"closed","sticky":false,"template":"","format":"standard","meta":[],"categories":[3],"tags":[],"_links":{"self":[{"href":"https:\/\/www.franceabris.com\/BLOG\/wp-json\/wp\/v2\/posts\/7940"}],"collection":[{"href":"https:\/\/www.franceabris.com\/BLOG\/wp-json\/wp\/v2\/posts"}],"about":[{"href":"https:\/\/www.franceabris.com\/BLOG\/wp-json\/wp\/v2\/types\/post"}],"author":[{"embeddable":true,"href":"https:\/\/www.franceabris.com\/BLOG\/wp-json\/wp\/v2\/users\/2"}],"replies":[{"embeddable":true,"href":"https:\/\/www.franceabris.com\/BLOG\/wp-json\/wp\/v2\/comments?post=7940"}],"version-history":[{"count":0,"href":"https:\/\/www.franceabris.com\/BLOG\/wp-json\/wp\/v2\/posts\/7940\/revisions"}],"wp:featuredmedia":[{"embeddable":true,"href":"https:\/\/www.franceabris.com\/BLOG\/wp-json\/wp\/v2\/media\/7946"}],"wp:attachment":[{"href":"https:\/\/www.franceabris.com\/BLOG\/wp-json\/wp\/v2\/media?parent=7940"}],"wp:term":[{"taxonomy":"category","embeddable":true,"href":"https:\/\/www.franceabris.com\/BLOG\/wp-json\/wp\/v2\/categories?post=7940"},{"taxonomy":"post_tag","embeddable":true,"href":"https:\/\/www.franceabris.com\/BLOG\/wp-json\/wp\/v2\/tags?post=7940"}],"curies":[{"name":"wp","href":"https:\/\/api.w.org\/{rel}","templated":true}]}}