{"id":7978,"date":"2016-10-31T06:00:25","date_gmt":"2016-10-31T05:00:25","guid":{"rendered":"http:\/\/www.franceabris.com\/BLOG\/?p=7978"},"modified":"2017-01-04T16:20:15","modified_gmt":"2017-01-04T15:20:15","slug":"realisation-client-labri-de-jardin-pvc-comme-extension-dun-mobil-home-sur-une-parcelle-de-camping","status":"publish","type":"post","link":"https:\/\/www.franceabris.com\/BLOG\/realisation-client-labri-de-jardin-pvc-comme-extension-dun-mobil-home-sur-une-parcelle-de-camping\/","title":{"rendered":"L&rsquo;abri de jardin PVC comme extension d&rsquo;un mobil-home sur une parcelle de camping"},"content":{"rendered":"<p style=\"text-align: justify;\">Et oui ! <strong>Les abris de jardin s&rsquo;invitent jusque dans les campings !<\/strong> On n&rsquo;y pense pas forc\u00e9ment, mais, dans un camping, <strong>particuliers<\/strong> comme <strong>professionnels<\/strong> peuvent avoir l&rsquo;usage d&rsquo;abris de jardin, de\u00a0cabanons, de coffres de rangement\u2026<!--more--><\/p>\n<p style=\"text-align: justify;\">Qu&rsquo;il s&rsquo;agisse d&rsquo;un <strong>abri de stockage<\/strong> pour fournitures diverses qui soulagera le propri\u00e9taire de camping que vous \u00eates ou d&rsquo;un <strong>abri de jardin traditionnel<\/strong> \u00e0 installer sur la parcelle que vous avez achet\u00e9e ou louez \u00e0 l&rsquo;ann\u00e9e, en face de votre mobil-home, vous trouverez une solution adapt\u00e9e \u00e0 votre situation.<\/p>\n<h2 style=\"text-align: justify;\">INSTALLER UN ABRI DE JARDIN SUR SA PARCELLE DE CAMPING R\u00c9SIDENTIEL<\/h2>\n<p style=\"text-align: justify;\">L&rsquo;un de nos clients l&rsquo;a bien compris. Locataire d&rsquo;un emplacement de camping \u00e0 l&rsquo;ann\u00e9e, du c\u00f4t\u00e9 de la Vend\u00e9e, il a d\u00e9cid\u00e9 de compl\u00e9ter son installation de mobil-home par <a href=\"http:\/\/www.franceabris.com\/abri-jardin-pvc\/1426-id.html\" target=\"_blank\">un petit abri de jardin de 8 m\u00b2 en panneaux PVC<\/a>. Avec sa <strong>double porte de fa\u00e7ade<\/strong>, ses <strong>deux fen\u00eatres<\/strong> qui assurent une bonne luminosit\u00e9 et les <strong>orifices de ventilation<\/strong>, cet abri cumule les qualit\u00e9s pratiques pour qui cherche un<strong> espace de rangement suppl\u00e9mentaire<\/strong>.<\/p>\n<p style=\"text-align: justify;\"><a href=\"http:\/\/www.franceabris.com\/abri-jardin-pvc\/1426-id.html\"><img decoding=\"async\" loading=\"lazy\" class=\" aligncenter wp-image-7979\" title=\"Notre client a install\u00e9 ce petit abri de jardin en PVC sur sa parcelle de camping\" src=\"http:\/\/www.franceabris.com\/BLOG\/wp-content\/uploads\/2016\/10\/DSCN2099_MEURET_CAMPING-2.jpg\" alt=\"L'abri de jardin PVC dans un camping\" width=\"436\" height=\"341\" srcset=\"https:\/\/www.franceabris.com\/BLOG\/wp-content\/uploads\/2016\/10\/DSCN2099_MEURET_CAMPING-2.jpg 556w, https:\/\/www.franceabris.com\/BLOG\/wp-content\/uploads\/2016\/10\/DSCN2099_MEURET_CAMPING-2-125x98.jpg 125w, https:\/\/www.franceabris.com\/BLOG\/wp-content\/uploads\/2016\/10\/DSCN2099_MEURET_CAMPING-2-306x240.jpg 306w\" sizes=\"(max-width: 436px) 100vw, 436px\" \/><\/a><\/p>\n<h3 style=\"text-align: justify;\">Une n\u00e9cessit\u00e9 : \u00eatre en accord avec le cahier des charges du camping<\/h3>\n<p style=\"text-align: justify;\">Le probl\u00e8me que peuvent rencontrer les personnes \u00e9ventuellement int\u00e9ress\u00e9es : <strong>l&rsquo;accord du camping en question\u2026<\/strong><\/p>\n<ol style=\"text-align: justify;\">\n<li>d&rsquo;une part pour <strong>l&rsquo;installation<\/strong> d&rsquo;un abri de jardin,<\/li>\n<li>d&rsquo;autre part pour <strong>couler une dalle b\u00e9ton<\/strong>,\u00a0souvent n\u00e9cessaire pour ancrer son cabanon au sol.<\/li>\n<\/ol>\n<p style=\"text-align: justify;\">Un probl\u00e8me qui n&rsquo;en est pas toujours un\u2026<\/p>\n<h3>Quels abris de jardin autoris\u00e9s dans les campings ?<\/h3>\n<p style=\"text-align: justify;\">Car les campings pr\u00e9voient g\u00e9n\u00e9ralement cette \u00e9ventualit\u00e9 et <strong>d\u00e9finissent dans leur cahier des charges les dimensions maximales des mod\u00e8les qu&rsquo;ils acceptent<\/strong> sur leurs parcelles. Dans le cadre d&rsquo;un camping contact\u00e9 par nos soins, ce sont par exemple des abris de 2\u00a0m\u00b2 et 1m50 de haut qui sont accept\u00e9s sur des emplacements lou\u00e9s.<\/p>\n<p style=\"text-align: justify;\">Un autre exploitant n&rsquo;autorise que les coffres, quand un dernier explique, de son c\u00f4t\u00e9, que chaque parcelle vendue comprend l&rsquo;installation du mobil-home et ses raccordements, ainsi qu&rsquo;un pr\u00e9raccordement \u00e0 l&rsquo;abri de jardin, dont la nature et les dimensions sont d\u00e9finies par le camping lui-m\u00eame.<\/p>\n<h3 style=\"text-align: justify;\">Le conseil de FRANCE ABRIS<\/h3>\n<p style=\"text-align: justify;\">On ne peut donc vous donner qu&rsquo;un conseil essentiel : rapprochez-vous de votre camping pour \u00e9tudier la possibilit\u00e9 d&rsquo;un abri de jardin. D&rsquo;autant que, <strong>dans la pratique, les propri\u00e9taires des campings acceptent souvent de discuter les conditions d&rsquo;implantation<\/strong>\u2026<\/p>\n<h2 style=\"text-align: justify;\">EXPLOITANTS DE CAMPINGS, DES ABRIS ET CABANES DE JARDIN POUR VOUS FACILITER LE QUOTIDIEN ET AM\u00c9LIORER LE SERVICE PROPOS\u00c9<\/h2>\n<p style=\"text-align: justify;\"><a href=\"http:\/\/www.franceabris.com\/chalet-bois-kit\/634-id-.html\"><img decoding=\"async\" loading=\"lazy\" class=\" aligncenter wp-image-7993\" title=\"Servez-vous de ce chalet bois comme d'accueil pour votre camping\u2026 ou buvette !\" src=\"http:\/\/www.franceabris.com\/BLOG\/wp-content\/uploads\/2016\/10\/abri-jardin-chalet-bois-camping-2.jpg\" alt=\"Chalet ou abri de jardin bois pour accueil de camping\" width=\"426\" height=\"312\" srcset=\"https:\/\/www.franceabris.com\/BLOG\/wp-content\/uploads\/2016\/10\/abri-jardin-chalet-bois-camping-2.jpg 397w, https:\/\/www.franceabris.com\/BLOG\/wp-content\/uploads\/2016\/10\/abri-jardin-chalet-bois-camping-2-134x98.jpg 134w, https:\/\/www.franceabris.com\/BLOG\/wp-content\/uploads\/2016\/10\/abri-jardin-chalet-bois-camping-2-327x240.jpg 327w\" sizes=\"(max-width: 426px) 100vw, 426px\" \/><\/a>Si <strong>vous \u00eates vous-m\u00eame exploitant d&rsquo;un camping<\/strong>, vous pouvez \u00eatre int\u00e9ress\u00e9 par un abri de jardin, un cabanon, une cabane quelconque, un abri voiture ou carport\u2026 FRANCE ABRIS propose des solutions de toutes sortes.<\/p>\n<ul>\n<li style=\"text-align: justify;\">Un petit abri au bord de la piscine du camping pour stocker du mat\u00e9riel\u2026 une \u00e9vidence.<\/li>\n<li style=\"text-align: justify;\"><a href=\"http:\/\/www.franceabris.com\/chalet-bois-kit\/634-id-.html\" target=\"_blank\"><img decoding=\"async\" loading=\"lazy\" class=\" alignright wp-image-7992\" title=\"Avec un r\u00e2telier \u00e0 v\u00e9los, cet abri m\u00e9tallique deviendra vite un abri deux roues dans votre camping.\" src=\"http:\/\/www.franceabris.com\/BLOG\/wp-content\/uploads\/2016\/10\/abri-jardin-abri-voiture-m\u00e9tal-camping-3.jpg\" alt=\"Abri v\u00e9los et abri voiture\/carport pour les camping et professionnels\" width=\"315\" height=\"231\" srcset=\"https:\/\/www.franceabris.com\/BLOG\/wp-content\/uploads\/2016\/10\/abri-jardin-abri-voiture-m\u00e9tal-camping-3.jpg 397w, https:\/\/www.franceabris.com\/BLOG\/wp-content\/uploads\/2016\/10\/abri-jardin-abri-voiture-m\u00e9tal-camping-3-134x98.jpg 134w, https:\/\/www.franceabris.com\/BLOG\/wp-content\/uploads\/2016\/10\/abri-jardin-abri-voiture-m\u00e9tal-camping-3-327x240.jpg 327w\" sizes=\"(max-width: 315px) 100vw, 315px\" \/>Un autre abri, en bois par exemple, de 20 \u00e0 40 m\u00b2<\/a>, pour vous servir d&rsquo;accueil, avec une finition de grande qualit\u00e9.<\/li>\n<li style=\"text-align: justify;\">Un cabanon pour servir de buvette\u2026<\/li>\n<li style=\"text-align: justify;\"><a href=\"http:\/\/www.franceabris.com\/abri-jardin-metal-gris-anthracite-duramax\/2747-id.html\" target=\"_blank\">Des abris pour stocker outils, mat\u00e9riel, produits d&rsquo;entretien<\/a>\u2026<\/li>\n<li style=\"text-align: justify;\"><a href=\"http:\/\/www.franceabris.com\/carport-metal\/1921-id.html\" target=\"_blank\">Des abris voiture pour votre\u00a0parking ou un abri-v\u00e9los<\/a>.<\/li>\n<\/ul>\n<p style=\"text-align: justify;\">Bref\u2026 Faites votre choix !<\/p>\n","protected":false},"excerpt":{"rendered":"<p>Et oui ! Les abris de jardin s&rsquo;invitent jusque dans les campings ! On n&rsquo;y pense pas forc\u00e9ment, mais, dans un camping, particuliers comme professionnels peuvent avoir l&rsquo;usage d&rsquo;abris de jardin, de\u00a0cabanons, de coffres de rangement\u2026<\/p>\n","protected":false},"author":2,"featured_media":7994,"comment_status":"closed","ping_status":"closed","sticky":false,"template":"","format":"standard","meta":[],"categories":[61],"tags":[],"_links":{"self":[{"href":"https:\/\/www.franceabris.com\/BLOG\/wp-json\/wp\/v2\/posts\/7978"}],"collection":[{"href":"https:\/\/www.franceabris.com\/BLOG\/wp-json\/wp\/v2\/posts"}],"about":[{"href":"https:\/\/www.franceabris.com\/BLOG\/wp-json\/wp\/v2\/types\/post"}],"author":[{"embeddable":true,"href":"https:\/\/www.franceabris.com\/BLOG\/wp-json\/wp\/v2\/users\/2"}],"replies":[{"embeddable":true,"href":"https:\/\/www.franceabris.com\/BLOG\/wp-json\/wp\/v2\/comments?post=7978"}],"version-history":[{"count":0,"href":"https:\/\/www.franceabris.com\/BLOG\/wp-json\/wp\/v2\/posts\/7978\/revisions"}],"wp:featuredmedia":[{"embeddable":true,"href":"https:\/\/www.franceabris.com\/BLOG\/wp-json\/wp\/v2\/media\/7994"}],"wp:attachment":[{"href":"https:\/\/www.franceabris.com\/BLOG\/wp-json\/wp\/v2\/media?parent=7978"}],"wp:term":[{"taxonomy":"category","embeddable":true,"href":"https:\/\/www.franceabris.com\/BLOG\/wp-json\/wp\/v2\/categories?post=7978"},{"taxonomy":"post_tag","embeddable":true,"href":"https:\/\/www.franceabris.com\/BLOG\/wp-json\/wp\/v2\/tags?post=7978"}],"curies":[{"name":"wp","href":"https:\/\/api.w.org\/{rel}","templated":true}]}}