{"id":8142,"date":"2017-02-02T06:00:54","date_gmt":"2017-02-02T05:00:54","guid":{"rendered":"http:\/\/www.franceabris.com\/BLOG\/?p=8142"},"modified":"2026-03-18T15:42:38","modified_gmt":"2026-03-18T14:42:38","slug":"abriter-sa-camionnette-ou-son-utilitaire-a-la-maison-sous-un-abri-camping-car-ou-une-ossature-bois","status":"publish","type":"post","link":"https:\/\/www.franceabris.com\/BLOG\/abriter-sa-camionnette-ou-son-utilitaire-a-la-maison-sous-un-abri-camping-car-ou-une-ossature-bois\/","title":{"rendered":"Abriter sa camionnette ou son utilitaire \u00e0 la maison sous un abri camping-car ou une ossature bois"},"content":{"rendered":"<p style=\"text-align: justify;\">Pour un professionnel, prot\u00e9ger sa camionnette, son utilitaire ou son semi-remorque est loin d&rsquo;\u00eatre superflu. V\u00e9ritable outil de travail, il est souvent une n\u00e9cessit\u00e9 et de son entretien d\u00e9pend sa dur\u00e9e de vie. Bref, artisans, ind\u00e9pendants, entrepreneurs : votre v\u00e9hicule, il faut en prendre soin !<\/p>\n<p style=\"text-align: justify;\">C&rsquo;est ce que vous propose FRANCE ABRIS. De quelle fa\u00e7on ? En investissant dans un abri ou carport adapt\u00e9. Et adaptable !<\/p>\n<h2 style=\"text-align: justify;\">L&rsquo;ABRI CAMPING-CAR POUR CAMIONNETTE ET V\u00c9HICULE PROFESSIONNEL<\/h2>\n<p style=\"text-align: justify;\"><span style=\"color: #ff6600;\"><a style=\"color: #ff6600;\" href=\"http:\/\/www.franceabris.com\/54-abri-camping-car\" target=\"_blank\" rel=\"noopener\">Nos abris camping-car :<\/a><\/span><\/p>\n<ul>\n<li style=\"text-align: justify;\"><span style=\"color: #ff6600;\"><a style=\"color: #ff6600;\" href=\"http:\/\/www.franceabris.com\/24-abri-camping-car-bois\" target=\"_blank\" rel=\"noopener\">Carports camping-car en bois<\/a><\/span><\/li>\n<li style=\"text-align: justify;\"><span style=\"color: #ff6600;\"><a style=\"color: #ff6600;\" href=\"http:\/\/www.franceabris.com\/55-abri-camping-car-metal\" target=\"_blank\" rel=\"noopener\">Abris grande hauteur en m\u00e9tal<\/a><\/span><\/li>\n<li style=\"text-align: justify;\"><span style=\"color: #ff6600;\"><a style=\"color: #ff6600;\" href=\"http:\/\/www.franceabris.com\/56-abri-camping-car-pliant-pvc\" target=\"_blank\" rel=\"noopener\">Carports toile<\/a><\/span><\/li>\n<\/ul>\n<p style=\"text-align: justify;\">L&rsquo;avantage des abris camping-car ? Leur hauteur utile. <strong>En investissant dans un carport camping-car, vous \u00eates s\u00fbrs de b\u00e9n\u00e9ficier d&rsquo;un abri qui permettra non seulement le parcage d&rsquo;un utilitaire massif<\/strong>, mais en plus le stockage d&rsquo;une remorque et\/ou de mat\u00e9riel professionnel.<\/p>\n<figure id=\"attachment_8161\" aria-describedby=\"caption-attachment-8161\" style=\"width: 397px\" class=\"wp-caption aligncenter\"><img decoding=\"async\" loading=\"lazy\" class=\"wp-image-8161 size-full\" style=\"border: 1px solid #000000;\" src=\"http:\/\/www.franceabris.com\/BLOG\/wp-content\/uploads\/2017\/02\/abri-pro-grande-hauteur-m\u00e9tal-4.jpg\" alt=\"Protection d'un abri carport m\u00e9tal pour camping-car pour les pros\" width=\"397\" height=\"291\" srcset=\"https:\/\/www.franceabris.com\/BLOG\/wp-content\/uploads\/2017\/02\/abri-pro-grande-hauteur-m\u00e9tal-4.jpg 397w, https:\/\/www.franceabris.com\/BLOG\/wp-content\/uploads\/2017\/02\/abri-pro-grande-hauteur-m\u00e9tal-4-134x98.jpg 134w, https:\/\/www.franceabris.com\/BLOG\/wp-content\/uploads\/2017\/02\/abri-pro-grande-hauteur-m\u00e9tal-4-327x240.jpg 327w\" sizes=\"(max-width: 397px) 100vw, 397px\" \/><figcaption id=\"caption-attachment-8161\" class=\"wp-caption-text\">Cet abri m\u00e9tallique grande hauteur en acier galvanis\u00e9 assure une protection id\u00e9ale \u00e0 votre utilitaire ou votre semi-remorque.<\/figcaption><\/figure>\n<p style=\"text-align: justify;\">D&rsquo;autant que <strong>la gamme d&rsquo;abris camping-car de FRANCE ABRIS propose des mod\u00e8les con\u00e7us dans tous les mat\u00e9riaux habituels : bois, m\u00e9tal et PVC<\/strong>. Chacun d&rsquo;entre eux poss\u00e8de ses qualit\u00e9s et le professionnel que vous \u00eates saura les discerner.<\/p>\n<h3 style=\"text-align: justify;\">L&rsquo;abri camionnette\u00a0m\u00e9tal en acier galvanis\u00e9 : des ann\u00e9es de\u00a0long\u00e9vit\u00e9<\/h3>\n<p style=\"text-align: justify;\">Ainsi, <span style=\"color: #ff6600;\"><a style=\"color: #ff6600;\" href=\"http:\/\/www.franceabris.com\/55-abri-camping-car-metal\" target=\"_blank\" rel=\"noopener\">le carport camping-car en m\u00e9tal est g\u00e9n\u00e9ralement une charpente m\u00e9tallique en acier galvanis\u00e9<\/a><\/span>, donc tr\u00e8s r\u00e9sistante face \u00e0 la corrosion. Mais <strong>on peut d\u00e9cider de troquer cette charpente assez peu esth\u00e9tique contre un abri grande hauteur en aluminium peint<\/strong> avec couverture en panneaux de polycarbonate. Plus cher, mais visuellement plus s\u00e9duisant.<\/p>\n<h3 style=\"text-align: justify;\">R\u00e9sistance et esth\u00e9tique pour le carport bois grande hauteur pour votre semi-remorque<\/h3>\n<p><img decoding=\"async\" loading=\"lazy\" class=\"alignright wp-image-8163\" style=\"border: 1px solid #000000;\" title=\"Exemple d'une structure bois pour un carport camping-car en autoclave avec protections et bardages sup\u00e9rieurs.\" src=\"http:\/\/www.franceabris.com\/BLOG\/wp-content\/uploads\/2017\/02\/abri-pro-grande-hauteur-bois-5.jpg\" alt=\"Abri camping-car grande hauteur en bois autoclave\" width=\"178\" height=\"132\" srcset=\"https:\/\/www.franceabris.com\/BLOG\/wp-content\/uploads\/2017\/02\/abri-pro-grande-hauteur-bois-5-134x98.jpg 134w, https:\/\/www.franceabris.com\/BLOG\/wp-content\/uploads\/2017\/02\/abri-pro-grande-hauteur-bois-5-327x240.jpg 327w\" sizes=\"(max-width: 178px) 100vw, 178px\" \/><\/p>\n<p style=\"text-align: justify;\">Dans le genre esth\u00e9tique, <span style=\"color: #ff6600;\"><a style=\"color: #ff6600;\" href=\"http:\/\/www.franceabris.com\/24-abri-camping-car-bois\" target=\"_blank\" rel=\"noopener\">le bois reste une r\u00e9f\u00e9rence<\/a><\/span> ; \u00e9videmment, ce n&rsquo;est pas forc\u00e9ment la priorit\u00e9 pour un ind\u00e9pendant ou un entrepreneur.<\/p>\n<p style=\"text-align: justify;\">Reste que s&rsquo;il est n\u00e9cessaire de prot\u00e9ger son v\u00e9hicule pro au domicile personnel pour une raison ou une autre, ce n&rsquo;est pas forc\u00e9ment un luxe que l&rsquo;abri se fonde dans son environnement ext\u00e9rieur\u2026<\/p>\n<p style=\"text-align: justify;\">Mais le bois, <strong>c&rsquo;est aussi et surtout de belles qualit\u00e9s de r\u00e9sistance et de durabilit\u00e9<\/strong>, quand bien m\u00eame il n\u00e9cessite un certain entretien &#8211; relatif gr\u00e2ce aux structures autoclaves que FRANCE ABRIS vous propose !<\/p>\n<h3 style=\"text-align: justify;\">Pour un abri pro pratique et bien con\u00e7u, le carport toile PVC !<\/h3>\n<p style=\"text-align: justify;\">Enfin, pour <strong>un carport camping-car plus temporaire<\/strong>, <span style=\"color: #ff6600;\"><a style=\"color: #ff6600;\" href=\"http:\/\/www.franceabris.com\/56-abri-camping-car-pliant-pvc\" target=\"_blank\" rel=\"noopener\">des solutions en toile existent<\/a><\/span>, qui vous\u00a0offrent <strong>un abri l\u00e9ger, moins encombrant<\/strong>, mais tout aussi efficace, que vous pourrez d\u00e9monter lorsque le besoin d&rsquo;en profiter ne se fera plus sentir. Un carport ultra-pratique et tr\u00e8s modulable !<\/p>\n<h2 style=\"text-align: justify;\">PARQUEZ VOTRE UTILITAIRE PRO SOUS UN ABRI M\u00c9TALLIQUE MODULABLE<\/h2>\n<figure id=\"attachment_8159\" aria-describedby=\"caption-attachment-8159\" style=\"width: 348px\" class=\"wp-caption aligncenter\"><img decoding=\"async\" loading=\"lazy\" class=\"wp-image-8159\" style=\"border: 1px solid #000000;\" src=\"http:\/\/www.franceabris.com\/BLOG\/wp-content\/uploads\/2017\/02\/abri-pro-grande-hauteur-m\u00e9tal-2.jpg\" alt=\"Carport ou charpente m\u00e9tal en acier galvanis\u00e9 pour v\u00e9hicules pros\" width=\"348\" height=\"255\" srcset=\"https:\/\/www.franceabris.com\/BLOG\/wp-content\/uploads\/2017\/02\/abri-pro-grande-hauteur-m\u00e9tal-2.jpg 397w, https:\/\/www.franceabris.com\/BLOG\/wp-content\/uploads\/2017\/02\/abri-pro-grande-hauteur-m\u00e9tal-2-134x98.jpg 134w, https:\/\/www.franceabris.com\/BLOG\/wp-content\/uploads\/2017\/02\/abri-pro-grande-hauteur-m\u00e9tal-2-327x240.jpg 327w\" sizes=\"(max-width: 348px) 100vw, 348px\" \/><figcaption id=\"caption-attachment-8159\" class=\"wp-caption-text\">La charpente m\u00e9tallique grande hauteur s&rsquo;adapte \u00e0 toutes vos exigences de professionnel.<\/figcaption><\/figure>\n<p style=\"text-align: justify;\">Pour qui cherche une solution de carport vraiment adapt\u00e9e \u00e0 sa situation, tout en visant long\u00e9vit\u00e9 et r\u00e9sistance, l&rsquo;<span style=\"color: #ff6600;\"><a style=\"color: #ff6600;\" href=\"http:\/\/www.franceabris.com\/102-abri-metallique\" target=\"_blank\" rel=\"noopener\">abri m\u00e9tallique modulable constitue une option de qualit\u00e9<\/a><\/span>. Pourquoi l&rsquo;abri m\u00e9tallique modulable plus qu&rsquo;un autre ?<\/p>\n<h3 style=\"text-align: justify;\">Choisissez les options de votre carport m\u00e9tal modulable<\/h3>\n<p style=\"text-align: justify;\">Parce que <strong>ces carports ont en r\u00e9serve tout un tas d&rsquo;options qui vont vous permettre d&rsquo;obtenir un mod\u00e8le id\u00e9alement con\u00e7u pour votre situation<\/strong>, tenant compte de vos particularit\u00e9s. Ainsi, vous allez pouvoir s\u00e9lectionner l&rsquo;abri correspondant aux dimensions que vous recherchez, avec les parois acier galvanis\u00e9 lat\u00e9rales que vous souhaitez peut-\u00eatre greffer, l&rsquo;ouverture ou la porte de c\u00f4t\u00e9 pour vous rendre service, une fermeture de fa\u00e7ade s\u00e9curis\u00e9e pour le transformer en garage clos\u2026<\/p>\n<p style=\"text-align: justify;\">De quoi parquer votre utilitaire et du mat\u00e9riel que vous auriez \u00e0 stocker, le tout avec des abris simple ou double pente, au choix !<\/p>\n<figure id=\"attachment_8160\" aria-describedby=\"caption-attachment-8160\" style=\"width: 397px\" class=\"wp-caption aligncenter\"><img decoding=\"async\" loading=\"lazy\" class=\"wp-image-8160\" style=\"border: 1px solid #000000;\" src=\"http:\/\/www.franceabris.com\/BLOG\/wp-content\/uploads\/2017\/02\/abri-pro-ossature-bois-grande-hauteur-3.jpg\" alt=\"Ossature bois pour un abri pro\" width=\"397\" height=\"290\" srcset=\"https:\/\/www.franceabris.com\/BLOG\/wp-content\/uploads\/2017\/02\/abri-pro-ossature-bois-grande-hauteur-3.jpg 397w, https:\/\/www.franceabris.com\/BLOG\/wp-content\/uploads\/2017\/02\/abri-pro-ossature-bois-grande-hauteur-3-134x98.jpg 134w, https:\/\/www.franceabris.com\/BLOG\/wp-content\/uploads\/2017\/02\/abri-pro-ossature-bois-grande-hauteur-3-327x240.jpg 327w\" sizes=\"(max-width: 397px) 100vw, 397px\" \/><figcaption id=\"caption-attachment-8160\" class=\"wp-caption-text\">L&rsquo;avantage de l&rsquo;ossature bois ? La libert\u00e9 qu&rsquo;elle vous offre, en mati\u00e8re de dimensions, de couverture\u2026 et de porte-feuille !<\/figcaption><\/figure>\n<h2 style=\"text-align: justify;\">L&rsquo;OSSATURE BOIS POUR PROT\u00c9GER VOTRE UTILITAIRE, CAMIONNETTE OU SEMI-REMORQUE<\/h2>\n<p><strong>Le pendant de l&rsquo;abri m\u00e9tallique modulable, mais cette fois-ci en bois, les options en moins, la possibilit\u00e9 de g\u00e9rer son budget en plus.<\/strong> En effet, <span style=\"color: #ff6600;\"><a style=\"color: #ff6600;\" href=\"https:\/\/www.franceabris.com\/109-charpente-bois-en-kit-abris-bois-a-couvrir\" target=\"_blank\" rel=\"noopener\">les ossatures bois que nous vous proposons sont parfaitement adapt\u00e9es aux demandes des professionnels<\/a><\/span> : ces ossatures existent sous des formats diff\u00e9rents, avec des dimensions diff\u00e9rentes. \u00c0 vous de choisir !<\/p>\n<h3 style=\"text-align: justify;\">Ma\u00eetrisez votre budget de professionnel avec l&rsquo;abri ossature bois<\/h3>\n<p style=\"text-align: justify;\">Outre leurs atouts esth\u00e9tiques sur lesquels nous ne reviendrons pas, elles sont livr\u00e9es telles quelles, sans couverture. C&rsquo;est donc \u00e0 vous d&rsquo;envisager la toiture qui vous conviendra le plus &#8211; et qui, de ce fait, conviendra \u00e9galement \u00e0 votre porte-feuille. \u00c0 vous \u00e9galement la possibilit\u00e9 d&rsquo;ajouter des bardages lat\u00e9raux si vous le souhaitez. <strong>Bref : l&rsquo;ossature bois, c&rsquo;est l&rsquo;ossature libert\u00e9.<\/strong><\/p>\n<h3 style=\"text-align: justify;\">Le bois Douglas des ossatures bois de FRANCE ABRIS, un bois r\u00e9sistant qui ne n\u00e9cessite pas de traitement !<\/h3>\n<p style=\"text-align: justify;\">Enfin,<strong> nos charpentes bois sont con\u00e7ues en bois Douglas<\/strong>, une essence tr\u00e8s int\u00e9ressante en ce qu&rsquo;elle est particuli\u00e8rement r\u00e9sistante aux agressions fongicides et des insectes xylophage. Nul besoin de traitement pouss\u00e9 pr\u00e9alable et r\u00e9gulier : le bois Douglas peut naturellement tenir dans des conditions normales.<\/p>\n<p style=\"text-align: justify;\">L\u00e0 aussi, une \u00e9conomie en perspective ! \u00c9conomie d&rsquo;argent\u2026 \u00e9conomie de temps !<\/p>\n","protected":false},"excerpt":{"rendered":"<p>Pour un professionnel, prot\u00e9ger sa camionnette, son utilitaire ou son semi-remorque est loin d&rsquo;\u00eatre superflu. V\u00e9ritable outil de travail, il est souvent une n\u00e9cessit\u00e9 et de son entretien d\u00e9pend sa dur\u00e9e de vie. Bref, artisans, ind\u00e9pendants, entrepreneurs : votre v\u00e9hicule, il faut en prendre soin ! C&rsquo;est ce que vous propose FRANCE ABRIS. De quelle &hellip; <a href=\"https:\/\/www.franceabris.com\/BLOG\/abriter-sa-camionnette-ou-son-utilitaire-a-la-maison-sous-un-abri-camping-car-ou-une-ossature-bois\/\" class=\"more-link\">Continuer la lecture de <span class=\"screen-reader-text\">Abriter sa camionnette ou son utilitaire \u00e0 la maison sous un abri camping-car ou une ossature bois<\/span><\/a><\/p>\n","protected":false},"author":2,"featured_media":8158,"comment_status":"closed","ping_status":"closed","sticky":false,"template":"","format":"standard","meta":[],"categories":[1],"tags":[],"_links":{"self":[{"href":"https:\/\/www.franceabris.com\/BLOG\/wp-json\/wp\/v2\/posts\/8142"}],"collection":[{"href":"https:\/\/www.franceabris.com\/BLOG\/wp-json\/wp\/v2\/posts"}],"about":[{"href":"https:\/\/www.franceabris.com\/BLOG\/wp-json\/wp\/v2\/types\/post"}],"author":[{"embeddable":true,"href":"https:\/\/www.franceabris.com\/BLOG\/wp-json\/wp\/v2\/users\/2"}],"replies":[{"embeddable":true,"href":"https:\/\/www.franceabris.com\/BLOG\/wp-json\/wp\/v2\/comments?post=8142"}],"version-history":[{"count":0,"href":"https:\/\/www.franceabris.com\/BLOG\/wp-json\/wp\/v2\/posts\/8142\/revisions"}],"wp:featuredmedia":[{"embeddable":true,"href":"https:\/\/www.franceabris.com\/BLOG\/wp-json\/wp\/v2\/media\/8158"}],"wp:attachment":[{"href":"https:\/\/www.franceabris.com\/BLOG\/wp-json\/wp\/v2\/media?parent=8142"}],"wp:term":[{"taxonomy":"category","embeddable":true,"href":"https:\/\/www.franceabris.com\/BLOG\/wp-json\/wp\/v2\/categories?post=8142"},{"taxonomy":"post_tag","embeddable":true,"href":"https:\/\/www.franceabris.com\/BLOG\/wp-json\/wp\/v2\/tags?post=8142"}],"curies":[{"name":"wp","href":"https:\/\/api.w.org\/{rel}","templated":true}]}}