{"id":8167,"date":"2017-03-20T06:00:29","date_gmt":"2017-03-20T05:00:29","guid":{"rendered":"http:\/\/www.franceabris.com\/BLOG\/?p=8167"},"modified":"2017-04-12T18:24:24","modified_gmt":"2017-04-12T17:24:24","slug":"au-printemps-ranger-ses-outils-de-jardinage-dans-des-petits-abris-metalliques-de-moins-de-5-m%c2%b2","status":"publish","type":"post","link":"https:\/\/www.franceabris.com\/BLOG\/au-printemps-ranger-ses-outils-de-jardinage-dans-des-petits-abris-metalliques-de-moins-de-5-m%c2%b2\/","title":{"rendered":"Au printemps, ranger ses outils de jardinage dans des petits abris m\u00e9talliques de moins de 5 m\u00b2"},"content":{"rendered":"<p style=\"text-align: justify;\">C&rsquo;est le printemps ! Les oiseaux chantonnent, la nature reverdit, le soleil retrouve un zeste de vigueur\u2026 ou pas. &lsquo;Y a plus de saisons, faut dire ! Mais, hors ces conditions m\u00e9t\u00e9orologiques, l&rsquo;arriv\u00e9e du printemps sonne le temps du retour au jardin.<\/p>\n<p style=\"text-align: justify;\">Il est absolument n\u00e9cessaire d&rsquo;envisager \u00e0 l&rsquo;avance le changement de saison et les am\u00e9nagements \u00e0 r\u00e9aliser. Et, parmi ces derniers, <strong>il en est un qu&rsquo;on vous conseille tout particuli\u00e8rement : le petit abri de jardin.<\/strong><\/p>\n<h3 style=\"text-align: justify;\">L&rsquo;abri pour cultiver son jardin en tout confort au retour du printemps<\/h3>\n<p style=\"text-align: justify;\">Car il est plus que l&rsquo;heure de ressortir vos b\u00eaches, gants, s\u00e9cateurs, scies\u2026 Tout un petit monde d&rsquo;outils et de mat\u00e9riel utile au jardinage et au travail en ext\u00e9rieur. Un petit monde qu&rsquo;on vous d\u00e9conseille de laisser tra\u00eener dehors sous les habituelles giboul\u00e9es !<\/p>\n<p style=\"text-align: justify;\">Heureusement, pour les ranger, <strong>FRANCE ABRIS a quantit\u00e9 de solutions \u00e0 vous proposer<\/strong>\u2026<\/p>\n<h2 style=\"text-align: justify;\">PETITS ABRIS DE JARDIN DE 5 M\u00b2, FAIRE PLUS DE PLACE AVEC MOINS ENCOMBRANT<\/h2>\n<p><span style=\"color: #ff9900;\"><a style=\"color: #ff9900;\" href=\"http:\/\/www.franceabris.com\/154-cabane-de-jardin-pvc-pas-cher\" target=\"_blank\"><span style=\"color: #000000;\"><strong>\u22c5<\/strong> <\/span>Cabanes de jardin en PVC pas ch\u00e8res<br \/>\n<\/a><\/span><span style=\"color: #ff9900;\"><a style=\"color: #ff9900;\" href=\"http:\/\/www.franceabris.com\/154-cabane-de-jardin-pvc-pas-cher\" target=\"_blank\"><span style=\"color: #000000;\"><strong>\u22c5<\/strong> <\/span><\/a><a style=\"color: #ff9900;\" href=\"http:\/\/www.franceabris.com\/138-petit-abri-jardin-metal-moins-de-5m2\" target=\"_blank\">Petits abris de jardin m\u00e9talliques de moins de 5 m\u00b2<br \/>\n<\/a><\/span><span style=\"color: #ff9900;\"><a style=\"color: #ff9900;\" href=\"http:\/\/www.franceabris.com\/154-cabane-de-jardin-pvc-pas-cher\" target=\"_blank\"><span style=\"color: #000000;\"><strong>\u22c5<\/strong> <\/span><\/a><a style=\"color: #ff9900;\" href=\"http:\/\/www.franceabris.com\/149-cabanon-de-jardin-bois-moins-de-5m2\" target=\"_blank\">Cabanons en bois pour le jardin de 5 m\u00b2 et moins<br \/>\n<\/a><\/span><span style=\"color: #ff9900;\"><a style=\"color: #ff9900;\" href=\"http:\/\/www.franceabris.com\/154-cabane-de-jardin-pvc-pas-cher\" target=\"_blank\"><span style=\"color: #000000;\"><strong>\u22c5<\/strong> <\/span><\/a><a style=\"color: #ff9900;\" href=\"http:\/\/www.franceabris.com\/146-petit-abri-jardin-en-panneau-bois\" target=\"_blank\">Petits abris de jardin en panneaux de bois naturel<br \/>\n<strong><span style=\"color: #000000;\">.<\/span><\/strong><\/a><strong><span style=\"color: #000000;\">\u00a0<\/span><\/strong><a style=\"color: #ff9900;\" href=\"http:\/\/www.franceabris.com\/272-abris-de-jardin-de-moins-de-5-m\" target=\"_blank\">TOUS les abris de jardin de moins de 5 m\u00b2 : r\u00e9sine PVC, bois et m\u00e9tal<\/a><\/span><\/p>\n<figure id=\"attachment_8186\" aria-describedby=\"caption-attachment-8186\" style=\"width: 397px\" class=\"wp-caption aligncenter\"><img decoding=\"async\" loading=\"lazy\" class=\"wp-image-8186 size-full\" style=\"border: 1px solid #000000;\" src=\"http:\/\/www.franceabris.com\/BLOG\/wp-content\/uploads\/2017\/03\/abri-m\u00e9tal-2.jpg\" alt=\"Abri m\u00e9tal toit monopente acier galvanis\u00e9 vert\" width=\"397\" height=\"291\" srcset=\"https:\/\/www.franceabris.com\/BLOG\/wp-content\/uploads\/2017\/03\/abri-m\u00e9tal-2.jpg 397w, https:\/\/www.franceabris.com\/BLOG\/wp-content\/uploads\/2017\/03\/abri-m\u00e9tal-2-134x98.jpg 134w, https:\/\/www.franceabris.com\/BLOG\/wp-content\/uploads\/2017\/03\/abri-m\u00e9tal-2-327x240.jpg 327w\" sizes=\"(max-width: 397px) 100vw, 397px\" \/><figcaption id=\"caption-attachment-8186\" class=\"wp-caption-text\">Les petits cabanons m\u00e9tal simple pente se positionnent ais\u00e9ment adoss\u00e9s \u00e0 la maison ou ind\u00e9pendants au milieu du jardin.<\/figcaption><\/figure>\n<p style=\"text-align: justify;\">Pour du stockage de petit mat\u00e9riel encombrant ou d&rsquo;outils de jardinage, les structures de 5 m\u00b2 suffisent largement. Avec un grand avantage : <strong>lorsque vous achetez un abri de 5 m\u00b2 ou moins, vous pouvez le monter dans votre jardin sans en r\u00e9f\u00e9rer \u00e0 votre Mairie<\/strong>. <span style=\"color: #ff9900;\"><a style=\"color: #ff9900;\" href=\"http:\/\/www.franceabris.com\/138-petit-abri-jardin-metal-moins-de-5m2\">Nul besoin de permis de construire ou de d\u00e9claration pr\u00e9alable de travaux !<\/a><\/span> Bien pratique, non ? Ne pas avoir \u00e0 se\u00a0rendre en Mairie pour avoir des infos sur des questions d&rsquo;urbanisme &#8211; sauf cas particulier -, c&rsquo;est un gain de temps v\u00e9ritable. D&rsquo;autant que la d\u00e9livrance des documents r\u00e9clam\u00e9s prend toujours plusieurs semaines, ce qui recule d&rsquo;autant plus le montage.<\/p>\n<h3 style=\"text-align: justify;\">5 m\u00b2, la surface id\u00e9ale pour un abri de jardin sans contraintes<\/h3>\n<p style=\"text-align: justify;\">Autre avantage du 5 m\u00b2 : la place dans votre jardin. Et oui, tout le monde ne peut pas installer chez soi un chalet bois de 45 m\u00b2 ! Pour autant, les besoins en place et en rangement sont souvent r\u00e9els.<strong> Le cabanon de 5 m\u00b2 est ainsi un bon compromis.<\/strong> Non seulement vous pouvez l&rsquo;installer dans le jardin, dans un endroit peu expos\u00e9, afin de pr\u00e9server l&rsquo;esth\u00e9tique de votre ext\u00e9rieur, mais <strong>vous avez \u00e9galement la possibilit\u00e9 de choisir un mod\u00e8le adoss\u00e9 \u00e0 la maison<\/strong>. Facilit\u00e9 d&rsquo;acc\u00e8s, espace de stockage\u2026 Vous conservez votre mat\u00e9riel \u00e0 port\u00e9e de main !<\/p>\n<h2>LE M\u00c9TAL, UNE SOLUTION D&rsquo;ABRI FAITE POUR DURER DANS VOS JARDINS !<\/h2>\n<figure id=\"attachment_8188\" aria-describedby=\"caption-attachment-8188\" style=\"width: 365px\" class=\"wp-caption aligncenter\"><img decoding=\"async\" loading=\"lazy\" class=\"wp-image-8188\" style=\"border: 1px solid #000000;\" src=\"http:\/\/www.franceabris.com\/BLOG\/wp-content\/uploads\/2017\/03\/abri-m\u00e9tal-4.jpg\" alt=\"Petit abri m\u00e9tallique en acier galvanis\u00e9 \u00e0 installer au jardin\" width=\"365\" height=\"269\" srcset=\"https:\/\/www.franceabris.com\/BLOG\/wp-content\/uploads\/2017\/03\/abri-m\u00e9tal-4.jpg 397w, https:\/\/www.franceabris.com\/BLOG\/wp-content\/uploads\/2017\/03\/abri-m\u00e9tal-4-134x98.jpg 134w, https:\/\/www.franceabris.com\/BLOG\/wp-content\/uploads\/2017\/03\/abri-m\u00e9tal-4-327x240.jpg 327w\" sizes=\"(max-width: 365px) 100vw, 365px\" \/><figcaption id=\"caption-attachment-8188\" class=\"wp-caption-text\">Avec le m\u00e9tal, les abris de jardin petite taille deviennent des cabanons modulables pratiques, faciles \u00e0 installer et durables.<\/figcaption><\/figure>\n<p style=\"text-align: justify;\">Au moment de choisir votre abri de jardin, la question des mat\u00e9riaux se pose in\u00e9vitablement. <strong>Vous aurez globalement le choix entre des cabanons en bois, des abris m\u00e9talliques et des cabanes en PVC.<\/strong> Des mod\u00e8les diff\u00e9rents, des qualit\u00e9s diff\u00e9rentes\u2026 pour r\u00e9pondre \u00e0 des besoins diff\u00e9rents !<\/p>\n<h3 style=\"text-align: justify;\">Les cabanons de jardin m\u00e9tal b\u00e9n\u00e9ficient d&rsquo;une garantie longue dur\u00e9e<\/h3>\n<p style=\"text-align: justify;\">Et si vous tentiez le m\u00e9tal ? Toujours dans l&rsquo;id\u00e9e de gain de place, de gain de temps, de gain d&rsquo;argent, l&rsquo;acier galvanis\u00e9 reste une valeur s\u00fbre. <strong>Avec des mod\u00e8les garantis entre 10 et 25 ans, les abris m\u00e9talliques r\u00e9sistent tr\u00e8s bien aux affres du temps<\/strong> : la galvanisation leur permet d&rsquo;\u00eatre anti-corrosion et l&rsquo;ensemble ne craint pas vraiment ni les rayons ultraviolets, ni les coups de vent , ni les chutes de neige\u2026 Tout juste les variations de temp\u00e9rature ne sont pas faciles \u00e0 g\u00e9rer \u00e0 l&rsquo;int\u00e9rieur de ces cabanons : l&rsquo;abri peut \u00eatre chaud l&rsquo;\u00e9t\u00e9 ou froid l&rsquo;hiver.<\/p>\n<h3 style=\"text-align: justify;\">Des mod\u00e8les en zincalume pour une r\u00e9sistance de l&rsquo;abri accrue<\/h3>\n<figure id=\"attachment_8187\" aria-describedby=\"caption-attachment-8187\" style=\"width: 364px\" class=\"wp-caption aligncenter\"><img decoding=\"async\" loading=\"lazy\" class=\"wp-image-8187\" style=\"border: 1px solid #000000;\" src=\"http:\/\/www.franceabris.com\/BLOG\/wp-content\/uploads\/2017\/03\/abri-m\u00e9tal-3.jpg\" alt=\"Abri m\u00e9tal de taille r\u00e9duite avec a\u00e9ration et toit deux pentes\" width=\"364\" height=\"268\" srcset=\"https:\/\/www.franceabris.com\/BLOG\/wp-content\/uploads\/2017\/03\/abri-m\u00e9tal-3.jpg 397w, https:\/\/www.franceabris.com\/BLOG\/wp-content\/uploads\/2017\/03\/abri-m\u00e9tal-3-134x98.jpg 134w, https:\/\/www.franceabris.com\/BLOG\/wp-content\/uploads\/2017\/03\/abri-m\u00e9tal-3-327x240.jpg 327w\" sizes=\"(max-width: 364px) 100vw, 364px\" \/><figcaption id=\"caption-attachment-8187\" class=\"wp-caption-text\">Toit double pente, a\u00e9ration, skylight\u2026 et finition zincalume ou acier galvanis\u00e9 pour une r\u00e9sistance optimale. Les options ne manquent pas sur ces petits abris d&rsquo;ext\u00e9rieur en m\u00e9tal !<\/figcaption><\/figure>\n<p style=\"text-align: justify;\">Mieux, <strong>les mod\u00e8les de cabanes m\u00e9talliques propos\u00e9es b\u00e9n\u00e9ficient des meilleures qualit\u00e9s d&rsquo;acier, puisque certaines d&rsquo;entre elles sont con\u00e7ues en zincalume et utilisent le proc\u00e9d\u00e9 colorbond<\/strong>. Le zincalume \u00a0offre une r\u00e9sistance quatre fois sup\u00e9rieure \u00e0 celle d&rsquo;un acier galvanis\u00e9 classique, quand le colorbond permet \u00e0 la peinture de l&rsquo;abri de tenir dans le temps, tout en prot\u00e9geant les panneaux m\u00e9talliques de l&rsquo;abri.<\/p>\n<h3 style=\"text-align: justify;\">Quelles options pour votre abri m\u00e9tallique acier galvanis\u00e9 ?<\/h3>\n<p style=\"text-align: justify;\">Ne vous reste plus qu&rsquo;\u00e0 <strong>s\u00e9lectionner un petit abri de jardin m\u00e9tallique recensant les diff\u00e9rentes options souhait\u00e9es<\/strong>. Toit double pente pour faciliter l&rsquo;\u00e9vacuation des eaux et de la neige ? Toit simple pente pour greffer l&rsquo;abri \u00e0 la maison principale ? Toit simple pente pour une silhouette moderne et exploiter un maximum de volume ? Mais vous pouvez aussi ajouter des skylights, des puits de lumi\u00e8re qui vont permettre d&rsquo;avoir de la lumi\u00e8re naturelle dans l&rsquo;abri et \u00e9viter d&rsquo;alimenter votre cabanon acier en \u00e9lectricit\u00e9. Et investir dans une porte s\u00e9curis\u00e9e, une double porte \u00e0 battants, une porte coulissante avec serrure, potentiellement doubl\u00e9e d&rsquo;un verrou.<\/p>\n","protected":false},"excerpt":{"rendered":"<p>C&rsquo;est le printemps ! Les oiseaux chantonnent, la nature reverdit, le soleil retrouve un zeste de vigueur\u2026 ou pas. &lsquo;Y a plus de saisons, faut dire ! Mais, hors ces conditions m\u00e9t\u00e9orologiques, l&rsquo;arriv\u00e9e du printemps sonne le temps du retour au jardin. Il est absolument n\u00e9cessaire d&rsquo;envisager \u00e0 l&rsquo;avance le changement de saison et les &hellip; <a href=\"https:\/\/www.franceabris.com\/BLOG\/au-printemps-ranger-ses-outils-de-jardinage-dans-des-petits-abris-metalliques-de-moins-de-5-m%c2%b2\/\" class=\"more-link\">Continuer la lecture de <span class=\"screen-reader-text\">Au printemps, ranger ses outils de jardinage dans des petits abris m\u00e9talliques de moins de 5 m\u00b2<\/span><\/a><\/p>\n","protected":false},"author":2,"featured_media":8182,"comment_status":"closed","ping_status":"closed","sticky":false,"template":"","format":"standard","meta":[],"categories":[3],"tags":[],"_links":{"self":[{"href":"https:\/\/www.franceabris.com\/BLOG\/wp-json\/wp\/v2\/posts\/8167"}],"collection":[{"href":"https:\/\/www.franceabris.com\/BLOG\/wp-json\/wp\/v2\/posts"}],"about":[{"href":"https:\/\/www.franceabris.com\/BLOG\/wp-json\/wp\/v2\/types\/post"}],"author":[{"embeddable":true,"href":"https:\/\/www.franceabris.com\/BLOG\/wp-json\/wp\/v2\/users\/2"}],"replies":[{"embeddable":true,"href":"https:\/\/www.franceabris.com\/BLOG\/wp-json\/wp\/v2\/comments?post=8167"}],"version-history":[{"count":0,"href":"https:\/\/www.franceabris.com\/BLOG\/wp-json\/wp\/v2\/posts\/8167\/revisions"}],"wp:featuredmedia":[{"embeddable":true,"href":"https:\/\/www.franceabris.com\/BLOG\/wp-json\/wp\/v2\/media\/8182"}],"wp:attachment":[{"href":"https:\/\/www.franceabris.com\/BLOG\/wp-json\/wp\/v2\/media?parent=8167"}],"wp:term":[{"taxonomy":"category","embeddable":true,"href":"https:\/\/www.franceabris.com\/BLOG\/wp-json\/wp\/v2\/categories?post=8167"},{"taxonomy":"post_tag","embeddable":true,"href":"https:\/\/www.franceabris.com\/BLOG\/wp-json\/wp\/v2\/tags?post=8167"}],"curies":[{"name":"wp","href":"https:\/\/api.w.org\/{rel}","templated":true}]}}