{"id":8348,"date":"2017-06-10T06:00:22","date_gmt":"2017-06-10T05:00:22","guid":{"rendered":"http:\/\/www.franceabris.com\/BLOG\/?p=8348"},"modified":"2017-06-20T17:22:19","modified_gmt":"2017-06-20T16:22:19","slug":"une-region-un-abri-garage-56-face-au-vent-de-locean-des-abris-garages-pvc-ou-metalliques","status":"publish","type":"post","link":"https:\/\/www.franceabris.com\/BLOG\/une-region-un-abri-garage-56-face-au-vent-de-locean-des-abris-garages-pvc-ou-metalliques\/","title":{"rendered":"Une r\u00e9gion, un abri garage  (5\/6)  : face au vent de l&rsquo;oc\u00e9an, des abris garages PVC ou m\u00e9talliques"},"content":{"rendered":"<p style=\"text-align: justify;\"><strong>Il ne faut pas n\u00e9gliger la m\u00e9t\u00e9o quotidienne et votre situation g\u00e9ographique dans le choix de votre abri ou de votre garage. FRANCE ABRIS vous conseille par le biais d\u2019une petite s\u00e9rie bimestrielle, \u00ab\u00a0Une r\u00e9gion, un abri garage\u00a0\u00bb, qui vous aiguillera dans votre choix. Aujourd\u2019hui, les abris garages install\u00e9s au bord de l&rsquo;oc\u00e9an ou de la mer !\u00a0Les probl\u00e9matiques sont sp\u00e9cifiques avec des agressions ext\u00e9rieures qui ne manquent pas\u2026 Suivez le guide !<\/strong><\/p>\n<p style=\"text-align: justify;\"><em>Tous nos articles \u00ab\u00a0Une r\u00e9gion, un abri\u00a0\u00bb :<\/em><a href=\"http:\/\/www.franceabris.com\/BLOG\/une-region-un-abri-garage-16-envisager-un-garage-pvc-dans-une-region-pluvieuse\/\" target=\"_blank\" rel=\"noopener noreferrer\"><strong><br \/>\n<\/strong><\/a><strong>\u2192<\/strong> <a href=\"http:\/\/www.franceabris.com\/BLOG\/une-region-un-abri-garage-16-envisager-un-garage-pvc-dans-une-region-pluvieuse\/\" target=\"_blank\" rel=\"noopener noreferrer\">Une r\u00e9gion, un abri garage (1\/6) :<span style=\"color: #ff9900;\"> envisager un garage PVC dans une r\u00e9gion pluvieuse !<\/span><\/a><br \/>\n<strong>\u2192<\/strong> <a href=\"http:\/\/www.franceabris.com\/BLOG\/une-region-un-abri-garage-26-moyenne-montagne-et-abris-en-bois\/\" target=\"_blank\" rel=\"noopener noreferrer\">Une r\u00e9gion, un abri garage (2\/6) :<span style=\"color: #ff9900;\"> moyenne montagne et abris en bois<br \/>\n<\/span><\/a><strong>\u2192<\/strong> <a href=\"http:\/\/www.franceabris.com\/BLOG\/une-region-un-abri-garage-36-garages-en-bois-en-plaines-et-regions-exposees-au-vent\/\">Une r\u00e9gion, un abri garage (3\/6) :\u00a0<span style=\"color: #ff9900;\">garages en bois en plaines et r\u00e9gions expos\u00e9es au vent (f\u00e9vrier 2017)<\/span><\/a><br \/>\n<strong>\u2192<\/strong> <a href=\"http:\/\/www.franceabris.com\/BLOG\/une-region-un-abri-garage-46-en-ville-une-solution-dabri-garage-en-pvc\/\" target=\"_blank\" rel=\"noopener noreferrer\">Une r\u00e9gion, un abri garage (4\/6) :<span style=\"color: #ff9900;\">\u00a0en ville, une solution d&rsquo;abri garage en PVC ? (avril 2017)<\/span><\/a><br \/>\n<strong>\u2192<\/strong> <a href=\"http:\/\/www.franceabris.com\/BLOG\/une-region-un-abri-garage-56-face-au-vent-de-locean-des-abris-garages-pvc-ou-metalliques\/\" target=\"_blank\" rel=\"noopener\">Une r\u00e9gion, un abri garage (5\/6) :\u00a0<span style=\"color: #ff9900;\">face au vent de l&rsquo;oc\u00e9an, des abris garages PVC ou m\u00e9talliques (juin 2017)<\/span><\/a><br \/>\n<strong>\u2192<\/strong> Une r\u00e9gion, un abri garage (6\/6) :\u00a0<span style=\"color: #ff9900;\">un garage en m\u00e9tal dans le sud m\u00e9diterran\u00e9en (ao\u00fbt 2017)<\/span><\/p>\n<p style=\"text-align: justify;\"><em>\u00ab\u00a0Vieil oc\u00e9an, aux vagues de cristal, tu ressembles proportionnellement \u00e0 ces marques azur\u00e9es que l&rsquo;on voit sur le dos meurtri des mousses ; tu es un immense bleu, appliqu\u00e9 sur le corps de la terre ; j&rsquo;aime cette comparaison.\u00a0\u00bb\u00a0<\/em>Vieil oc\u00e9an, vieil oc\u00e9an\u2026\u00a0Lautr\u00e9amont ne s&rsquo;y trompe pas : dans sa bouche de po\u00e8te,<span style=\"color: #ff6600;\"><a style=\"color: #ff6600;\" href=\"https:\/\/fr.wikipedia.org\/wiki\/Comte_de_Lautr%C3%A9amont\" target=\"_blank\" rel=\"noopener noreferrer\"> l&rsquo;un des plus \u00e9tonnants du XIX\u00e8me<\/a><\/span> et l&rsquo;un des plus \u00ab\u00a0maudits\u00a0\u00bb de sa g\u00e9n\u00e9ration, ces mots racontent toute la violence de l&rsquo;oc\u00e9an, vieil h\u00e9matome au sang bleu et toujours douloureux.<\/p>\n<p style=\"text-align: center;\"><strong>Le rapport avec votre abri ?<\/strong><\/p>\n<p style=\"text-align: center;\">\u2026<\/p>\n<p style=\"text-align: justify;\">Pas \u00e9vident, certes. Et pourtant, et pourtant\u2026 Qui dit oc\u00e9an, dit aussi vent, iode, embruns\u2026 <strong>Autant d&rsquo;agressions qui mettent \u00e0 mal et usent les mat\u00e9riaux de vos abris de jardin, de vos garages, de vos ossatures et charpentes bois ou m\u00e9talliques.<\/strong> Oui, tout \u00e0 leur violence, Atlantique et confr\u00e8res ont une f\u00e2cheuse tendance \u00e0 r\u00e9duire la dur\u00e9e de vie de vos abris.<\/p>\n<p style=\"text-align: justify;\">Mais, alors, quel abri garage choisir si vous habitez dans les Landes, au Pays Basque, en Vend\u00e9e ou en Bretagne ? FRANCE ABRIS vous conseille.<\/p>\n<h2 style=\"text-align: justify;\">PROBL\u00c8MES OC\u00c9ANIQUES ET ABRIS OU CABANONS AU JARDIN<\/h2>\n<h3 style=\"text-align: justify;\">L&rsquo;humidit\u00e9 : fl\u00e9au habituel pour les garages et abris en bois<\/h3>\n<figure id=\"attachment_8374\" aria-describedby=\"caption-attachment-8374\" style=\"width: 448px\" class=\"wp-caption aligncenter\"><img decoding=\"async\" loading=\"lazy\" class=\"wp-image-8374\" style=\"border: 1px solid #000000;\" src=\"http:\/\/www.franceabris.com\/BLOG\/wp-content\/uploads\/2016\/11\/abri-pluie-oc\u00e9an-546x437.jpg\" alt=\"Les abris sont expos\u00e9s \u00e0 l'humidit\u00e9 au bord de l'oc\u00e9an\" width=\"448\" height=\"358\" srcset=\"https:\/\/www.franceabris.com\/BLOG\/wp-content\/uploads\/2016\/11\/abri-pluie-oc\u00e9an-546x437.jpg 546w, https:\/\/www.franceabris.com\/BLOG\/wp-content\/uploads\/2016\/11\/abri-pluie-oc\u00e9an-123x98.jpg 123w, https:\/\/www.franceabris.com\/BLOG\/wp-content\/uploads\/2016\/11\/abri-pluie-oc\u00e9an-300x240.jpg 300w, https:\/\/www.franceabris.com\/BLOG\/wp-content\/uploads\/2016\/11\/abri-pluie-oc\u00e9an.jpg 564w\" sizes=\"(max-width: 448px) 100vw, 448px\" \/><figcaption id=\"caption-attachment-8374\" class=\"wp-caption-text\">En bordure d&rsquo;oc\u00e9an, les \u00e9l\u00e9ments sont parfois d\u00e9cha\u00een\u00e9s\u2026 Tous\u2026 aux abris ? (Cr\u00e9dit photo : tournesol50.tumblr.com\/Pinterest.com)<\/figcaption><\/figure>\n<p style=\"text-align: justify;\">Premier fl\u00e9au ? L&rsquo;humidit\u00e9.\u00a0<strong>Le climat oc\u00e9anique, caract\u00e9ris\u00e9 par des hivers doux et humides, risque d&rsquo;exposer votre mod\u00e8le aux in\u00e9vitables moisissures des taux d&rsquo;humidit\u00e9 trop \u00e9lev\u00e9s.<\/strong> Et non, la Bretagne n&rsquo;est pas championne en la mati\u00e8re, puisque c&rsquo;est au Pays Basque que la pluviom\u00e9trie s&rsquo;av\u00e8re la moins conciliante. Un fl\u00e9au qui n&rsquo;est pas la sp\u00e9cificit\u00e9 du bord de mer, mais dont il fait tenir compte !<\/p>\n<h3 style=\"text-align: justify;\">Le vent nous portera (avec nos cabanes PVC)<\/h3>\n<p style=\"text-align: justify;\">Le deuxi\u00e8me, ce sera peut-\u00eatre le vent. Certes, toutes les r\u00e9gions de bord de mer ne sont pas expos\u00e9es aux soufflantes un peu trop prononc\u00e9es. La situation de votre abri ou de votre garage favorisera ou contrera ce param\u00e8tre, selon qu&rsquo;il est install\u00e9 derri\u00e8re une colline ou un \u00e9cran d&rsquo;arbre ou, au contraire, \u00e0 la pointe d&rsquo;une presque-\u00eele. Reste que pour nombre de propri\u00e9taires d&rsquo;un bien sur les c\u00f4tes de l&rsquo;Hexagone (atlantiques ou m\u00e9diterran\u00e9ennes), <strong>il sera essentiel d&rsquo;ancrer correctement l&rsquo;abri au sol et de s&rsquo;assurer qu&rsquo;il ne soit pas emport\u00e9 par la premi\u00e8re bourrasque.<\/strong><\/p>\n<h3 style=\"text-align: justify;\">Le sel marin, une bon bol d&rsquo;iode pour notre sant\u00e9, mais pas pour les abris de jardin m\u00e9talliques<\/h3>\n<figure id=\"attachment_8375\" aria-describedby=\"caption-attachment-8375\" style=\"width: 416px\" class=\"wp-caption aligncenter\"><a href=\"http:\/\/www.galvazinc.com\/carte-des-dur%C3%A9es-de-vie.html\"><img decoding=\"async\" loading=\"lazy\" class=\"wp-image-8375 size-large\" style=\"border: 1px solid #000000;\" src=\"http:\/\/www.franceabris.com\/BLOG\/wp-content\/uploads\/2016\/11\/abri-pluie-oc\u00e9an-2-416x437.jpg\" alt=\"Des abris sur les c\u00f4t\u00e9s en acier : la galvanisation tient combien de temps ?\" width=\"416\" height=\"437\" srcset=\"https:\/\/www.franceabris.com\/BLOG\/wp-content\/uploads\/2016\/11\/abri-pluie-oc\u00e9an-2-416x437.jpg 416w, https:\/\/www.franceabris.com\/BLOG\/wp-content\/uploads\/2016\/11\/abri-pluie-oc\u00e9an-2-93x98.jpg 93w, https:\/\/www.franceabris.com\/BLOG\/wp-content\/uploads\/2016\/11\/abri-pluie-oc\u00e9an-2-228x240.jpg 228w, https:\/\/www.franceabris.com\/BLOG\/wp-content\/uploads\/2016\/11\/abri-pluie-oc\u00e9an-2.jpg 508w\" sizes=\"(max-width: 416px) 100vw, 416px\" \/><\/a><figcaption id=\"caption-attachment-8375\" class=\"wp-caption-text\">Galvazinc.com a cr\u00e9\u00e9 une carte o\u00f9 constater la dur\u00e9e de vie des galvanisations de 70 \u00b5m d&rsquo;\u00e9paisseur. Ici, les Landes, avec des r\u00e9sultats plut\u00f4t positifs !<\/figcaption><\/figure>\n<p style=\"text-align: justify;\">Troisi\u00e8me et dernier probl\u00e8me rencontr\u00e9 : le sel marin. <strong>Port\u00e9 par le vent, il s&rsquo;attaque \u00e0 certains mat\u00e9riaux\u2026 L&rsquo;acier brut, par exemple<\/strong>, puisqu&rsquo;il vient dissoudre la couche d&rsquo;oxyde en surface, l&rsquo;exposant, par la suite, \u00e0 l&rsquo;humidit\u00e9, d&rsquo;o\u00f9 une corrosion galopante plus qu&rsquo;handicapante pour la long\u00e9vit\u00e9 de votre abri. Comment contourner ce probl\u00e8me ? Quel garage ou quel cabanon choisir pour \u00e9viter les difficult\u00e9s dues \u00e0 l&rsquo;accumulation de ces complexit\u00e9s ?<\/p>\n<p style=\"text-align: justify;\"><strong>FRANCE ABRIS vous oriente vers deux types d&rsquo;abris garages diff\u00e9rents capables de r\u00e9sister dans ces conditions. Quels sont-ils ?<\/strong><\/p>\n<h2 style=\"text-align: justify;\">1\/ Les cabanes de jardin en PVC<\/h2>\n<p style=\"text-align: justify;\">Les qualit\u00e9s de r\u00e9sine PVC ne sont pas toutes \u00e9gales, certes, mais la tendance va vers une am\u00e9lioration de la r\u00e9sistance des mod\u00e8les. En l&rsquo;occurrence, <strong>les cabanons de jardin FRANCE ABRIS craignent assez peu d&rsquo;\u00eatre install\u00e9s en bord de mer.<\/strong> Teint\u00e9s dans la masse et imputrescibles, <a href=\"http:\/\/www.franceabris.com\/155-abri-de-jardin-pvc-grosfillex\" target=\"_blank\" rel=\"noopener noreferrer\"><span style=\"color: #ff6600;\">ils tiennent de fa\u00e7on excellente face \u00e0 l&rsquo;humidit\u00e9 et correctement face aux rayons ultraviolets<\/span>.<\/a><\/p>\n<figure id=\"attachment_3391\" aria-describedby=\"caption-attachment-3391\" style=\"width: 397px\" class=\"wp-caption aligncenter\"><img decoding=\"async\" loading=\"lazy\" class=\"wp-image-3391\" style=\"border: 1px solid #000000;\" src=\"http:\/\/www.franceabris.com\/BLOG\/wp-content\/uploads\/2014\/04\/Abri-PVC-Grosfillex.jpg\" alt=\"Abri PVC r\u00e9sine Grosfillex pour votre jardin\" width=\"397\" height=\"290\" srcset=\"https:\/\/www.franceabris.com\/BLOG\/wp-content\/uploads\/2014\/04\/Abri-PVC-Grosfillex.jpg 394w, https:\/\/www.franceabris.com\/BLOG\/wp-content\/uploads\/2014\/04\/Abri-PVC-Grosfillex-134x98.jpg 134w, https:\/\/www.franceabris.com\/BLOG\/wp-content\/uploads\/2014\/04\/Abri-PVC-Grosfillex-328x240.jpg 328w\" sizes=\"(max-width: 397px) 100vw, 397px\" \/><figcaption id=\"caption-attachment-3391\" class=\"wp-caption-text\">Un abri de jardin Grosfillex en PVC : une garantie de r\u00e9sistance !<\/figcaption><\/figure>\n<h3 style=\"text-align: justify;\">Gr\u00e2ce \u00e0 la r\u00e9sine PVC, la cabane de jardin r\u00e9siste au sel marin<\/h3>\n<p style=\"text-align: justify;\">Certes, le sel marin peut avoir un effet d&rsquo;usure in\u00e9vitable et alt\u00e9rer \u00e0 terme les couleurs ou la surface de l&rsquo;abri ; mais <strong>cette usure restera toujours moins importante esth\u00e9tiquement parlant que celle des abris con\u00e7us dans les autres mat\u00e9riaux.<\/strong> Notez que <span style=\"color: #ff6600;\"><a style=\"color: #ff6600;\" href=\"http:\/\/www.franceabris.com\/12-abri-jardin-pvc\" target=\"_blank\" rel=\"noopener noreferrer\">les cabanons de jardin r\u00e9sine PVC du catalogue FRANCE ABRIS sont g\u00e9n\u00e9ralement garantis dix ans<\/a>.<\/span><\/p>\n<h3 style=\"text-align: justify;\">Attention au vent : l&rsquo;abri PVC est un abri l\u00e9ger<\/h3>\n<p style=\"text-align: justify;\">Attention n\u00e9anmoins\u2026 au vent. Oui, si votre abri PVC craindra peu l&rsquo;humidit\u00e9 ou le sel marin, il pourra se montrer moins fringant dans des conditions de vent extr\u00eames. Le mat\u00e9riau l\u00e9ger du cabanon en fait une proie facile et expos\u00e9e : pour peu que des branches soit charri\u00e9es par le vent, vous pourriez vous retrouver avec une structure d\u00e9form\u00e9e, ab\u00eem\u00e9e\u2026 <strong>Bref, une seule solution : faire plus qu&rsquo;attention \u00e0 l&rsquo;ancrage de votre abri de jardin.<\/strong> Coulez une dalle b\u00e9ton, s\u00e9lectionnez votre kit d&rsquo;ancrage avec soin\u2026 Ne n\u00e9gligez surtout pas cette \u00e9tape !<\/p>\n<h2 style=\"text-align: justify;\">2\/ Les abris de jardin en m\u00e9tal<\/h2>\n<p style=\"text-align: justify;\">\u00c9videmment, avec les structures en m\u00e9tal, on ne peut que craindre la corrosion, surtout dans des conditions d&rsquo;humidit\u00e9 \u00e9lev\u00e9e. Heureusement, <strong><span style=\"color: #ff6600;\"><a style=\"color: #ff6600;\" href=\"http:\/\/www.franceabris.com\/135-abri-jardin-en-acier-galvanise-pas-cher\" target=\"_blank\" rel=\"noopener noreferrer\">FRANCE ABRIS vous propose des abris en acier galvanis\u00e9 \u00e0 chaud<\/a><\/span>, voire en zincalume<\/strong>, parfaitement \u00e0 m\u00eames de r\u00e9sister en bord de mer.<\/p>\n<h3 style=\"text-align: justify;\">Avec la galvanisation \u00e0 chaud, un abri en acier increvable<\/h3>\n<p style=\"text-align: justify;\">Ainsi, l&rsquo;acier galvanis\u00e9 \u00e0 chaud cr\u00e9e un alliage de couches de zinc et de fer successives. Or, lorsque le zinc se corrode sous l&rsquo;effet de la pluie ou des embruns, il se transforme en patine qui, elle, est insensible \u00e0 la corrosion. \u00c9videmment, cette patine nuira certainement \u00e0 l&rsquo;aspect esth\u00e9tique de votre abri. Mais vous n&rsquo;aurez pas grand chose \u00e0 craindre des conditions oc\u00e9aniques difficiles. <strong>Notez d&rsquo;ailleurs qu&rsquo;<span style=\"color: #ff6600;\"><a style=\"color: #ff6600;\" href=\"http:\/\/www.galvazinc.com\/carte-des-dur%C3%A9es-de-vie.html\" target=\"_blank\" rel=\"noopener noreferrer\">un abri en acier dont l&rsquo;\u00e9paisseur de la galvanisation est de\u00a070\u00a0\u00b5m tiendra en moyenne 38 ans \u00e0 Plogoff<\/a><\/span>, dans le Finist\u00e8re<\/strong>, ou 45 ans \u00e0 Lannion, dans les C\u00f4tes-d&rsquo;Armor. Pas mal, non ?<\/p>\n<figure id=\"attachment_8206\" aria-describedby=\"caption-attachment-8206\" style=\"width: 397px\" class=\"wp-caption aligncenter\"><img decoding=\"async\" loading=\"lazy\" class=\"wp-image-8206 size-full\" style=\"border: 1px solid #000000;\" src=\"http:\/\/www.franceabris.com\/BLOG\/wp-content\/uploads\/2017\/03\/abri-garage-acier-galvanis\u00e9-m\u00e9tal-1.jpg\" alt=\"Cabanon de jardin en zincalume TRECO pour de l'acier anti-corrosion\" width=\"397\" height=\"291\" srcset=\"https:\/\/www.franceabris.com\/BLOG\/wp-content\/uploads\/2017\/03\/abri-garage-acier-galvanis\u00e9-m\u00e9tal-1.jpg 397w, https:\/\/www.franceabris.com\/BLOG\/wp-content\/uploads\/2017\/03\/abri-garage-acier-galvanis\u00e9-m\u00e9tal-1-134x98.jpg 134w, https:\/\/www.franceabris.com\/BLOG\/wp-content\/uploads\/2017\/03\/abri-garage-acier-galvanis\u00e9-m\u00e9tal-1-327x240.jpg 327w\" sizes=\"(max-width: 397px) 100vw, 397px\" \/><figcaption id=\"caption-attachment-8206\" class=\"wp-caption-text\">Un abri de jardin TRECO, con\u00e7u en zincalume et b\u00e9n\u00e9ficiant du proc\u00e9d\u00e9 Colorbond<\/figcaption><\/figure>\n<h3 style=\"text-align: justify;\">Des mod\u00e8les en zincalume pour r\u00e9sister aux intemp\u00e9ries des bords de mer<\/h3>\n<p style=\"text-align: justify;\">Si l&rsquo;acier galvanis\u00e9 ne vous s\u00e9duit pas (il faut dire que les mod\u00e8les sont rarement les plus s\u00e9duisants visuellement parlant), <strong>FRANCE ABRIS peut vous proposer des cabanes de jardin ou des garages en zincalume<\/strong>. Le zincalume, c&rsquo;est une r\u00e9f\u00e9rence en mati\u00e8re d&rsquo;acier r\u00e9sistant contre la corrosion dans les environnements marins ; l&rsquo;acier est recouvert d&rsquo;un alliage de zinc et d&rsquo;aluminium permettant de le prot\u00e9ger contre la corrosion quatre fois plus efficacement que la galvanisation classique. Mieux, <a href=\"http:\/\/www.franceabris.com\/140-abris-jardin-metal-bi-color-treco\" target=\"_blank\" rel=\"noopener noreferrer\"><span style=\"color: #ff6600;\">les cabanons, garages et abris propos\u00e9s b\u00e9n\u00e9ficient souvent du proc\u00e9d\u00e9 Colorbond<\/span>,<\/a> consistant \u00e0 ajouter six couches de peinture suppl\u00e9mentaire sur les pi\u00e8ces de la structure.<\/p>\n<h2 style=\"text-align: justify;\">Et le bois ?<\/h2>\n<p style=\"text-align: justify;\">Choix discutable. Le bois est un mat\u00e9riau de qualit\u00e9, c&rsquo;est ind\u00e9niable. Sauf qu&rsquo;il n\u00e9cessite un soin particulier, surtout lorsqu&rsquo;il est expos\u00e9 \u00e0 l&rsquo;humidit\u00e9. Impossible de couper au traitement du bois avec un biocide tous les trois ans (hors bois particuliers) dans des conditions normales ; alors en bordure d&rsquo;oc\u00e9an\u2026 <strong>C&rsquo;est une lutte quotidienne contre les moisissures et le pourrissement du bois que vous devrez mener !<\/strong> Pis, expos\u00e9 au sel marin, votre cabanon bois risque de griser\u2026 En r\u00e9sum\u00e9 : oubliez !<\/p>\n","protected":false},"excerpt":{"rendered":"<p>Il ne faut pas n\u00e9gliger la m\u00e9t\u00e9o quotidienne et votre situation g\u00e9ographique dans le choix de votre abri ou de votre garage. FRANCE ABRIS vous conseille par le biais d\u2019une petite s\u00e9rie bimestrielle, \u00ab\u00a0Une r\u00e9gion, un abri garage\u00a0\u00bb, qui vous aiguillera dans votre choix. Aujourd\u2019hui, les abris garages install\u00e9s au bord de l&rsquo;oc\u00e9an ou de &hellip; <a href=\"https:\/\/www.franceabris.com\/BLOG\/une-region-un-abri-garage-56-face-au-vent-de-locean-des-abris-garages-pvc-ou-metalliques\/\" class=\"more-link\">Continuer la lecture de <span class=\"screen-reader-text\">Une r\u00e9gion, un abri garage  (5\/6)  : face au vent de l&rsquo;oc\u00e9an, des abris garages PVC ou m\u00e9talliques<\/span><\/a><\/p>\n","protected":false},"author":2,"featured_media":8969,"comment_status":"closed","ping_status":"closed","sticky":false,"template":"","format":"standard","meta":[],"categories":[3],"tags":[],"_links":{"self":[{"href":"https:\/\/www.franceabris.com\/BLOG\/wp-json\/wp\/v2\/posts\/8348"}],"collection":[{"href":"https:\/\/www.franceabris.com\/BLOG\/wp-json\/wp\/v2\/posts"}],"about":[{"href":"https:\/\/www.franceabris.com\/BLOG\/wp-json\/wp\/v2\/types\/post"}],"author":[{"embeddable":true,"href":"https:\/\/www.franceabris.com\/BLOG\/wp-json\/wp\/v2\/users\/2"}],"replies":[{"embeddable":true,"href":"https:\/\/www.franceabris.com\/BLOG\/wp-json\/wp\/v2\/comments?post=8348"}],"version-history":[{"count":0,"href":"https:\/\/www.franceabris.com\/BLOG\/wp-json\/wp\/v2\/posts\/8348\/revisions"}],"wp:featuredmedia":[{"embeddable":true,"href":"https:\/\/www.franceabris.com\/BLOG\/wp-json\/wp\/v2\/media\/8969"}],"wp:attachment":[{"href":"https:\/\/www.franceabris.com\/BLOG\/wp-json\/wp\/v2\/media?parent=8348"}],"wp:term":[{"taxonomy":"category","embeddable":true,"href":"https:\/\/www.franceabris.com\/BLOG\/wp-json\/wp\/v2\/categories?post=8348"},{"taxonomy":"post_tag","embeddable":true,"href":"https:\/\/www.franceabris.com\/BLOG\/wp-json\/wp\/v2\/tags?post=8348"}],"curies":[{"name":"wp","href":"https:\/\/api.w.org\/{rel}","templated":true}]}}