{"id":8418,"date":"2017-03-17T06:00:05","date_gmt":"2017-03-17T05:00:05","guid":{"rendered":"http:\/\/www.franceabris.com\/BLOG\/?p=8418"},"modified":"2017-01-10T17:21:31","modified_gmt":"2017-01-10T16:21:31","slug":"3-raisons-dacheter-un-abri-ou-une-couverture-pour-votre-terrasse","status":"publish","type":"post","link":"https:\/\/www.franceabris.com\/BLOG\/3-raisons-dacheter-un-abri-ou-une-couverture-pour-votre-terrasse\/","title":{"rendered":"3 raisons d&rsquo;acheter un abri ou une couverture pour votre terrasse !"},"content":{"rendered":"<p style=\"text-align: justify;\">Et si vous preniez le caf\u00e9 sur la terrasse ? C&rsquo;est l&rsquo;un de ces petits plaisirs qu&rsquo;on peut s&rsquo;offrir lorsque le soleil revient, aux mois de mai ou juin\u2026 Mais, pour en profiter id\u00e9alement, l&rsquo;installation d&rsquo;un abri terrasse est une n\u00e9cessit\u00e9. <strong>Vous n&rsquo;\u00eates pas convaincu ? Voici trois v\u00e9rit\u00e9s sur les toits de terrasse\u00a0qui vous en persuaderont.<\/strong><\/p>\n<h2 style=\"text-align: justify;\">1\/ L&rsquo;abri terrasse n&rsquo;est pas si cher<\/h2>\n<p style=\"text-align: justify;\">Non, qui dit abri terrasse, auvent de terrasse, pergola et autres couvertures de terrasse ne dit pas forc\u00e9ment investissement d\u00e9mesur\u00e9. <strong>Avec FRANCE ABRIS, vous trouverez forc\u00e9ment votre bonheur parmi des abris terrasse \u00e0 des tarifs abordables.<\/strong><\/p>\n<h3 style=\"text-align: justify;\">Un toit terrasse en alu \u00e0 moins de 700\u20ac<\/h3>\n<p style=\"text-align: justify;\">Ainsi, pour moins de 700\u20ac, vous pouvez acqu\u00e9rir <span style=\"color: #ff6600;\"><a style=\"color: #ff6600;\" href=\"http:\/\/www.franceabris.com\/toit-terrasse-alu\/2604-id.html\" target=\"_blank\">un toit terrasse en aluminium ajustable avec des panneaux en polycarbonate<\/a><\/span>. Une structure sur deux pieds adoss\u00e9e \u00e0 la fa\u00e7ade de la maison et nantie d&rsquo;une goutti\u00e8re pour optimiser l&rsquo;\u00e9vacuation de l&rsquo;eau. Un petit espace de 4 m\u00b2 \u00e0 prix r\u00e9duit pour profiter au mieux des beaux jours ! Avec un avantage consid\u00e9rable : vous pouvez l&rsquo;installer sur votre balcon ou votre terrasse d&rsquo;immeuble si c&rsquo;est autoris\u00e9 !<\/p>\n<figure id=\"attachment_8419\" aria-describedby=\"caption-attachment-8419\" style=\"width: 392px\" class=\"wp-caption aligncenter\"><img decoding=\"async\" loading=\"lazy\" class=\"wp-image-8419\" style=\"border: 1px solid #000000;\" src=\"http:\/\/www.franceabris.com\/BLOG\/wp-content\/uploads\/2016\/11\/abri-toit-terrasse-1.jpg\" alt=\"Abri et toit terrasse ou couverture \u00e0 installer sur son balcon\" width=\"392\" height=\"287\" srcset=\"https:\/\/www.franceabris.com\/BLOG\/wp-content\/uploads\/2016\/11\/abri-toit-terrasse-1.jpg 397w, https:\/\/www.franceabris.com\/BLOG\/wp-content\/uploads\/2016\/11\/abri-toit-terrasse-1-134x98.jpg 134w, https:\/\/www.franceabris.com\/BLOG\/wp-content\/uploads\/2016\/11\/abri-toit-terrasse-1-327x240.jpg 327w\" sizes=\"(max-width: 392px) 100vw, 392px\" \/><figcaption id=\"caption-attachment-8419\" class=\"wp-caption-text\">Cet abri ou toit terrasse est suffisamment compact pour s&rsquo;installer en ville, sur votre balcon. Encore faut-il que les r\u00e8gles d&rsquo;urbanisme et de la copropri\u00e9t\u00e9 le permettent, mais c&rsquo;est un bel atout.<\/figcaption><\/figure>\n<h3 style=\"text-align: justify;\">Un abri terrasse discount de 9 m\u00b2 \u00e0 800\u20ac<\/h3>\n<p style=\"text-align: justify;\">Autre style, autre couleur, autre finition\u2026 mais petit prix \u00e9galement ! <span style=\"color: #ff6600;\"><a style=\"color: #ff6600;\" href=\"http:\/\/www.franceabris.com\/toit-terrasse-alu\/2381-id-.html\" target=\"_blank\">Cet abri terrasse discount est con\u00e7u en aluminium et en acier<\/a><\/span>, avec une couverture en polycarbonate qui retient les rayons ultraviolets. Quatre poteaux, toit simple pente\u2026 Le style est un peu plus moderne que le pr\u00e9c\u00e9dent mod\u00e8le pour une surface couverte de 9 m\u00b2. Gr\u00e2ce \u00e0 la pente de la couverture et aux goutti\u00e8res, vous n&rsquo;aurez aucun mal \u00e0 vous d\u00e9barrasser des r\u00e9sidus d&rsquo;eau de pluie et des \u00e9ventuelles couches de neige. Le tout pour\u2026 800\u20ac.<\/p>\n<figure id=\"attachment_8420\" aria-describedby=\"caption-attachment-8420\" style=\"width: 397px\" class=\"wp-caption aligncenter\"><img decoding=\"async\" loading=\"lazy\" class=\"wp-image-8420\" style=\"border: 1px solid #000000;\" src=\"http:\/\/www.franceabris.com\/BLOG\/wp-content\/uploads\/2016\/11\/abri-toit-terrasse-2.jpg\" alt=\"Couverture de terrasse de 9 m\u00b2 pour d\u00e9jeuner \" width=\"397\" height=\"291\" srcset=\"https:\/\/www.franceabris.com\/BLOG\/wp-content\/uploads\/2016\/11\/abri-toit-terrasse-2.jpg 397w, https:\/\/www.franceabris.com\/BLOG\/wp-content\/uploads\/2016\/11\/abri-toit-terrasse-2-134x98.jpg 134w, https:\/\/www.franceabris.com\/BLOG\/wp-content\/uploads\/2016\/11\/abri-toit-terrasse-2-327x240.jpg 327w\" sizes=\"(max-width: 397px) 100vw, 397px\" \/><figcaption id=\"caption-attachment-8420\" class=\"wp-caption-text\">Un investissement r\u00e9duit\u2026 et vous voil\u00e0 \u00e9quip\u00e9 d&rsquo;un abri pour votre terrasse, couvrant une surface de 9 m\u00b2, o\u00f9 d\u00e9jeuner en toute saison !<\/figcaption><\/figure>\n<ul style=\"text-align: justify;\">\n<li><span style=\"color: #ff6600;\"><a style=\"color: #ff6600;\" href=\"http:\/\/www.franceabris.com\/toit-terrasse-alu\/2604-id.html\">TOIT TERRASSE ALU BLANC DISCOUNT<\/a><\/span><\/li>\n<li><span style=\"color: #ff6600;\"><a style=\"color: #ff6600;\" href=\"http:\/\/www.franceabris.com\/toit-terrasse-alu\/2381-id-.html\">ABRI TERRASSE M\u00c9TAL DISCOUNT<\/a><\/span><\/li>\n<li><span style=\"color: #ff6600;\"><a style=\"color: #ff6600;\" href=\"http:\/\/www.franceabris.com\/toit-terrasse-alu\/537-id.html\" target=\"_blank\">TOIT TERRASSE ALUMINIUM BLANC DISCOUNT<\/a><\/span><\/li>\n<\/ul>\n<h2 style=\"text-align: justify;\">2\/ L&rsquo;abri terrasse est r\u00e9sistant<\/h2>\n<p style=\"text-align: justify;\"><strong>Les deux mod\u00e8les d&rsquo;auvent terrasse pr\u00e9sent\u00e9s sont garantis respectivement sept et dix ans<\/strong> : une assurance cons\u00e9quente contre les al\u00e9as du temps et de la m\u00e9t\u00e9o.\u00a0Pour rappel, les structures en aluminium r\u00e9sistent parfaitement \u00e0 la corrosion :<\/p>\n<blockquote><p>L&rsquo;aluminium m\u00e9tallique est tr\u00e8s oxydable, mais est imm\u00e9diatement passiv\u00e9 par une fine couche d&rsquo;alumine Al<sub>2<\/sub>O<sub>3<\/sub> imperm\u00e9able de quelques microm\u00e8tres d&rsquo;\u00e9paisseur qui prot\u00e8ge la masse m\u00e9tallique de la corrosion. [\u2026]\u00a0Cette r\u00e9sistance \u00e0 la corrosion et sa remarquable l\u00e9g\u00e8ret\u00e9 en ont fait un mat\u00e9riau tr\u00e8s utilis\u00e9 industriellement. (Source : <a href=\"https:\/\/fr.wikipedia.org\/wiki\/Aluminium\" target=\"_blank\">Wikip\u00e9dia<\/a>)<\/p><\/blockquote>\n<h3 style=\"text-align: justify;\">Des auvents terrasse optimis\u00e9s pour une utilisation fonctionnelle<\/h3>\n<p style=\"text-align: justify;\"><strong>Avec les panneaux en polycarbonate, vous aurez de quoi profiter du soleil tout en vous pr\u00e9servant des rayons UV.<\/strong> Le tout sous une structure qui tiendra face \u00e0 des vents de 120 km\/h \u00e0 150 km\/h. Les goutti\u00e8res sont \u00e9videmment bien pratiques pour aider \u00e0 l&rsquo;entretien au quotidien. Pensez simplement \u00e0 les nettoyer \u00e0 l&rsquo;automne, afin qu&rsquo;elles ne soient pas bouch\u00e9es par les feuilles mortes.<\/p>\n<h2 style=\"text-align: justify;\">3\/ L&rsquo;abri terrasse sert en hiver, comme en \u00e9t\u00e9 !<\/h2>\n<figure id=\"attachment_6822\" aria-describedby=\"caption-attachment-6822\" style=\"width: 395px\" class=\"wp-caption aligncenter\"><img decoding=\"async\" loading=\"lazy\" class=\"wp-image-6822 size-full\" style=\"border: 1px solid #000000;\" src=\"http:\/\/www.franceabris.com\/BLOG\/wp-content\/uploads\/2016\/05\/Capture-d\u2019\u00e9cran-2016-05-25-\u00e0-17.43.11.png\" alt=\"Toit terrasse en aluminium pour abriter les tables de caf\u00e9s et restaurants\" width=\"395\" height=\"288\" srcset=\"https:\/\/www.franceabris.com\/BLOG\/wp-content\/uploads\/2016\/05\/Capture-d\u2019\u00e9cran-2016-05-25-\u00e0-17.43.11.png 395w, https:\/\/www.franceabris.com\/BLOG\/wp-content\/uploads\/2016\/05\/Capture-d\u2019\u00e9cran-2016-05-25-\u00e0-17.43.11-134x98.png 134w, https:\/\/www.franceabris.com\/BLOG\/wp-content\/uploads\/2016\/05\/Capture-d\u2019\u00e9cran-2016-05-25-\u00e0-17.43.11-329x240.png 329w\" sizes=\"(max-width: 395px) 100vw, 395px\" \/><figcaption id=\"caption-attachment-6822\" class=\"wp-caption-text\">L&rsquo;auvent de terrasse, en \u00e9t\u00e9, c&rsquo;est le pied ! Mais en hiver aussi : vos amis fumeurs l&rsquo;appr\u00e9cieront, tout comme la famille lors des rassemblements\u2026 Et oui, un abri terrasse, c&rsquo;est souvent une extension du salon !<\/figcaption><\/figure>\n<p style=\"text-align: justify;\">Ne croyez pas que votre couverture de terrasse ne vous servira qu&rsquo;en \u00e9t\u00e9, les jours o\u00f9 la temp\u00e9rature et la m\u00e9t\u00e9o vous le permettront. <strong>Il n&rsquo;est pas difficile d&rsquo;imaginer comme il pourra \u00eatre appr\u00e9ciable de mettre le nez dehors courant d\u00e9cembre<\/strong>, sous votre abri terrasse, en \u00e9vitant averses et flocons ! Et les petits malins installeront m\u00eame un chauffage de terrasse pour \u00e9viter d&rsquo;\u00eatre, certes, prot\u00e9g\u00e9s de la pluie, mais frigorifi\u00e9s.<\/p>\n<h3 style=\"text-align: justify;\">Une garantie contre les impr\u00e9vus m\u00e9t\u00e9orologiques !<\/h3>\n<p style=\"text-align: justify;\"><strong>L&rsquo;\u00e9t\u00e9, c&rsquo;est aussi la possibilit\u00e9 de d\u00e9jeuner sans craindre une averse ou un changement de temps soudain.<\/strong> Des revirements m\u00e9t\u00e9orologiques habituels dans certaines r\u00e9gions\u2026 Fini le repas avec belle-maman d\u00e9but\u00e9 sous un soleil radieux et rapatri\u00e9 en catastrophe dans la cuisine \u00e0 l&rsquo;arriv\u00e9e des premi\u00e8res gouttes impr\u00e9vues !<\/p>\n<p style=\"text-align: justify;\">Alors\u2026 convaincu ?<\/p>\n","protected":false},"excerpt":{"rendered":"<p>Et si vous preniez le caf\u00e9 sur la terrasse ? C&rsquo;est l&rsquo;un de ces petits plaisirs qu&rsquo;on peut s&rsquo;offrir lorsque le soleil revient, aux mois de mai ou juin\u2026 Mais, pour en profiter id\u00e9alement, l&rsquo;installation d&rsquo;un abri terrasse est une n\u00e9cessit\u00e9. Vous n&rsquo;\u00eates pas convaincu ? Voici trois v\u00e9rit\u00e9s sur les toits de terrasse\u00a0qui vous &hellip; <a href=\"https:\/\/www.franceabris.com\/BLOG\/3-raisons-dacheter-un-abri-ou-une-couverture-pour-votre-terrasse\/\" class=\"more-link\">Continuer la lecture de <span class=\"screen-reader-text\">3 raisons d&rsquo;acheter un abri ou une couverture pour votre terrasse !<\/span><\/a><\/p>\n","protected":false},"author":2,"featured_media":5523,"comment_status":"closed","ping_status":"closed","sticky":false,"template":"","format":"standard","meta":[],"categories":[3],"tags":[],"_links":{"self":[{"href":"https:\/\/www.franceabris.com\/BLOG\/wp-json\/wp\/v2\/posts\/8418"}],"collection":[{"href":"https:\/\/www.franceabris.com\/BLOG\/wp-json\/wp\/v2\/posts"}],"about":[{"href":"https:\/\/www.franceabris.com\/BLOG\/wp-json\/wp\/v2\/types\/post"}],"author":[{"embeddable":true,"href":"https:\/\/www.franceabris.com\/BLOG\/wp-json\/wp\/v2\/users\/2"}],"replies":[{"embeddable":true,"href":"https:\/\/www.franceabris.com\/BLOG\/wp-json\/wp\/v2\/comments?post=8418"}],"version-history":[{"count":0,"href":"https:\/\/www.franceabris.com\/BLOG\/wp-json\/wp\/v2\/posts\/8418\/revisions"}],"wp:featuredmedia":[{"embeddable":true,"href":"https:\/\/www.franceabris.com\/BLOG\/wp-json\/wp\/v2\/media\/5523"}],"wp:attachment":[{"href":"https:\/\/www.franceabris.com\/BLOG\/wp-json\/wp\/v2\/media?parent=8418"}],"wp:term":[{"taxonomy":"category","embeddable":true,"href":"https:\/\/www.franceabris.com\/BLOG\/wp-json\/wp\/v2\/categories?post=8418"},{"taxonomy":"post_tag","embeddable":true,"href":"https:\/\/www.franceabris.com\/BLOG\/wp-json\/wp\/v2\/tags?post=8418"}],"curies":[{"name":"wp","href":"https:\/\/api.w.org\/{rel}","templated":true}]}}