{"id":873,"date":"2013-03-02T06:00:35","date_gmt":"2013-03-02T05:00:35","guid":{"rendered":"http:\/\/www.franceabris.com\/BLOG\/?p=873"},"modified":"2017-01-04T17:06:58","modified_gmt":"2017-01-04T16:06:58","slug":"garage-en-bois-latout-protecteur-dune-grande-valeur","status":"publish","type":"post","link":"https:\/\/www.franceabris.com\/BLOG\/garage-en-bois-latout-protecteur-dune-grande-valeur\/","title":{"rendered":"Garage en bois, l&rsquo;astuce du 2 en 1 !"},"content":{"rendered":"<p style=\"text-align: justify;\">Comment mettre sa voiture \u00e0 l\u2019abri et disposer, en plus, d\u2019une r\u00e9serve pour ranger tout son petit bazar ? Rien de plus simple, adoptez un <strong>garage avec atelier int\u00e9gr\u00e9<\/strong>.<\/p>\n<p style=\"text-align: justify;\"><!--more-->Ce qui s\u00e9duit dans ce <strong><a href=\"http:\/\/www.franceabris.com\/9-garage-bois\" target=\"_blank\">mod\u00e8le de garage en bois<\/a><\/strong> implant\u00e9 dans la r\u00e9gion lyonnaise, c\u2019est sa <strong>polyvalence<\/strong>.<br \/>\nLieu d\u2019accueil pour sa voiture que l\u2019on souhaite prot\u00e9ger des m\u00e9faits des intemp\u00e9ries, espace de stockage du bois, coin rangement pour tout le mobilier ext\u00e9rieur, abri pour les 2 roues, la liste est longue et vari\u00e9e !<br \/>\nA chacun son style d\u2019agencement\u2026<\/p>\n<p style=\"text-align: justify;\"><a href=\"http:\/\/www.franceabris.com\/133-garage-bois-avec-atelier-ou-remise\" target=\"_blank\"><strong>L&rsquo;atelier\u00a0accol\u00e9 au garage<\/strong><\/a>\u00a0vous permettra de caser des outils de jardinage, de cr\u00e9er un cave \u00e0 vins ou d&rsquo;en faire un lieu de stockage d\u00e9di\u00e9. Laissez libre cours \u00e0 votre imagination&#8230;<\/p>\n<p style=\"text-align: justify;\">Suppl\u00e9e par une dalle de b\u00e9ton, le garage en bois dispose d\u2019un <strong>fort isolant thermique<\/strong>. Votre mat\u00e9riel est ainsi \u00e0 l\u2019abri des moisissures et des variations climatiques.<\/p>\n<p style=\"text-align: justify;\">A n\u2019en pas douter, <strong>l\u2019esth\u00e9tique du bois<\/strong> constitue un vrai plus et se fond \u00e0 l\u2019ambiance g\u00e9n\u00e9rale de votre jardin.\u00a0Si vous \u00eates lass\u00e9 au bout de quelques ann\u00e9es de l\u2019apparence de votre garage, vous avez la possibilit\u00e9 de le personnaliser avec une <strong>nouvelle teinte<\/strong>. Et le renouveau s\u2019introduit dans votre espace ext\u00e9rieur \u00e0 moindre co\u00fbt.<\/p>\n<p style=\"text-align: justify;\">France Abris vous invite \u00e9galement \u00e0 consulter les <strong><a href=\"http:\/\/www.franceabris.com\/BLOG\/instructions-montage-garage-bois-photos-appui\/\" target=\"_blank\">\u00e9tapes de montage d\u2019un mod\u00e8le en bois avec un atelier attelant de 5m2<\/a><\/strong>.<\/p>\n<p style=\"text-align: justify;\"><strong>\u00a0<\/strong><\/p>\n","protected":false},"excerpt":{"rendered":"<p>Comment mettre sa voiture \u00e0 l\u2019abri et disposer, en plus, d\u2019une r\u00e9serve pour ranger tout son petit bazar ? Rien de plus simple, adoptez un garage avec atelier int\u00e9gr\u00e9.<\/p>\n","protected":false},"author":2,"featured_media":778,"comment_status":"open","ping_status":"open","sticky":false,"template":"","format":"standard","meta":[],"categories":[2],"tags":[],"_links":{"self":[{"href":"https:\/\/www.franceabris.com\/BLOG\/wp-json\/wp\/v2\/posts\/873"}],"collection":[{"href":"https:\/\/www.franceabris.com\/BLOG\/wp-json\/wp\/v2\/posts"}],"about":[{"href":"https:\/\/www.franceabris.com\/BLOG\/wp-json\/wp\/v2\/types\/post"}],"author":[{"embeddable":true,"href":"https:\/\/www.franceabris.com\/BLOG\/wp-json\/wp\/v2\/users\/2"}],"replies":[{"embeddable":true,"href":"https:\/\/www.franceabris.com\/BLOG\/wp-json\/wp\/v2\/comments?post=873"}],"version-history":[{"count":0,"href":"https:\/\/www.franceabris.com\/BLOG\/wp-json\/wp\/v2\/posts\/873\/revisions"}],"wp:featuredmedia":[{"embeddable":true,"href":"https:\/\/www.franceabris.com\/BLOG\/wp-json\/wp\/v2\/media\/778"}],"wp:attachment":[{"href":"https:\/\/www.franceabris.com\/BLOG\/wp-json\/wp\/v2\/media?parent=873"}],"wp:term":[{"taxonomy":"category","embeddable":true,"href":"https:\/\/www.franceabris.com\/BLOG\/wp-json\/wp\/v2\/categories?post=873"},{"taxonomy":"post_tag","embeddable":true,"href":"https:\/\/www.franceabris.com\/BLOG\/wp-json\/wp\/v2\/tags?post=873"}],"curies":[{"name":"wp","href":"https:\/\/api.w.org\/{rel}","templated":true}]}}