{"id":8877,"date":"2017-05-10T06:12:02","date_gmt":"2017-05-10T05:12:02","guid":{"rendered":"http:\/\/www.franceabris.com\/BLOG\/?p=8877"},"modified":"2017-10-23T16:35:21","modified_gmt":"2017-10-23T15:35:21","slug":"un-materiau-qui-fait-mouche-les-lames-composites","status":"publish","type":"post","link":"https:\/\/www.franceabris.com\/BLOG\/un-materiau-qui-fait-mouche-les-lames-composites\/","title":{"rendered":"Un mat\u00e9riau qui fait mouche : les lames composites"},"content":{"rendered":"<p style=\"text-align: justify;\">Le bois, le m\u00e9tal, le PVC\u2026 On a souvent l&rsquo;impression que le choix de nos abris de jardin se limite \u00e0 ces trois mat\u00e9riaux. Et pourtant\u2026 Il existe d&rsquo;autres possibilit\u00e9s. <strong>FRANCE ABRIS vous fait ainsi d\u00e9couvrir les cabanons con\u00e7us en lames composites.<\/strong><!--more--><\/p>\n<p style=\"text-align: justify;\">Ce n&rsquo;est pas du bois, ce n&rsquo;est pas du PVC\u2026 mais un peu des deux. Et c&rsquo;est surtout une solution qui cumule les vertus de deux mat\u00e9riaux : <strong>de la r\u00e9sistance, de la durabilit\u00e9, de l&rsquo;autonomie, mais aussi de l&rsquo;esth\u00e9tique et une finition haut de gamme<\/strong>. Que demander de plus ? Explications.<\/p>\n<h2 style=\"text-align: justify;\">POURQUOI\u2026 DES LAMES COMPOSITES ?<\/h2>\n<p style=\"text-align: justify;\"><span style=\"color: #ff6600;\"><a style=\"color: #ff6600;\" href=\"http:\/\/www.franceabris.com\/273-abri-jardin-lame-composite\" target=\"_blank\" rel=\"noopener\">Les abris du catalogues FRANCE ABRIS con\u00e7us en lames composites<\/a><\/span> sont en fait des cabanons dont les lames, s&#8217;embo\u00eetant les unes dans les autres, sont compos\u00e9es de trois types de mat\u00e9riaux : <strong>60% de bois recycl\u00e9<\/strong> ; <strong>35% de PEHD vierge<\/strong> (poly\u00e9thyl\u00e8ne haute-densit\u00e9) ; et <strong>5% d&rsquo;adjuvants<\/strong> (anti-ultraviolets par exemple).<\/p>\n<h3 style=\"text-align: justify;\">L&rsquo;avantage de la durabilit\u00e9 pour les abris composites en kit<\/h3>\n<p style=\"text-align: justify;\">Ainsi, \u00e0 l&rsquo;inverse des cabanes en r\u00e9sine, habituellement fabriqu\u00e9es en polypropyl\u00e8ne, les abris en composite sont lourds &#8211; mais aussi plus r\u00e9sistants. Pour une structure en r\u00e9sine de 250 kg, l&rsquo;\u00e9quivalent composite pourra atteindre les 800 kg, ce qui permet d&rsquo;aborder plus sereinement les intemp\u00e9ries : oui, <strong>les abris en lames composites sont beaucoup plus solides et durables<\/strong> que leurs homologues en r\u00e9sine.<\/p>\n<ul>\n<li style=\"text-align: justify;\"><a href=\"http:\/\/www.franceabris.com\/abri-jardin\/3060-id.html\" target=\"_blank\" rel=\"noopener\"><span style=\"color: #ff6600;\">Un abri de jardin en lames composites avec toit<\/span><br \/>\n<\/a><\/li>\n<li style=\"text-align: justify;\"><span style=\"color: #ff6600;\"><a style=\"color: #ff6600;\" href=\"http:\/\/www.franceabris.com\/abri-jardin\/3059-id.html\" target=\"_blank\" rel=\"noopener\">Cabanon pour le jardin en kits, con\u00e7u en lames composites, mais avec toit double pente<\/a><\/span><\/li>\n<li style=\"text-align: justify;\"><span style=\"color: #ff6600;\"><a style=\"color: #ff6600;\" href=\"http:\/\/www.franceabris.com\/abri-jardin\/3061-id.html\" target=\"_blank\" rel=\"noopener\">Bureau de jardin ou pool-house en lames composites<\/a><\/span><\/li>\n<\/ul>\n<figure id=\"attachment_8883\" aria-describedby=\"caption-attachment-8883\" style=\"width: 396px\" class=\"wp-caption aligncenter\"><img decoding=\"async\" loading=\"lazy\" class=\"wp-image-8883 size-full\" style=\"border: 1px solid #000000;\" src=\"http:\/\/www.franceabris.com\/BLOG\/wp-content\/uploads\/2017\/05\/005-abri-lame-composite.jpg\" alt=\"Abri en lame composite pour le jardin\" width=\"396\" height=\"291\" srcset=\"https:\/\/www.franceabris.com\/BLOG\/wp-content\/uploads\/2017\/05\/005-abri-lame-composite.jpg 396w, https:\/\/www.franceabris.com\/BLOG\/wp-content\/uploads\/2017\/05\/005-abri-lame-composite-133x98.jpg 133w, https:\/\/www.franceabris.com\/BLOG\/wp-content\/uploads\/2017\/05\/005-abri-lame-composite-327x240.jpg 327w\" sizes=\"(max-width: 396px) 100vw, 396px\" \/><figcaption id=\"caption-attachment-8883\" class=\"wp-caption-text\">Les lames composites de ces abris en kit se montent facilement.<\/figcaption><\/figure>\n<h2 style=\"text-align: justify;\">POURQUOI\u2026 CHOISIR UN ABRI DE JARDIN EN LAMES COMPOSITES ?<\/h2>\n<p style=\"text-align: justify;\">Les avantages d&rsquo;un mat\u00e9riau composite sont nombreux. Dans le cas d&rsquo;un appentis ou d&rsquo;un bureau d&rsquo;ext\u00e9rieur, <strong>il vient notamment r\u00e9gler le probl\u00e8me des reproches habituellement faits aux cabanons en r\u00e9sine<\/strong>, tr\u00e8s l\u00e9gers, qui souffrent plus ais\u00e9ment du soleil et des intemp\u00e9ries.<\/p>\n<h3 style=\"text-align: justify;\">1\/ La dur\u00e9e de vie<\/h3>\n<p style=\"text-align: justify;\"><strong>L&rsquo;abri en lames composites, lui, b\u00e9n\u00e9ficie d&rsquo;une dur\u00e9e de vie \u00e9tendue<\/strong> : la base en aluminium ne craint pas la corrosion, la couverture est faite de solives en composite alv\u00e9olaire, les fen\u00eatres sont en double vitrage\u2026 Sans parler des adjuvants qui permettent de le renforcer contre les rayons ultraviolets, d&rsquo;une part, et la d\u00e9formation, d&rsquo;autre part. Le bois qui entre dans la composition des lames, sa rigidit\u00e9, sa solidit\u00e9, permettra d&rsquo;\u00e9viter que votre cabanon ne s&rsquo;envole \u00e0 la premi\u00e8re bourrasque (pour peu que vous l&rsquo;ayez mont\u00e9 sur une dalle b\u00e9ton). Le PEHD, lui, offrira la tol\u00e9rance n\u00e9cessaire \u00e0 toutes les m\u00e9t\u00e9os !<\/p>\n<figure id=\"attachment_8882\" aria-describedby=\"caption-attachment-8882\" style=\"width: 396px\" class=\"wp-caption aligncenter\"><img decoding=\"async\" loading=\"lazy\" class=\"wp-image-8882 size-full\" style=\"border: 1px solid #000000;\" src=\"http:\/\/www.franceabris.com\/BLOG\/wp-content\/uploads\/2017\/05\/004-abri-lame-composite.jpg\" alt=\"Abri cabanon qui sert de pool house\" width=\"396\" height=\"291\" srcset=\"https:\/\/www.franceabris.com\/BLOG\/wp-content\/uploads\/2017\/05\/004-abri-lame-composite.jpg 396w, https:\/\/www.franceabris.com\/BLOG\/wp-content\/uploads\/2017\/05\/004-abri-lame-composite-133x98.jpg 133w, https:\/\/www.franceabris.com\/BLOG\/wp-content\/uploads\/2017\/05\/004-abri-lame-composite-327x240.jpg 327w\" sizes=\"(max-width: 396px) 100vw, 396px\" \/><figcaption id=\"caption-attachment-8882\" class=\"wp-caption-text\">Con\u00e7u en lames composites, cet abri pour le jardin peut servir de pool-house.<\/figcaption><\/figure>\n<h3 style=\"text-align: justify;\">2\/ L&rsquo;autonomie<\/h3>\n<p style=\"text-align: justify;\"><strong>L&rsquo;autonomie reste d&rsquo;ailleurs l&rsquo;un des grands arguments pour ces abris.<\/strong> \u00c0 l&rsquo;inverse des cabanes en bois, ils ne r\u00e9clament pas de traitement fongicide et insecticide et se comportent comme des abris PVC classiques de ce point de vue-l\u00e0. Pas de solution protectrice \u00e0 passer, donc, pas d&rsquo;entretien particulier non plus : une \u00e9ponge non abrasive et du savon suffisent si les lames sont sales ; voire un simple jet d&rsquo;eau pour un nettoyage rapide.<\/p>\n<h3 style=\"text-align: justify;\">3\/ L&rsquo;esth\u00e9tique<\/h3>\n<p style=\"text-align: justify;\"><strong>Surtout, l&rsquo;argument principal de ces abris composites en kit tient en un mot : l&rsquo;esth\u00e9tique.<\/strong> Entre les cabanons en bois, souvent tr\u00e8s classiques, les abris m\u00e9talliques pas toujours s\u00e9duisants et les structures en PVC \u00e0 la finition parfois discutable, il n&rsquo;est pas toujours facile de d\u00e9goter la perle rare. Les abris en lames composites, eux, sont \u00e9l\u00e9gants, mais discrets, affichent un look moderne et une silhouette imbattable. Mieux, ils sont singuliers et ces produits, peu vus sur le march\u00e9, ont un petit quelque chose d&rsquo;unique toujours agr\u00e9able et valorisant pour votre jardin. Avec leur toit plat, ils peuvent \u00eatre install\u00e9s \u00e0 proximit\u00e9 de la maison, comme plus loin, entre les arbres. Impossible de faire mieux !<\/p>\n<figure id=\"attachment_8878\" aria-describedby=\"caption-attachment-8878\" style=\"width: 396px\" class=\"wp-caption aligncenter\"><img decoding=\"async\" loading=\"lazy\" class=\"wp-image-8878 size-full\" style=\"border: 1px solid #000000;\" src=\"http:\/\/www.franceabris.com\/BLOG\/wp-content\/uploads\/2017\/05\/000-abri-lame-composite.jpg\" alt=\"Cabanon toit plat composite\" width=\"396\" height=\"290\" srcset=\"https:\/\/www.franceabris.com\/BLOG\/wp-content\/uploads\/2017\/05\/000-abri-lame-composite.jpg 396w, https:\/\/www.franceabris.com\/BLOG\/wp-content\/uploads\/2017\/05\/000-abri-lame-composite-134x98.jpg 134w, https:\/\/www.franceabris.com\/BLOG\/wp-content\/uploads\/2017\/05\/000-abri-lame-composite-328x240.jpg 328w\" sizes=\"(max-width: 396px) 100vw, 396px\" \/><figcaption id=\"caption-attachment-8878\" class=\"wp-caption-text\">Le toit plat peut \u00eatre un argument esth\u00e9tique pour ce cabanon composite en kit.<\/figcaption><\/figure>\n<h2 style=\"text-align: justify;\">LES CONSEILS DE FRANCE ABRIS<\/h2>\n<p style=\"text-align: justify;\">Avant de passer commande, renseignez-vous aupr\u00e8s de votre Mairie : <strong>si votre abri fait moins de 5 m\u00b2, vous n&rsquo;aurez probablement besoin d&rsquo;aucune autorisation pour l&rsquo;\u00e9riger<\/strong>, \u00e0 moins que votre terrain ne se situe \u00e0 proximit\u00e9 d&rsquo;un site class\u00e9 ou sauvegard\u00e9 ; au-del\u00e0, vous pourrez \u00eatre amen\u00e9 \u00e0 demander un permis de construire ou \u00e0 faire une d\u00e9claration pr\u00e9alable de travaux.<\/p>\n<h3 style=\"text-align: justify;\">Pr\u00e9voir sa dalle en b\u00e9ton pour monter le cabanon en lames composites<\/h3>\n<p style=\"text-align: justify;\">Il est \u00e9galement important de monter le cabanon ou le chalet composite sur une dalle en b\u00e9ton. Cette derni\u00e8re, qui mettra deux semaines \u00e0 s\u00e9cher environ, servira de trois fa\u00e7ons : 1\/ fixer correctement l&rsquo;abri au sol pour que ses abords soient s\u00e9curis\u00e9s ; 2\/ accro\u00eetre sa r\u00e9sistance et sa solidit\u00e9 face aux intemp\u00e9ries ou dans des conditions m\u00e9t\u00e9os difficiles ; 3\/ <strong>garantir l&rsquo;\u00e9tanch\u00e9it\u00e9 du sol, permettant d&rsquo;\u00e9viter les infiltrations, un sol boueux ou l&rsquo;humidit\u00e9<\/strong> d&rsquo;une mani\u00e8re g\u00e9n\u00e9rale.<\/p>\n<figure id=\"attachment_8884\" aria-describedby=\"caption-attachment-8884\" style=\"width: 396px\" class=\"wp-caption aligncenter\"><img decoding=\"async\" loading=\"lazy\" class=\"wp-image-8884 size-full\" style=\"border: 1px solid #000000;\" src=\"http:\/\/www.franceabris.com\/BLOG\/wp-content\/uploads\/2017\/05\/006-abri-lame-composite.jpg\" alt=\"Abri de jardin sur dalle b\u00e9ton\" width=\"396\" height=\"291\" srcset=\"https:\/\/www.franceabris.com\/BLOG\/wp-content\/uploads\/2017\/05\/006-abri-lame-composite.jpg 396w, https:\/\/www.franceabris.com\/BLOG\/wp-content\/uploads\/2017\/05\/006-abri-lame-composite-133x98.jpg 133w, https:\/\/www.franceabris.com\/BLOG\/wp-content\/uploads\/2017\/05\/006-abri-lame-composite-327x240.jpg 327w\" sizes=\"(max-width: 396px) 100vw, 396px\" \/><figcaption id=\"caption-attachment-8884\" class=\"wp-caption-text\">Il vaut toujours mieux fixer ses abris de jardin sur une dalle b\u00e9ton.<\/figcaption><\/figure>\n<h3 style=\"text-align: justify;\">Montage : les lames facilitent l&rsquo;installation<\/h3>\n<p style=\"text-align: justify;\"><strong>Le montage de <span style=\"color: #ff6600;\"><a style=\"color: #ff6600;\" href=\"http:\/\/www.franceabris.com\/273-abri-jardin-lame-composite\" target=\"_blank\" rel=\"noopener\">ces abris en lames composites<\/a><\/span> est une op\u00e9ration facilit\u00e9e par les lames elles-m\u00eames<\/strong> : en empilant et embo\u00eetant ces derni\u00e8res, les parois s&rsquo;\u00e9rigent ais\u00e9ment.\u00a0\u00c9videmment, l&rsquo;installation des ouvertures peut s&rsquo;av\u00e9rer un peu plus d\u00e9licate &#8211; c&rsquo;est habituel. Surtout, pour les mod\u00e8les \u00e0 toit plat, le bandeau p\u00e9riph\u00e9rique sous la couverture est un peu complexe \u00e0 installer et r\u00e9clame l&rsquo;utilisation d&rsquo;une machine \u00e0 riveter. Pensez-y !<\/p>\n<p>Enfin, notez qu&rsquo;<strong>il est n\u00e9cessaire de recouvrir les lames composites de la toiture par du shingle<\/strong> pour des questions d&rsquo;isolation, de protection et d&rsquo;esth\u00e9tique. De quoi \u00e9viter les fuites et infiltrations par temps de pluie\u2026 Mais pas que ! En cas de grosse averse, par exemple, le shingle r\u00e9duira la pollution sonore dans l&rsquo;abri. Mais il se pose aussi tr\u00e8s facilement, s&rsquo;av\u00e8re particuli\u00e8rement l\u00e9ger, tout en brillant par sa r\u00e9sistance aux intemp\u00e9ries.<\/p>\n<p>&nbsp;<\/p>\n","protected":false},"excerpt":{"rendered":"<p>Le bois, le m\u00e9tal, le PVC\u2026 On a souvent l&rsquo;impression que le choix de nos abris de jardin se limite \u00e0 ces trois mat\u00e9riaux. Et pourtant\u2026 Il existe d&rsquo;autres possibilit\u00e9s. FRANCE ABRIS vous fait ainsi d\u00e9couvrir les cabanons con\u00e7us en lames composites.<\/p>\n","protected":false},"author":2,"featured_media":8881,"comment_status":"closed","ping_status":"closed","sticky":false,"template":"","format":"standard","meta":[],"categories":[2],"tags":[],"_links":{"self":[{"href":"https:\/\/www.franceabris.com\/BLOG\/wp-json\/wp\/v2\/posts\/8877"}],"collection":[{"href":"https:\/\/www.franceabris.com\/BLOG\/wp-json\/wp\/v2\/posts"}],"about":[{"href":"https:\/\/www.franceabris.com\/BLOG\/wp-json\/wp\/v2\/types\/post"}],"author":[{"embeddable":true,"href":"https:\/\/www.franceabris.com\/BLOG\/wp-json\/wp\/v2\/users\/2"}],"replies":[{"embeddable":true,"href":"https:\/\/www.franceabris.com\/BLOG\/wp-json\/wp\/v2\/comments?post=8877"}],"version-history":[{"count":0,"href":"https:\/\/www.franceabris.com\/BLOG\/wp-json\/wp\/v2\/posts\/8877\/revisions"}],"wp:featuredmedia":[{"embeddable":true,"href":"https:\/\/www.franceabris.com\/BLOG\/wp-json\/wp\/v2\/media\/8881"}],"wp:attachment":[{"href":"https:\/\/www.franceabris.com\/BLOG\/wp-json\/wp\/v2\/media?parent=8877"}],"wp:term":[{"taxonomy":"category","embeddable":true,"href":"https:\/\/www.franceabris.com\/BLOG\/wp-json\/wp\/v2\/categories?post=8877"},{"taxonomy":"post_tag","embeddable":true,"href":"https:\/\/www.franceabris.com\/BLOG\/wp-json\/wp\/v2\/tags?post=8877"}],"curies":[{"name":"wp","href":"https:\/\/api.w.org\/{rel}","templated":true}]}}