{"id":889,"date":"2013-03-04T16:50:30","date_gmt":"2013-03-04T15:50:30","guid":{"rendered":"http:\/\/www.franceabris.com\/BLOG\/?p=889"},"modified":"2013-03-15T17:44:13","modified_gmt":"2013-03-15T16:44:13","slug":"focus-thomas-badel-coureur-rallye-objectifs-2013","status":"publish","type":"post","link":"https:\/\/www.franceabris.com\/BLOG\/focus-thomas-badel-coureur-rallye-objectifs-2013\/","title":{"rendered":"Focus sur Thomas BADEL, coureur de rallye &#8211; Objectifs 2013"},"content":{"rendered":"<p style=\"text-align: justify;\">Outre la volont\u00e9 affich\u00e9e de l\u2019\u00e9quipage BADEL de gagner des courses dans leur classe et leur groupe, l\u2019objectif ultime pour cette saison est de se qualifier pour la <strong>finale \u00e0 Oyonnax<\/strong> en Octobre prochain qui <strong>d\u00e9terminera le champion de France dans chaque cat\u00e9gorie<\/strong>.<br \/>\n<!--more-->Pour y arriver, une r\u00e9gularit\u00e9 dans les r\u00e9sultats est obligatoire mais aussi dans les participations aux diff\u00e9rentes courses.<br \/>\nEt ce dernier \u00e9l\u00e9ment d\u00e9pend des moyens financiers disponibles, le rallye \u00e9tant une discipline sportive tr\u00e8s on\u00e9reuse n\u00e9cessitant une <strong>gestion budg\u00e9taire\u00a0 approfondie<\/strong>.<br \/>\nUne petite indication, l\u2019inscription \u00e0 une manche du championnat de France s\u2019\u00e9l\u00e8ve\u00a0 \u00e0 750\u20ac environ.<\/p>\n<p style=\"text-align: justify;\">Des ennuis m\u00e9caniques ou des sorties de route n\u00e9cessitant de grosses r\u00e9parations peuvent ainsi venir <strong>entraver le bon d\u00e9roulement d\u2019une saison<\/strong> et de son budget pr\u00e9visionnel&#8230;<\/p>\n<p style=\"text-align: justify;\">France Abris d\u00e9taillera tr\u00e8s prochainement les postes de d\u00e9pense d\u2019une ann\u00e9e en rallye au niveau amateur.<\/p>\n<p style=\"text-align: justify;\"><em>France Abris est <a href=\"http:\/\/www.franceabris.com\/BLOG\/thomas-badel-france-abris-aventure-humaine\/\" target=\"_blank\">partenaire de Thomas BADEL<\/a> pour cette saison 2013.<\/em><br \/>\n<em>Au travers de ce blog, nous souhaitons mettre en lumi\u00e8re ses r\u00e9sultats mais \u00e9galement toutes les \u00e9tapes inh\u00e9rentes \u00e0 son parcours sur les routes r\u00e9gionales et nationales : coulisses, pr\u00e9paratifs techniques, anecdotes et passion.<\/em><\/p>\n<div style=\"text-align: justify;\"><\/div>\n","protected":false},"excerpt":{"rendered":"<p>Outre la volont\u00e9 affich\u00e9e de l\u2019\u00e9quipage BADEL de gagner des courses dans leur classe et leur groupe, l\u2019objectif ultime pour cette saison est de se qualifier pour la finale \u00e0 Oyonnax en Octobre prochain qui d\u00e9terminera le champion de France dans chaque cat\u00e9gorie.<\/p>\n","protected":false},"author":2,"featured_media":892,"comment_status":"open","ping_status":"open","sticky":false,"template":"","format":"standard","meta":[],"categories":[8],"tags":[],"_links":{"self":[{"href":"https:\/\/www.franceabris.com\/BLOG\/wp-json\/wp\/v2\/posts\/889"}],"collection":[{"href":"https:\/\/www.franceabris.com\/BLOG\/wp-json\/wp\/v2\/posts"}],"about":[{"href":"https:\/\/www.franceabris.com\/BLOG\/wp-json\/wp\/v2\/types\/post"}],"author":[{"embeddable":true,"href":"https:\/\/www.franceabris.com\/BLOG\/wp-json\/wp\/v2\/users\/2"}],"replies":[{"embeddable":true,"href":"https:\/\/www.franceabris.com\/BLOG\/wp-json\/wp\/v2\/comments?post=889"}],"version-history":[{"count":0,"href":"https:\/\/www.franceabris.com\/BLOG\/wp-json\/wp\/v2\/posts\/889\/revisions"}],"wp:featuredmedia":[{"embeddable":true,"href":"https:\/\/www.franceabris.com\/BLOG\/wp-json\/wp\/v2\/media\/892"}],"wp:attachment":[{"href":"https:\/\/www.franceabris.com\/BLOG\/wp-json\/wp\/v2\/media?parent=889"}],"wp:term":[{"taxonomy":"category","embeddable":true,"href":"https:\/\/www.franceabris.com\/BLOG\/wp-json\/wp\/v2\/categories?post=889"},{"taxonomy":"post_tag","embeddable":true,"href":"https:\/\/www.franceabris.com\/BLOG\/wp-json\/wp\/v2\/tags?post=889"}],"curies":[{"name":"wp","href":"https:\/\/api.w.org\/{rel}","templated":true}]}}