{"id":8982,"date":"2017-07-25T06:06:47","date_gmt":"2017-07-25T05:06:47","guid":{"rendered":"http:\/\/www.franceabris.com\/BLOG\/?p=8982"},"modified":"2017-07-12T15:02:05","modified_gmt":"2017-07-12T14:02:05","slug":"un-hangar-agricole-a-petit-prix","status":"publish","type":"post","link":"https:\/\/www.franceabris.com\/BLOG\/un-hangar-agricole-a-petit-prix\/","title":{"rendered":"Un hangar professionnel \u00e0 petit prix\u00a0"},"content":{"rendered":"<p style=\"text-align: justify;\">On pense souvent \u00e0 acheter un abri\u2026 mais deux ? ou trois ? Car s&rsquo;il existe des mod\u00e8les doubles ou triples, une autre solution est \u00e9galement envisageable : <strong>joindre deux abris ou carports pour en faire un plus grand.<\/strong><\/p>\n<p style=\"text-align: justify;\">L&rsquo;objectif ? Garder la libert\u00e9 de choisir la forme finale de son duo\/trio d&rsquo;abris ; accoucher d&rsquo;un ensemble prot\u00e9g\u00e9 \u00e0 l&rsquo;esth\u00e9tique diff\u00e9rente et aux fonctionnalit\u00e9s particuli\u00e8re.<\/p>\n<p style=\"text-align: justify;\"><strong>Petit exemple illustr\u00e9 avec la r\u00e9alisation client d&rsquo;un professionnel, qui s&rsquo;est constitu\u00e9 un abri ou un hangar m\u00e9tallique \u00e0 petit prix avec des charpentes modulables en acier.<\/strong><\/p>\n<h2 style=\"text-align: justify;\">Un hangar double pour abriter des v\u00e9hicules professionnels<\/h2>\n<p style=\"text-align: justify;\">Ce client avait besoin d&rsquo;une structure suffisamment grande pour abriter non seulement des v\u00e9hicules massifs, mais prot\u00e9ger aussi temporairement les deux chevaux qu&rsquo;il poss\u00e8de. Probl\u00e8me : il avait pr\u00e9alablement d\u00e9j\u00e0 achet\u00e9 une structure de carport pour voiture, \u00e0 la hauteur utile moins importante. <strong>Comment greffer une nouvelle partie abrit\u00e9e \u00e0 celle existante suffisamment haute pour permettre le passage d&rsquo;un van ?<\/strong><\/p>\n<h3>L&rsquo;ajout d&rsquo;une charpente en m\u00e9tal modulable<\/h3>\n<p style=\"text-align: justify;\">Il a trouv\u00e9 <strong>une solution dans la gamme charpente m\u00e9tallique modulable<\/strong> de FRANCE ABRIS. En ajoutant une structure en acier galvanis\u00e9e grande hauteur contigu\u00eb au carport d\u00e9j\u00e0 install\u00e9, il a pu cr\u00e9er une grande surface abrit\u00e9e et r\u00e9sistante.<\/p>\n<h3>La cr\u00e9ation d&rsquo;un puit de lumi\u00e8re dans son duo de carports en acier<\/h3>\n<p style=\"text-align: justify;\">Mieux, pour finaliser la jonction des deux charpentes, <strong>il a eu la bonne id\u00e9e d&rsquo;acheter une couverture en polycarbonate transparent.<\/strong> R\u00e9sultat : non seulement il se retrouve avec un abri voiture ou abri van b\u00e9n\u00e9ficiant d&rsquo;une emprise au sol maximis\u00e9e, mais en plus cet abri profite d&rsquo;un puit de lumi\u00e8re astucieux !<\/p>\n<p style=\"text-align: justify;\"><img decoding=\"async\" loading=\"lazy\" class=\"aligncenter wp-image-8986 size-large\" style=\"border: 1px solid #000000;\" src=\"http:\/\/www.franceabris.com\/BLOG\/wp-content\/uploads\/2017\/07\/20170705_141413-583x437.jpeg\" alt=\"Un assemblage de deux charpentes m\u00e9talliques en acier\" width=\"583\" height=\"437\" srcset=\"https:\/\/www.franceabris.com\/BLOG\/wp-content\/uploads\/2017\/07\/20170705_141413-583x437.jpeg 583w, https:\/\/www.franceabris.com\/BLOG\/wp-content\/uploads\/2017\/07\/20170705_141413-131x98.jpeg 131w, https:\/\/www.franceabris.com\/BLOG\/wp-content\/uploads\/2017\/07\/20170705_141413-320x240.jpeg 320w, https:\/\/www.franceabris.com\/BLOG\/wp-content\/uploads\/2017\/07\/20170705_141413-768x576.jpeg 768w, https:\/\/www.franceabris.com\/BLOG\/wp-content\/uploads\/2017\/07\/20170705_141413.jpeg 1280w\" sizes=\"(max-width: 583px) 100vw, 583px\" \/><\/p>\n<h2 style=\"text-align: justify;\">Pourquoi la charpente m\u00e9tallique ?<\/h2>\n<p style=\"text-align: justify;\"><strong>Le choix d&rsquo;un hangar m\u00e9tallique n&rsquo;est pas anodin<\/strong> : parmi toutes les structures d&rsquo;abris en acier galvanis\u00e9, il s&rsquo;agit probablement de la plus modulable et adaptable. En effet, ces abris proposent g\u00e9n\u00e9ralement beaucoup d&rsquo;options, notamment en mati\u00e8re de couverture, mais aussi des dimensions particuli\u00e8rement vari\u00e9es qui permettent de trouver son bonheur.<\/p>\n<h3>R\u00e9sistance optimale pour ses structures m\u00e9talliques adaptables<\/h3>\n<p style=\"text-align: justify;\">Surtout, <strong>ces carports sont con\u00e7us en acier galvanis\u00e9 et r\u00e9put\u00e9s pour leur durabilit\u00e9 et leur r\u00e9sistance<\/strong>. Ils ne craignent pas les intemp\u00e9ries gr\u00e2ce \u00e0 la couche de zinc qui les prot\u00e8ge de la corrosion et sont couverts par des garanties courant sur 10 \u00e0 25 ans. Un bon indicateur de leur qualit\u00e9 !<\/p>\n<h3>Pr\u00e9parer l&rsquo;avenir avec une charpente m\u00e9tallique modulable<\/h3>\n<p style=\"text-align: justify;\">Par la suite, si notre client doit attribuer une fonction diff\u00e9rente \u00e0 son duo de structures, il n&rsquo;aura que l&#8217;embarras du choix. <strong>Pourquoi ne pas imaginer qu&rsquo;il puisse clore un c\u00f4t\u00e9 en adjoignant des bardages m\u00e9talliques ?<\/strong> Ou installer un atelier de travail avec tout le mat\u00e9riel n\u00e9cessaire au soin de ses chevaux ? \u00c0 moins qu&rsquo;il ne reste sur une utilisation traditionnelle de son hangar avec le parcage de ses v\u00e9hicules pros !<\/p>\n<div style=\"text-align: justify;\"><img decoding=\"async\" loading=\"lazy\" class=\"aligncenter wp-image-8985 size-large\" style=\"border: 1px solid #000000;\" src=\"http:\/\/www.franceabris.com\/BLOG\/wp-content\/uploads\/2017\/07\/20170705_141347-583x437.jpeg\" alt=\"Un pan en polycarbonate a permis de cr\u00e9er un puit de lumi\u00e8re dans le hangar en acier\" width=\"583\" height=\"437\" srcset=\"https:\/\/www.franceabris.com\/BLOG\/wp-content\/uploads\/2017\/07\/20170705_141347-583x437.jpeg 583w, https:\/\/www.franceabris.com\/BLOG\/wp-content\/uploads\/2017\/07\/20170705_141347-131x98.jpeg 131w, https:\/\/www.franceabris.com\/BLOG\/wp-content\/uploads\/2017\/07\/20170705_141347-320x240.jpeg 320w, https:\/\/www.franceabris.com\/BLOG\/wp-content\/uploads\/2017\/07\/20170705_141347-768x576.jpeg 768w, https:\/\/www.franceabris.com\/BLOG\/wp-content\/uploads\/2017\/07\/20170705_141347.jpeg 1280w\" sizes=\"(max-width: 583px) 100vw, 583px\" \/><\/div>\n","protected":false},"excerpt":{"rendered":"<p>On pense souvent \u00e0 acheter un abri\u2026 mais deux ? ou trois ? Car s&rsquo;il existe des mod\u00e8les doubles ou triples, une autre solution est \u00e9galement envisageable : joindre deux abris ou carports pour en faire un plus grand. L&rsquo;objectif ? Garder la libert\u00e9 de choisir la forme finale de son duo\/trio d&rsquo;abris ; accoucher &hellip; <a href=\"https:\/\/www.franceabris.com\/BLOG\/un-hangar-agricole-a-petit-prix\/\" class=\"more-link\">Continuer la lecture de <span class=\"screen-reader-text\">Un hangar professionnel \u00e0 petit prix\u00a0<\/span><\/a><\/p>\n","protected":false},"author":2,"featured_media":8987,"comment_status":"closed","ping_status":"closed","sticky":false,"template":"","format":"standard","meta":[],"categories":[1],"tags":[],"_links":{"self":[{"href":"https:\/\/www.franceabris.com\/BLOG\/wp-json\/wp\/v2\/posts\/8982"}],"collection":[{"href":"https:\/\/www.franceabris.com\/BLOG\/wp-json\/wp\/v2\/posts"}],"about":[{"href":"https:\/\/www.franceabris.com\/BLOG\/wp-json\/wp\/v2\/types\/post"}],"author":[{"embeddable":true,"href":"https:\/\/www.franceabris.com\/BLOG\/wp-json\/wp\/v2\/users\/2"}],"replies":[{"embeddable":true,"href":"https:\/\/www.franceabris.com\/BLOG\/wp-json\/wp\/v2\/comments?post=8982"}],"version-history":[{"count":0,"href":"https:\/\/www.franceabris.com\/BLOG\/wp-json\/wp\/v2\/posts\/8982\/revisions"}],"wp:featuredmedia":[{"embeddable":true,"href":"https:\/\/www.franceabris.com\/BLOG\/wp-json\/wp\/v2\/media\/8987"}],"wp:attachment":[{"href":"https:\/\/www.franceabris.com\/BLOG\/wp-json\/wp\/v2\/media?parent=8982"}],"wp:term":[{"taxonomy":"category","embeddable":true,"href":"https:\/\/www.franceabris.com\/BLOG\/wp-json\/wp\/v2\/categories?post=8982"},{"taxonomy":"post_tag","embeddable":true,"href":"https:\/\/www.franceabris.com\/BLOG\/wp-json\/wp\/v2\/tags?post=8982"}],"curies":[{"name":"wp","href":"https:\/\/api.w.org\/{rel}","templated":true}]}}