{"id":9099,"date":"2017-11-08T15:46:44","date_gmt":"2017-11-08T14:46:44","guid":{"rendered":"http:\/\/www.franceabris.com\/BLOG\/?p=9099"},"modified":"2017-11-08T16:13:24","modified_gmt":"2017-11-08T15:13:24","slug":"comment-amenager-son-garage-pour-exploiter-tout-son-volume-de-stockage","status":"publish","type":"post","link":"https:\/\/www.franceabris.com\/BLOG\/comment-amenager-son-garage-pour-exploiter-tout-son-volume-de-stockage\/","title":{"rendered":"Comment am\u00e9nager son garage pour exploiter tout son volume de stockage ?"},"content":{"rendered":"<p style=\"text-align: justify;\">Optimiser son rangement : ce pourrait \u00eatre une obsession, mais c&rsquo;est surtout une n\u00e9cessit\u00e9 pour qui cherche un garage, un abri ou profite d&rsquo;un bout de terrain en ville. En effet, d\u00e8s que la place se fait pr\u00e9cieuse, il convient d&rsquo;agencer l&rsquo;espace de la meilleure des fa\u00e7ons afin de s&rsquo;offrir des solutions suppl\u00e9mentaires et de d\u00e9passer les limitations impos\u00e9es par la situation.<\/p>\n<p style=\"text-align: justify;\">Des limitations qui ne se cantonnent d&rsquo;ailleurs pas \u00e0 une question de superficie. Ce peut \u00eatre aussi affaire de budget : un garage de 20 m\u00b2 ne co\u00fbte pas le m\u00eame prix qu&rsquo;un autre de 40 m\u00b2. Alors, si une solution existe pour utiliser efficacement le volume de ce garage 20 m\u00b2\u2026 ne nous en privons pas !<\/p>\n<p style=\"text-align: justify;\">Tour d&rsquo;horizon des diff\u00e9rentes fa\u00e7ons de s&rsquo;y prendre.<\/p>\n<p><a style=\"color: #ffa500;\" href=\"http:\/\/www.franceabris.com\/7-garage-metal\" target=\"_blank\" rel=\"noopener\"><strong>.<\/strong> Choisissez votre garage m\u00e9tallique, acier galvanis\u00e9, sur FRANCE ABRIS\u2026<\/a><\/p>\n<h2 style=\"text-align: justify;\">DU MOBILIER CHOISI POUR HABILLER L&rsquo;ABRI<\/h2>\n<p style=\"text-align: justify;\">Un garage peut toujours voir son agencement travaill\u00e9 via un ensemble d&rsquo;\u00e9tag\u00e8res et de fixations murales intelligentes. L&rsquo;objectif ? Exploiter le volume disponible au fond, sur les c\u00f4t\u00e9s\u2026 et au-dessus. Car c&rsquo;est tout le probl\u00e8me pour qui ne peut pas installer un abri trop imposant chez soi, mais doit tout de m\u00eame avoir un toit pour sa voiture. Difficile de concilier de les deux !<\/p>\n<h3>Un abri am\u00e9nag\u00e9 avec du mobilier sp\u00e9cifique<\/h3>\n<p style=\"text-align: justify;\">Alors, FRANCE ABRIS a un conseil essentiel : choisissez avec soin votre mod\u00e8le d&rsquo;abri voiture, ses dimensions notamment, pour b\u00e9n\u00e9ficier d&rsquo;une petit marge \u00e0 l&rsquo;avant de la voiture. De quoi installer au fond du garage votre petit atelier, avec un \u00e9tablis, par exemple, ou des rangements, coffres et \u00e9tag\u00e8res. Ainsi que des crochets pour stocker vos v\u00e9los aux murs ? Pourquoi pas !<\/p>\n<h3>Comment exploiter le volume au-dessus de votre v\u00e9hicule ?<\/h3>\n<p style=\"text-align: justify;\">Surtout, r\u00e9fl\u00e9chissez \u00e0 la fa\u00e7on dont vous pouvez exploiter le volume en-dessous du toit. En fixant des supports au plafond, par exemple, pour ranger vos skis ou du mobilier de jardin que vous pouvez plier. Tout est envisageable, m\u00eame si, bien entendu, cela reste fonction du mod\u00e8le choisi, de ses caract\u00e9ristiques et de ses mat\u00e9riaux.<\/p>\n<p style=\"text-align: justify;\">Notez que FRANCE ABRIS propose toute une gamme de produits divers et de rangement. Des compl\u00e9ments allant de l&rsquo;armoire au coffre, permettant d&rsquo;agencer un peu l&rsquo;int\u00e9rieur de son abri garage.<\/p>\n<figure id=\"attachment_9100\" aria-describedby=\"caption-attachment-9100\" style=\"width: 396px\" class=\"wp-caption aligncenter\"><img decoding=\"async\" loading=\"lazy\" class=\"wp-image-9100 size-full\" style=\"border: 1px solid #000000;\" src=\"http:\/\/www.franceabris.com\/BLOG\/wp-content\/uploads\/2017\/11\/armoire-r\u00e9sine-pvc-1.jpg\" alt=\"Armoire de rangement en PVC et r\u00e9sine\" width=\"396\" height=\"290\" srcset=\"https:\/\/www.franceabris.com\/BLOG\/wp-content\/uploads\/2017\/11\/armoire-r\u00e9sine-pvc-1.jpg 396w, https:\/\/www.franceabris.com\/BLOG\/wp-content\/uploads\/2017\/11\/armoire-r\u00e9sine-pvc-1-134x98.jpg 134w, https:\/\/www.franceabris.com\/BLOG\/wp-content\/uploads\/2017\/11\/armoire-r\u00e9sine-pvc-1-328x240.jpg 328w\" sizes=\"(max-width: 396px) 100vw, 396px\" \/><figcaption id=\"caption-attachment-9100\" class=\"wp-caption-text\">Cette armoire en r\u00e9sine PVC est disponible sur FRANCE ABRIS sous la r\u00e9f\u00e9rence ID2579.<\/figcaption><\/figure>\n<p><a style=\"color: #ffa500;\" href=\"http:\/\/www.franceabris.com\/37-rangement-jardin\" target=\"_blank\" rel=\"noopener\"><strong>.<\/strong> S\u00e9lectionnez votre abri rangement, armoire ou mobilier de stockage sur FRANCE ABRIS.<\/a><\/p>\n<h2 style=\"text-align: justify;\">LA SOLUTION CL\u00c9 EN MAIN : LE PORTIQUE DE RANGEMENT<\/h2>\n<p style=\"text-align: justify;\">Il existe une solution de rangement assez astucieuse que FRANCE ABRIS a d\u00e9couverte : le rangement modulable pour garage. C&rsquo;est en fait une sorte de dressing pour votre abri qui, s&rsquo;ajustant en largeur, peut se greffer \u00e0 des mod\u00e8les de dimensions assez variables. Ce dressing adapt\u00e9 peut accueillir v\u00e9los, \u00e9tag\u00e8res, coffres de toit\u2026<a href=\"https:\/\/www.lodus.fr\" target=\"_blank\" rel=\"noopener\"> Son nom ? Lodus.<\/a><\/p>\n<h3>Le portique de stockage s&rsquo;adapte \u00e0 tous les abris<\/h3>\n<p style=\"text-align: justify;\">Il est constitu\u00e9 d&rsquo;un portique t\u00e9lescopique m\u00e9tallique, qui s&rsquo;adapte \u00e0 des garages faisant entre 2,30 m et 3,35 m de large et qui se fixe sans per\u00e7age contre les murs gr\u00e2ce \u00e0 un syst\u00e8me de presse. Le reste se passe en hauteur avec des syst\u00e8mes de suspensions permettant d&rsquo;exploiter le volume global du garage. <em>\u00ab\u00a0Partant du constat qu\u2019aucune solution ne permettait d\u2019organiser facilement son garage et que le stockage au sol rendait souvent difficile l\u2019acc\u00e8s au v\u00e9hicule, il nous est apparu comme une \u00e9vidence que la solution devait partir du haut\u00a0\u00bb<\/em>, explique-t-on chez Lodus, dont le syst\u00e8me est brevet\u00e9.<\/p>\n<h3>Rangements, porte-v\u00e9los, porte-roues sont suspendus<\/h3>\n<p style=\"text-align: justify;\">Sur ce portique, sont donc suspendus des casiers de rangement, des fixations de v\u00e9los, des porte-roues, des bo\u00eetes, des \u00e9tag\u00e8res, des plateaux de stockage sup\u00e9rieurs permettant d&rsquo;utilisant l&rsquo;espace qui reste disponible au-dessus du squelette\u2026 Avec un objectif : que leur agencement \u00e9pouse la forme avant de votre voiture. La marque estime le volume de stockage gagn\u00e9 entre 3 et 6 m\u00e8tres cubes; pouvant correspondre \u00e0 750 kilos. Des chiffres cons\u00e9quents qui laissent imaginer une optimisation imbattable.<\/p>\n<p style=\"text-align: justify;\">Une solution qui fait la part belle \u00e0 la modularit\u00e9.<\/p>\n<p><iframe loading=\"lazy\" width=\"660\" height=\"371\" src=\"https:\/\/www.youtube.com\/embed\/J0Kcu8HxeDA?feature=oembed\" frameborder=\"0\" gesture=\"media\" allowfullscreen><\/iframe><\/p>\n<h2 style=\"text-align: justify;\">DERNI\u00c8RE OPTION : LE CABANON EN KIT DE PETITE TAILLE<\/h2>\n<p style=\"text-align: justify;\">Si la place manque \u00e0 l&rsquo;int\u00e9rieur du garage, vous pouvez toujours vous en cr\u00e9er \u00e0 l&rsquo;ext\u00e9rieur. Si vous manquez de surface exploitable, n&rsquo;oubliez pas que FRANCE ABRIS propose des cabanons de taille tr\u00e8s r\u00e9duite, qui se glissent n&rsquo;importe o\u00f9, savent se faire discret et rendre de v\u00e9ritable services de rangement.<\/p>\n<h3>La cabane de compl\u00e9ment pour l&rsquo;abri voiture<\/h3>\n<p style=\"text-align: justify;\">Ce peut \u00eatre un petit abri de jardin en r\u00e9sine PVC qui, en compl\u00e9ment, vient s&rsquo;installer \u00e0 proximit\u00e9 de votre habitation. Ou un cabanon adossable pour offrir un compl\u00e9ment de stockage au garage directement \u00e0 proximit\u00e9. \u00c9videmment, vous ne pourrez y faire que du rangement, mais c&rsquo;est une solution qui s&rsquo;appuie aussi sur les prix r\u00e9duits d&rsquo;une cat\u00e9gorie d&rsquo;abris en kit discounts.<\/p>\n<p><a style=\"color: #ffa500;\" href=\"http:\/\/www.franceabris.com\/147-cabane-de-jardin-en-bois-pas-cher\" target=\"_blank\" rel=\"noopener\"><strong>.<\/strong> Cabanes en kit en bois discount.<\/a><\/p>\n<figure id=\"attachment_9101\" aria-describedby=\"caption-attachment-9101\" style=\"width: 396px\" class=\"wp-caption aligncenter\"><img decoding=\"async\" loading=\"lazy\" class=\"wp-image-9101 size-full\" style=\"border: 1px solid #000000;\" src=\"http:\/\/www.franceabris.com\/BLOG\/wp-content\/uploads\/2017\/11\/cabane-bois-petit-discount.jpg\" alt=\"Cabanon bois adoss\u00e9 discount\" width=\"396\" height=\"290\" srcset=\"https:\/\/www.franceabris.com\/BLOG\/wp-content\/uploads\/2017\/11\/cabane-bois-petit-discount.jpg 396w, https:\/\/www.franceabris.com\/BLOG\/wp-content\/uploads\/2017\/11\/cabane-bois-petit-discount-134x98.jpg 134w, https:\/\/www.franceabris.com\/BLOG\/wp-content\/uploads\/2017\/11\/cabane-bois-petit-discount-328x240.jpg 328w\" sizes=\"(max-width: 396px) 100vw, 396px\" \/><figcaption id=\"caption-attachment-9101\" class=\"wp-caption-text\">Ce petit cabanon bois adoss\u00e9 est disponible sur FRANCE ABRIS sous la r\u00e9f\u00e9rence ID479.<\/figcaption><\/figure>\n","protected":false},"excerpt":{"rendered":"<p>Optimiser son rangement : ce pourrait \u00eatre une obsession, mais c&rsquo;est surtout une n\u00e9cessit\u00e9 pour qui cherche un garage, un abri ou profite d&rsquo;un bout de terrain en ville. En effet, d\u00e8s que la place se fait pr\u00e9cieuse, il convient d&rsquo;agencer l&rsquo;espace de la meilleure des fa\u00e7ons afin de s&rsquo;offrir des solutions suppl\u00e9mentaires et de &hellip; <a href=\"https:\/\/www.franceabris.com\/BLOG\/comment-amenager-son-garage-pour-exploiter-tout-son-volume-de-stockage\/\" class=\"more-link\">Continuer la lecture de <span class=\"screen-reader-text\">Comment am\u00e9nager son garage pour exploiter tout son volume de stockage ?<\/span><\/a><\/p>\n","protected":false},"author":2,"featured_media":9103,"comment_status":"closed","ping_status":"closed","sticky":false,"template":"","format":"standard","meta":[],"categories":[3],"tags":[],"_links":{"self":[{"href":"https:\/\/www.franceabris.com\/BLOG\/wp-json\/wp\/v2\/posts\/9099"}],"collection":[{"href":"https:\/\/www.franceabris.com\/BLOG\/wp-json\/wp\/v2\/posts"}],"about":[{"href":"https:\/\/www.franceabris.com\/BLOG\/wp-json\/wp\/v2\/types\/post"}],"author":[{"embeddable":true,"href":"https:\/\/www.franceabris.com\/BLOG\/wp-json\/wp\/v2\/users\/2"}],"replies":[{"embeddable":true,"href":"https:\/\/www.franceabris.com\/BLOG\/wp-json\/wp\/v2\/comments?post=9099"}],"version-history":[{"count":0,"href":"https:\/\/www.franceabris.com\/BLOG\/wp-json\/wp\/v2\/posts\/9099\/revisions"}],"wp:featuredmedia":[{"embeddable":true,"href":"https:\/\/www.franceabris.com\/BLOG\/wp-json\/wp\/v2\/media\/9103"}],"wp:attachment":[{"href":"https:\/\/www.franceabris.com\/BLOG\/wp-json\/wp\/v2\/media?parent=9099"}],"wp:term":[{"taxonomy":"category","embeddable":true,"href":"https:\/\/www.franceabris.com\/BLOG\/wp-json\/wp\/v2\/categories?post=9099"},{"taxonomy":"post_tag","embeddable":true,"href":"https:\/\/www.franceabris.com\/BLOG\/wp-json\/wp\/v2\/tags?post=9099"}],"curies":[{"name":"wp","href":"https:\/\/api.w.org\/{rel}","templated":true}]}}