{"id":9117,"date":"2017-11-30T19:17:08","date_gmt":"2017-11-30T18:17:08","guid":{"rendered":"http:\/\/www.franceabris.com\/BLOG\/?p=9117"},"modified":"2017-11-30T19:33:05","modified_gmt":"2017-11-30T18:33:05","slug":"une-passion-un-salon-des-abris-automedon-et-les-carports-pour-vehicules-de-collection-1-6","status":"publish","type":"post","link":"https:\/\/www.franceabris.com\/BLOG\/une-passion-un-salon-des-abris-automedon-et-les-carports-pour-vehicules-de-collection-1-6\/","title":{"rendered":"Une passion, un salon\u2026 des abris : AUTOM\u00c9DON et les carports pour v\u00e9hicules de collection (1\/6)"},"content":{"rendered":"<p style=\"text-align: justify;\"><em><strong>En France, les \u00e9v\u00e9nements ne manquent pas pour assouvir une passion, entretenir un centre d&rsquo;int\u00e9r\u00eat ou \u00e9largir ses horizons. Salons, foires, manifestations en tout genres\u2026 Des rassemblements ont lieu chaque ann\u00e9e un peu partout dans nos r\u00e9gions. Quel rapport avec FRANCE ABRIS, vous demandez-vous ? Les abris, justement ! Car, nombre de ces hobbies r\u00e9clament un toit adapt\u00e9. Petit focus bimestriel sur un \u00e9v\u00e9nement en lien, de pr\u00e8s ou de loin, avec\u2026 des abris.<\/strong><\/em><\/p>\n<p style=\"text-align: justify;\">Autom\u00e9don, vous connaissez ? Non, pas ce personnage de la mythologie grecque, conducteur attitr\u00e9 du char d&rsquo;Achille pendant la guerre de Troie. Non plus, par extension, le conducteur d&rsquo;attelage rentr\u00e9 dans le langage courant. Mais<strong> le salon bien connu consacr\u00e9 aux v\u00e9hicules de collection, qui a lieu chaque ann\u00e9e au Bourget.<\/strong>\u00a0Ces voitures de collection d&rsquo;un c\u00f4t\u00e9, les carports que vous propose FRANCE ABRIS de l&rsquo;autre\u2026 Le rapprochement est vite fait !<\/p>\n<h2 style=\"text-align: justify;\">SALON AUTOM\u00c9DON : le rendez-vous incontournable des beaut\u00e9s du volant<\/h2>\n<p style=\"text-align: justify;\">C&rsquo;est une petite institution qui a eu lieu, comme chaque ann\u00e9e, au mois d&rsquo;octobre. LE rendez-vous automnal \u00e0 ne pas manquer pour les passionn\u00e9s de belles m\u00e9caniques : <strong>le salon Autom\u00e9don.<\/strong> 20 000 personnes se sont r\u00e9gal\u00e9es les 14 et 15 octobre derniers au Parc des Expositions Paris-Le Bourget.<\/p>\n<h3>Des bijoux motoris\u00e9s \u00e9l\u00e9gants et inventifs<\/h3>\n<p style=\"text-align: justify;\"><strong>Pas moins de 300 exposants, 200 professionnels ainsi que des clubs automobiles, 3 000 v\u00e9hicules\u2026<\/strong> Le salon a encore fait le plein avec des expositions vari\u00e9es consacr\u00e9es aux deux comme aux quatre roues.\u00a0Club Simca France, Club Porshe Moteur Avant, clubs locaux pour d\u00e9couvrir quelques belles tricolores. Des autos du d\u00e9but du XX\u00e8me si\u00e8cle estampill\u00e9es Labourdette, Rotschild ou Kellner\u2026 Et les mythiques am\u00e9ricaines, entre Chevrolet, Ford et Pontiac, saupoudr\u00e9es de Hot Rods surprenantes, chefs d&rsquo;oeuvre de customisation et d&rsquo;imagination.<\/p>\n<p><img decoding=\"async\" loading=\"lazy\" class=\"aligncenter wp-image-9136 size-full\" style=\"border: 1px solid #000000;\" src=\"http:\/\/www.franceabris.com\/BLOG\/wp-content\/uploads\/2017\/11\/Carports-voiture-de-collection_Automedon-2.jpg\" alt=\"Carport design haut de gamme\" width=\"396\" height=\"290\" srcset=\"https:\/\/www.franceabris.com\/BLOG\/wp-content\/uploads\/2017\/11\/Carports-voiture-de-collection_Automedon-2.jpg 396w, https:\/\/www.franceabris.com\/BLOG\/wp-content\/uploads\/2017\/11\/Carports-voiture-de-collection_Automedon-2-134x98.jpg 134w, https:\/\/www.franceabris.com\/BLOG\/wp-content\/uploads\/2017\/11\/Carports-voiture-de-collection_Automedon-2-328x240.jpg 328w\" sizes=\"(max-width: 396px) 100vw, 396px\" \/><\/p>\n<h2 style=\"text-align: justify;\">LE COLLECTIONNEUR ET FRANCE ABRIS : l&rsquo;abri voiture au service de sa passion<\/h2>\n<p style=\"text-align: justify;\">On n&rsquo;aura pas besoin d&rsquo;argumenter des heures pour rappeler l&rsquo;int\u00e9r\u00eat d&rsquo;avoir un abri voiture adapt\u00e9 \u00e0 son v\u00e9hicule de collection lorsqu&rsquo;on est passionn\u00e9. Quoi de plus important que de prot\u00e9ger son bijou des intemp\u00e9ries, des agressions ext\u00e9rieures et des vols ! <strong>Mais il y a prot\u00e9ger\u2026 et valoriser<\/strong>.<\/p>\n<h3>Verrouiller et prot\u00e9ger : la mission du garage pour la vieille auto de collection<\/h3>\n<p style=\"text-align: justify;\">FRANCE ABRIS vous propose <strong>des garages verrouillables en kit, permettant d&rsquo;assurer une protection maximale<\/strong> \u00e0 votre voiture ou \u00e0 votre deux roues. En m\u00e9tal, en bois, en toile tendue pliable\u2026 De nombreux mod\u00e8les sont r\u00e9f\u00e9renc\u00e9s sur le site.<\/p>\n<p><img decoding=\"async\" loading=\"lazy\" class=\"aligncenter wp-image-9137 size-full\" style=\"border: 1px solid #000000;\" src=\"http:\/\/www.franceabris.com\/BLOG\/wp-content\/uploads\/2017\/11\/Carports-voiture-de-collection_Automedon-3.jpg\" alt=\"Abri voiture de collection bulle en kit\" width=\"396\" height=\"290\" srcset=\"https:\/\/www.franceabris.com\/BLOG\/wp-content\/uploads\/2017\/11\/Carports-voiture-de-collection_Automedon-3.jpg 396w, https:\/\/www.franceabris.com\/BLOG\/wp-content\/uploads\/2017\/11\/Carports-voiture-de-collection_Automedon-3-134x98.jpg 134w, https:\/\/www.franceabris.com\/BLOG\/wp-content\/uploads\/2017\/11\/Carports-voiture-de-collection_Automedon-3-328x240.jpg 328w\" sizes=\"(max-width: 396px) 100vw, 396px\" \/><\/p>\n<p style=\"text-align: justify;\">Mais FRANCE ABRIS met \u00e9galement en avant des <strong>carports<\/strong> ou des structures ferm\u00e9es en polycarbonate, r\u00e9sistantes et transparentes, design et esth\u00e9tiques, <strong>permettant d&rsquo;exposer \u00e0 la maison l&rsquo;objet de sa passion, de le magnifier au quotidien.<\/strong><\/p>\n<h3>Des mat\u00e9riaux hautement qualitatifs pour ces carports pour v\u00e9hicules de collection<\/h3>\n<p style=\"text-align: justify;\"><strong>Les structures sont g\u00e9n\u00e9ralement con\u00e7ues dans des mat\u00e9riaux hautement qualitatifs<\/strong> : aluminium anodis\u00e9, thermo-laqu\u00e9 pour un effet bois tr\u00e8s esth\u00e9tique, toitures ou parois en polycarbonate, charpentes en acier inoxydable\u2026 Pas de crainte de corrosion, autonomie et r\u00e9sistance incomparables, garanties de 10 \u00e0 15 ans : ces investissement sont faits pour vous rendre la vie plus facile, tout en s&rsquo;imposant comme de petits \u00e9crins pour vos voitures ou deux roues de collection.<\/p>\n<p style=\"text-align: justify;\">Jetez un coup d&rsquo;oeil \u00e0 nos diff\u00e9rentes gammes :<\/p>\n<p><a style=\"color: #ffa500;\" href=\"http:\/\/www.franceabris.com\/25-abri-design\" target=\"_blank\" rel=\"noopener\"><strong>.<\/strong> Abris carports design pour v\u00e9hicules de collection ;<\/a><br \/>\n<a style=\"color: #ffa500;\" href=\"http:\/\/www.franceabris.com\/22-abri-voiture\" target=\"_blank\" rel=\"noopener\"><strong>.<\/strong> Carports pour une, deux ou trois voitures ;<\/a><br \/>\n<strong>.<\/strong><a style=\"color: #ffa500;\" href=\"http:\/\/www.franceabris.com\/8-garage-voiture\" target=\"_blank\" rel=\"noopener\">Garages ferm\u00e9s en kit pour plus de s\u00e9curit\u00e9.<\/a><\/p>\n<figure id=\"attachment_9139\" aria-describedby=\"caption-attachment-9139\" style=\"width: 582px\" class=\"wp-caption aligncenter\"><img decoding=\"async\" loading=\"lazy\" class=\"wp-image-9139 size-large\" style=\"border: 1px solid #000000;\" src=\"http:\/\/www.franceabris.com\/BLOG\/wp-content\/uploads\/2017\/11\/Carports-voiture-de-collection_Automedon-5-582x437.jpg\" alt=\"Carports voiture de collection_Automedon 5\" width=\"582\" height=\"437\" srcset=\"https:\/\/www.franceabris.com\/BLOG\/wp-content\/uploads\/2017\/11\/Carports-voiture-de-collection_Automedon-5-582x437.jpg 582w, https:\/\/www.franceabris.com\/BLOG\/wp-content\/uploads\/2017\/11\/Carports-voiture-de-collection_Automedon-5-131x98.jpg 131w, https:\/\/www.franceabris.com\/BLOG\/wp-content\/uploads\/2017\/11\/Carports-voiture-de-collection_Automedon-5-320x240.jpg 320w, https:\/\/www.franceabris.com\/BLOG\/wp-content\/uploads\/2017\/11\/Carports-voiture-de-collection_Automedon-5.jpg 726w\" sizes=\"(max-width: 582px) 100vw, 582px\" \/><figcaption id=\"caption-attachment-9139\" class=\"wp-caption-text\">Une de ces fameuses \u00ab\u00a0hot rods\u00a0\u00bb prises sur un salon ! (source : Wikip\u00e9dia)<\/figcaption><\/figure>\n","protected":false},"excerpt":{"rendered":"<p>En France, les \u00e9v\u00e9nements ne manquent pas pour assouvir une passion, entretenir un centre d&rsquo;int\u00e9r\u00eat ou \u00e9largir ses horizons. Salons, foires, manifestations en tout genres\u2026 Des rassemblements ont lieu chaque ann\u00e9e un peu partout dans nos r\u00e9gions. Quel rapport avec FRANCE ABRIS, vous demandez-vous ? Les abris, justement ! Car, nombre de ces hobbies r\u00e9clament &hellip; <a href=\"https:\/\/www.franceabris.com\/BLOG\/une-passion-un-salon-des-abris-automedon-et-les-carports-pour-vehicules-de-collection-1-6\/\" class=\"more-link\">Continuer la lecture de <span class=\"screen-reader-text\">Une passion, un salon\u2026 des abris : AUTOM\u00c9DON et les carports pour v\u00e9hicules de collection (1\/6)<\/span><\/a><\/p>\n","protected":false},"author":2,"featured_media":9135,"comment_status":"closed","ping_status":"closed","sticky":false,"template":"","format":"standard","meta":[],"categories":[2],"tags":[],"_links":{"self":[{"href":"https:\/\/www.franceabris.com\/BLOG\/wp-json\/wp\/v2\/posts\/9117"}],"collection":[{"href":"https:\/\/www.franceabris.com\/BLOG\/wp-json\/wp\/v2\/posts"}],"about":[{"href":"https:\/\/www.franceabris.com\/BLOG\/wp-json\/wp\/v2\/types\/post"}],"author":[{"embeddable":true,"href":"https:\/\/www.franceabris.com\/BLOG\/wp-json\/wp\/v2\/users\/2"}],"replies":[{"embeddable":true,"href":"https:\/\/www.franceabris.com\/BLOG\/wp-json\/wp\/v2\/comments?post=9117"}],"version-history":[{"count":0,"href":"https:\/\/www.franceabris.com\/BLOG\/wp-json\/wp\/v2\/posts\/9117\/revisions"}],"wp:featuredmedia":[{"embeddable":true,"href":"https:\/\/www.franceabris.com\/BLOG\/wp-json\/wp\/v2\/media\/9135"}],"wp:attachment":[{"href":"https:\/\/www.franceabris.com\/BLOG\/wp-json\/wp\/v2\/media?parent=9117"}],"wp:term":[{"taxonomy":"category","embeddable":true,"href":"https:\/\/www.franceabris.com\/BLOG\/wp-json\/wp\/v2\/categories?post=9117"},{"taxonomy":"post_tag","embeddable":true,"href":"https:\/\/www.franceabris.com\/BLOG\/wp-json\/wp\/v2\/tags?post=9117"}],"curies":[{"name":"wp","href":"https:\/\/api.w.org\/{rel}","templated":true}]}}