{"id":9235,"date":"2018-02-19T06:06:42","date_gmt":"2018-02-19T05:06:42","guid":{"rendered":"https:\/\/www.franceabris.com\/BLOG\/?p=9235"},"modified":"2018-01-31T11:57:57","modified_gmt":"2018-01-31T10:57:57","slug":"de-labri-au-garage-tour-de-france-de-la-fabrication-francaise-un-tour-dans-lain-3-6","status":"publish","type":"post","link":"https:\/\/www.franceabris.com\/BLOG\/de-labri-au-garage-tour-de-france-de-la-fabrication-francaise-un-tour-dans-lain-3-6\/","title":{"rendered":"De l&rsquo;abri au garage, tour de France de la fabrication fran\u00e7aise : un tour dans l&rsquo;Ain ! (3\/6)"},"content":{"rendered":"<p style=\"text-align: justify;\"><strong>FRANCE ABRIS met en valeur ses fabrications \u00ab\u00a0made in France\u00a0\u00bb, des abris, garages, carports dont la conception est r\u00e9alis\u00e9e un peu partout dans les r\u00e9gions de l&rsquo;Hexagone. Un gage de s\u00e9rieux, de qualit\u00e9, issu d&rsquo;une longue tradition de ma\u00eetrise des mat\u00e9riaux, du bois \u00e0 l&rsquo;acier galvanis\u00e9, en passant par la r\u00e9sine PVC. <\/strong><\/p>\n<p style=\"text-align: justify;\"><strong>Ce mois-ci, nous partons justement \u00e0 la d\u00e9couverte de cette r\u00e9sine PVC, mat\u00e9riau essentiel pour bon nombre de nos abris et cabanons de jardin.\u00a0Rendez-vous dans l&rsquo;Ain, du c\u00f4t\u00e9 de la fameuse \u00ab\u00a0plastic valley\u00a0\u00bb !<\/strong><\/p>\n<p style=\"text-align: justify;\"><a style=\"color: #ffa500;\" href=\"https:\/\/www.franceabris.com\/12-abri-jardin-pvc\" target=\"_blank\" rel=\"noopener\"><strong>.<\/strong> Jetez un coup abris de jardin en r\u00e9sine PVC du catalogue FRANCE ABRIS !<\/a><\/p>\n<h2 style=\"text-align: justify;\">LES ABRIS ET CABANONS EN PVC : ORIGINE AIN !<\/h2>\n<p style=\"text-align: justify;\">La r\u00e9sine PVC est l&rsquo;un des mat\u00e9riaux les plus flexibles des gammes d&rsquo;abris et de cabanons de jardin que vous pouvez trouver sur FRANCE ABRIS. Il faut dire qu&rsquo;on fait des r\u00e9sines de plus en plus qualitatives, r\u00e9sistantes et durables, qui savent faire la diff\u00e9rence sur certains points face \u00e0 des mat\u00e9riaux plus traditionnels comme le bois ou le m\u00e9tal.<\/p>\n<h3 style=\"text-align: justify;\">Pourquoi acheter un abri de jardin en PVC ?<\/h3>\n<p style=\"text-align: justify;\">L&rsquo;abri de jardin en PVC, c&rsquo;est souvent un petit cabanon d&rsquo;appoint permettant :<\/p>\n<ul style=\"text-align: justify;\">\n<li style=\"text-align: justify;\">de ranger votre outillage de jardin et votre mat\u00e9riel de bricolage (caisse \u00e0 outils, tondeuse, d\u00e9broussailleuse, r\u00e2teaux\u2026) ;<\/li>\n<li>de stocker votre mobilier d&rsquo;ext\u00e9rieur en hiver (chaises, tables\u2026) ;<\/li>\n<li>de mettre \u00e0 l&rsquo;abri et s\u00e9curiser les v\u00e9los et deux roues du foyer ;<\/li>\n<li>de bricoler apr\u00e8s avoir am\u00e9nag\u00e9 un petit atelier si la surface est suffisante ;<\/li>\n<li>d&rsquo;offrir un espace de jeu \u00e0 vos enfants avec une maisonnette qu&rsquo;ils trouveront en tout point amusante\u2026<\/li>\n<\/ul>\n<p style=\"text-align: justify;\">Bon, avouons-le, le cabanon de jardin comme jeu pour les enfants, c&rsquo;est surtout un recyclage potentiel le jour o\u00f9 vous en avez moins l&rsquo;utilit\u00e9 &#8211; ou souhaitez renouveler votre annexe avec un mod\u00e8le diff\u00e9rent, plus grand, dans un autre mat\u00e9riau\u2026<\/p>\n<h3 style=\"text-align: justify;\">L&rsquo;avantage du PVC<\/h3>\n<p style=\"text-align: justify;\">Facilit\u00e9 d&rsquo;acc\u00e8s, construction ais\u00e9e, ergonomie au quotidien, autonomie sans ennuis\u2026 Les atouts des abris de jardin en r\u00e9sine PVC sont nombreux et rendent ces derniers accessibles au tout venant &#8211; quand bien m\u00eame le montage doit \u00eatre r\u00e9alis\u00e9 \u00e0 deux personnes. Mieux, l&rsquo;un des reproches qui est parfois fait aux cabanons PVC, c&rsquo;est leur esth\u00e9tique simplette ou peu qualitative. Mais c&rsquo;est de moins en moins le cas. Les finitions proposent des couleurs diff\u00e9rentes, des simili-bois, des fen\u00eatres et ouvertures bien senties, des looks de chalet tr\u00e8s efficaces\u2026 Du qualitatif !<\/p>\n<p style=\"text-align: justify;\"><img decoding=\"async\" loading=\"lazy\" class=\"aligncenter wp-image-9237 size-full\" style=\"border: 1px solid #000000;\" src=\"https:\/\/www.franceabris.com\/BLOG\/wp-content\/uploads\/2018\/02\/abri-jardin-pvc-grosfillex-1.jpg\" alt=\"Cabanon de jardin r\u00e9sine PVC\" width=\"396\" height=\"290\" srcset=\"https:\/\/www.franceabris.com\/BLOG\/wp-content\/uploads\/2018\/02\/abri-jardin-pvc-grosfillex-1.jpg 396w, https:\/\/www.franceabris.com\/BLOG\/wp-content\/uploads\/2018\/02\/abri-jardin-pvc-grosfillex-1-134x98.jpg 134w, https:\/\/www.franceabris.com\/BLOG\/wp-content\/uploads\/2018\/02\/abri-jardin-pvc-grosfillex-1-328x240.jpg 328w\" sizes=\"(max-width: 396px) 100vw, 396px\" \/><\/p>\n<h2 style=\"text-align: justify;\">L&rsquo;AIN, UN ROYAUME DE LA R\u00c9SINE PVC EN AUVERGNE-RH\u00d4NE-ALPES<\/h2>\n<p style=\"text-align: justify;\">Du d\u00e9partement de l&rsquo;Ain, on conna\u00eet, en vrac : ses volailles de Bresse, une Appellation d&rsquo;Origine Prot\u00e9g\u00e9e ; ses vins entre l&rsquo;AOC du Bugey et le Cerdon ; ses fromages avec le bleu de Gex ou le Comt\u00e9, tout pr\u00e8s de la Franche-Comt\u00e9 ; ses multiples gentil\u00e9s, puisque les habitants s&rsquo;y nomment les Bressans, les Dombistes, les Bugistes et les Gessiens ; et sa plastic valley !<\/p>\n<h3 style=\"text-align: justify;\">La plastic valley au service des abris de jardin<\/h3>\n<p style=\"text-align: justify;\">Car la r\u00e9gion d&rsquo;Oyonnax est mondialement r\u00e9put\u00e9e pour son bassin sp\u00e9cialis\u00e9 dans la plasturgie. Qu&rsquo;il s&rsquo;agisse de production de mati\u00e8res premi\u00e8res avec des granul\u00e9s, des colorants, des plaques, de biens pour la consommations avec des jouets et des articles pour la maison, ainsi que des emballages, des \u00e9l\u00e9ments dans l&rsquo;automobile, le b\u00e2timent\u2026 Sans parler de l&rsquo;outillage sp\u00e9cialis\u00e9, du cartonnage, de la logistique\u2026 et des abris de jardin !<\/p>\n<h3 style=\"text-align: justify;\">Plasturgie et cabanons<\/h3>\n<p style=\"text-align: justify;\">Les polym\u00e8res thermoplastiques, autrement appel\u00e9s PVC se divisent en deux cat\u00e9gories : les PVC souples ou plastifi\u00e9s, que l&rsquo;on retrouve dans les v\u00eatements ou les tapisseries ; les PVC rigides pour des profil\u00e9s, des tubes\u2026 Et des cabanons !<\/p>\n<p style=\"text-align: justify;\"><img decoding=\"async\" loading=\"lazy\" class=\"aligncenter wp-image-9238 size-full\" style=\"border: 1px solid #000000;\" src=\"https:\/\/www.franceabris.com\/BLOG\/wp-content\/uploads\/2018\/02\/abri-jardin-pvc-grosfillex-2.jpg\" alt=\"Maison de jardin en PVC Grosfillex\" width=\"396\" height=\"290\" srcset=\"https:\/\/www.franceabris.com\/BLOG\/wp-content\/uploads\/2018\/02\/abri-jardin-pvc-grosfillex-2.jpg 396w, https:\/\/www.franceabris.com\/BLOG\/wp-content\/uploads\/2018\/02\/abri-jardin-pvc-grosfillex-2-134x98.jpg 134w, https:\/\/www.franceabris.com\/BLOG\/wp-content\/uploads\/2018\/02\/abri-jardin-pvc-grosfillex-2-328x240.jpg 328w\" sizes=\"(max-width: 396px) 100vw, 396px\" \/><\/p>\n","protected":false},"excerpt":{"rendered":"<p>FRANCE ABRIS met en valeur ses fabrications \u00ab\u00a0made in France\u00a0\u00bb, des abris, garages, carports dont la conception est r\u00e9alis\u00e9e un peu partout dans les r\u00e9gions de l&rsquo;Hexagone. Un gage de s\u00e9rieux, de qualit\u00e9, issu d&rsquo;une longue tradition de ma\u00eetrise des mat\u00e9riaux, du bois \u00e0 l&rsquo;acier galvanis\u00e9, en passant par la r\u00e9sine PVC. Ce mois-ci, nous &hellip; <a href=\"https:\/\/www.franceabris.com\/BLOG\/de-labri-au-garage-tour-de-france-de-la-fabrication-francaise-un-tour-dans-lain-3-6\/\" class=\"more-link\">Continuer la lecture de <span class=\"screen-reader-text\">De l&rsquo;abri au garage, tour de France de la fabrication fran\u00e7aise : un tour dans l&rsquo;Ain ! (3\/6)<\/span><\/a><\/p>\n","protected":false},"author":2,"featured_media":9236,"comment_status":"closed","ping_status":"closed","sticky":false,"template":"","format":"standard","meta":[],"categories":[2],"tags":[],"_links":{"self":[{"href":"https:\/\/www.franceabris.com\/BLOG\/wp-json\/wp\/v2\/posts\/9235"}],"collection":[{"href":"https:\/\/www.franceabris.com\/BLOG\/wp-json\/wp\/v2\/posts"}],"about":[{"href":"https:\/\/www.franceabris.com\/BLOG\/wp-json\/wp\/v2\/types\/post"}],"author":[{"embeddable":true,"href":"https:\/\/www.franceabris.com\/BLOG\/wp-json\/wp\/v2\/users\/2"}],"replies":[{"embeddable":true,"href":"https:\/\/www.franceabris.com\/BLOG\/wp-json\/wp\/v2\/comments?post=9235"}],"version-history":[{"count":0,"href":"https:\/\/www.franceabris.com\/BLOG\/wp-json\/wp\/v2\/posts\/9235\/revisions"}],"wp:featuredmedia":[{"embeddable":true,"href":"https:\/\/www.franceabris.com\/BLOG\/wp-json\/wp\/v2\/media\/9236"}],"wp:attachment":[{"href":"https:\/\/www.franceabris.com\/BLOG\/wp-json\/wp\/v2\/media?parent=9235"}],"wp:term":[{"taxonomy":"category","embeddable":true,"href":"https:\/\/www.franceabris.com\/BLOG\/wp-json\/wp\/v2\/categories?post=9235"},{"taxonomy":"post_tag","embeddable":true,"href":"https:\/\/www.franceabris.com\/BLOG\/wp-json\/wp\/v2\/tags?post=9235"}],"curies":[{"name":"wp","href":"https:\/\/api.w.org\/{rel}","templated":true}]}}