{"id":9305,"date":"2018-05-28T06:06:34","date_gmt":"2018-05-28T05:06:34","guid":{"rendered":"https:\/\/www.franceabris.com\/BLOG\/?p=9305"},"modified":"2018-03-13T18:32:43","modified_gmt":"2018-03-13T17:32:43","slug":"abri-camping-car-en-bois-avec-bardage-lateral","status":"publish","type":"post","link":"https:\/\/www.franceabris.com\/BLOG\/abri-camping-car-en-bois-avec-bardage-lateral\/","title":{"rendered":"Abri camping car en bois avec bardage lat\u00e9ral"},"content":{"rendered":"<p><span style=\"color: #808080;\"><em>Le mod\u00e8le pr\u00e9sent\u00e9 dans cet article est disponible sur FRANCE ABRIS sous la r\u00e9f\u00e9rence : ID 2528.<\/em><\/span><\/p>\n<p style=\"text-align: justify;\">Parmi les habitu\u00e9s de FRANCE ABRIS, les passionn\u00e9s de camping-car figurent en bonne place. Il faut dire qu&rsquo;ils ont besoin de prot\u00e9ger leur petit bijou de v\u00e9hicule de loisirs et que le choix d&rsquo;<strong>un bon carport d\u00e9di\u00e9 dans son jardin constitue une alternative d&rsquo;excellence aux solutions d&rsquo;hivernage<\/strong> et de gardiennage habituelles.<\/p>\n<p style=\"text-align: justify;\">\u00c9videmment, il est n\u00e9cessaire d&rsquo;avoir un jardin suffisamment grand pour accueillir une structure forc\u00e9ment imposante. Et bien r\u00e9fl\u00e9chir \u00e0 l&#8217;emplacement de son abri camping-car, afin d&rsquo;\u00e9pargner l&rsquo;esth\u00e9tique de votre ext\u00e9rieur tout en b\u00e9n\u00e9ficiant de ce confort incomparable : <strong>avoir son v\u00e9hicule \u00e0 domicile, \u00e0 port\u00e9e de voyage, \u00e0 port\u00e9e d&rsquo;entretien.<\/strong><\/p>\n<p style=\"text-align: justify;\">FRANCE ABRIS poss\u00e8de un catalogue de produits exhaustif. <strong>Ce sont ainsi d&rsquo;innombrables r\u00e9f\u00e9rences de carports camping-car<\/strong> qui vous sont propos\u00e9es. Des r\u00e9f\u00e9rences, dont certaines particuli\u00e8rement modulables et adaptables &#8211; ce qui est un avantage cons\u00e9quent lorsqu&rsquo;on envisage l&rsquo;installation d&rsquo;une telle structure dans son jardin.<\/p>\n<p style=\"text-align: justify;\">Petit coup d&rsquo;oeil \u00e0 l&rsquo;installation de Fr\u00e9d\u00e9ric, qui a su personnaliser efficacement son carport.<\/p>\n<p style=\"text-align: justify;\"><a href=\"https:\/\/www.franceabris.com\/54-abri-camping-car\" target=\"_blank\" rel=\"noopener\"><strong>&#8211;<span style=\"color: #ff6600;\">\u00a0<\/span><\/strong><span style=\"color: #ff6600;\">Tous les abris en kits pour camping-car sur FRANCE ABRIS !<\/span><\/a><\/p>\n<h2 style=\"text-align: justify;\">Un carport v\u00e9hicule de loisirs en kit personnalis\u00e9<\/h2>\n<p style=\"text-align: justify;\">Lorsque Fr\u00e9d\u00e9ric a d\u00e9cid\u00e9 d&rsquo;acheter son ossature de camping-car, il avait en t\u00eate un objectif principal &#8211; qui est celui de bon nombre de camping-caristes : <strong>s&rsquo;\u00e9viter enfin les d\u00e9penses trop importantes et annuelles qu&rsquo;il passait dans les prestations de soci\u00e9t\u00e9s de gardiennage pour l&rsquo;hivernage<\/strong> de son v\u00e9hicule. Ses ann\u00e9es de passion le poussaient d\u00e9sormais \u00e0 garder pr\u00e8s de lui, \u00e0 l&rsquo;ann\u00e9e, son camping-car &#8211; et c&rsquo;\u00e9tait un soulagement, disons-le.<\/p>\n<h3 style=\"text-align: justify;\">Grande hauteur et emprise au sol : une ossature bois id\u00e9ale pour des v\u00e9hicules imposants<\/h3>\n<p style=\"text-align: justify;\">Guid\u00e9 par l&rsquo;\u00e9quipe commerciale de FRANCE ABRIS,<strong> il a fini par opter pour une ossature bois en kit, dont la grande hauteur<\/strong> permettait le stationnement de son v\u00e9hicule. 3,53 m\u00e8tres de hauteur utile, 3,57 m\u00e8tres de largeur de passage et une emprise au sol d\u00e9passant les 32 m\u00b2 : c&rsquo;est une structure tout confort qu&rsquo;il a s\u00e9lectionn\u00e9e, lui permettant de circuler autour du v\u00e9hicule, \u00e0 l&rsquo;abri, et de manoeuvrer relativement facilement.<\/p>\n<h3 style=\"text-align: justify;\">Cet abri pour camping-car est personnalisable et permet de respecter son budget<\/h3>\n<p style=\"text-align: justify;\">Surtout, <strong>ce mod\u00e8le de charpente bois en kit pr\u00e9sente un avantage ind\u00e9niable<\/strong> pour qui souhaite s&rsquo;offrir un carport r\u00e9pondant exactement \u00e0 ses besoins : il s&rsquo;agit d&rsquo;une structure livr\u00e9e avec une couverture r\u00e9sistante et dont la simplicit\u00e9 permet toutes les personnalisations. Ainsi, notre client a pu, d&rsquo;une part, profiter d&rsquo;un toit de t\u00f4le de polycarbonate particuli\u00e8rement \u00e9conomique, lui permettant de rentrer dans son budget. D&rsquo;autre part, confectionner des bardages lat\u00e9raux \u00e0 l&rsquo;aide de planches l\u00e9g\u00e8res permettant de clore les c\u00f4t\u00e9s de l&rsquo;abri.<\/p>\n<p style=\"text-align: justify;\">Une fa\u00e7on de pr\u00e9server son pr\u00e9cieux camping-car et des regards indiscrets, et du vent ou des pluies lat\u00e9rales. \u00c0 l&rsquo;abri, bien au chaud !<\/p>\n<p style=\"text-align: justify;\"><img decoding=\"async\" loading=\"lazy\" class=\"aligncenter wp-image-9307 size-large\" style=\"border: 1px solid #000000;\" src=\"https:\/\/www.franceabris.com\/BLOG\/wp-content\/uploads\/2018\/05\/abri-camping-car-bois-2-585x437.jpg\" alt=\"L'abri en kit pour camping-car ou caravane\" width=\"585\" height=\"437\" srcset=\"https:\/\/www.franceabris.com\/BLOG\/wp-content\/uploads\/2018\/05\/abri-camping-car-bois-2-585x437.jpg 585w, https:\/\/www.franceabris.com\/BLOG\/wp-content\/uploads\/2018\/05\/abri-camping-car-bois-2-131x98.jpg 131w, https:\/\/www.franceabris.com\/BLOG\/wp-content\/uploads\/2018\/05\/abri-camping-car-bois-2-321x240.jpg 321w, https:\/\/www.franceabris.com\/BLOG\/wp-content\/uploads\/2018\/05\/abri-camping-car-bois-2-768x573.jpg 768w, https:\/\/www.franceabris.com\/BLOG\/wp-content\/uploads\/2018\/05\/abri-camping-car-bois-2.jpg 1200w\" sizes=\"(max-width: 585px) 100vw, 585px\" \/><\/p>\n<h2 style=\"text-align: justify;\">Le mat\u00e9riau de ces carports camping-car ? Du bois, entre esth\u00e9tique et r\u00e9sistance !<\/h2>\n<p style=\"text-align: justify;\">La charpente en kit choisie pour le camping-car de Fr\u00e9d\u00e9ric exploite au maximum toutes les qualit\u00e9s d&rsquo;un mat\u00e9riau appr\u00e9ci\u00e9 d\u00e8s que l&rsquo;on parle abris ou carports : le bois. <strong>En l&rsquo;occurrence, une essence de pin tr\u00e8s r\u00e9pandue et, surtout, trait\u00e9e autoclave.<\/strong> Avec cette structure, c&rsquo;est la garantie d&rsquo;une tranquillit\u00e9 d&rsquo;esprit, d&rsquo;une durabilit\u00e9, d&rsquo;une r\u00e9sistance aux intemp\u00e9ries et de qualit\u00e9s techniques qui respectent l&rsquo;esth\u00e9tique d&rsquo;un jardin\u2026<\/p>\n<h3>Le bois, un mat\u00e9riau bienvenu pour les carports camping-car<\/h3>\n<p style=\"text-align: justify;\">Car le bois autoclave est un bois qui a subi un traitement pr\u00e9alable. Les pi\u00e8ces ont ainsi \u00e9t\u00e9 plong\u00e9es dans un autoclave o\u00f9, sous l&rsquo;effet de la pression, une solution fongicide et insecticide leur a \u00e9t\u00e9 inject\u00e9e en profondeur. Les habitu\u00e9s du bois le savent : pour bichonner ce mat\u00e9riau, il est essentiel de bien le prot\u00e9ger des agressions des insectes xylophages et des champignons ou moisissures. C&rsquo;est tout le sens de<strong> ce traitement autoclave qui vous permettra de ne pas avoir \u00e0 traiter, vous, votre carport<\/strong> \u00e0 sa r\u00e9ception (et, donc, de passer directement au montage).<\/p>\n<h3>Un bois autoclave qui vous \u00e9pargne le traitement de l&rsquo;abri<\/h3>\n<p style=\"text-align: justify;\">Alors, bien entendu, ce traitement n&rsquo;est pas \u00e9ternel. Et, si le passage d&rsquo;un biocide sur les pi\u00e8ces de l&rsquo;abri avant le montage vous est \u00e9pargn\u00e9, il vous faudra tout de m\u00eame en retraiter les \u00e9l\u00e9ments visibles apr\u00e8s trois ou quatre ans. Par ailleurs, une lasure peut \u00eatre toujours n\u00e9cessaire afin de pr\u00e9server la teinte du bois. Enfin, derni\u00e8re n\u00e9cessit\u00e9 : <strong>le carport en kit grande hauteur doit \u00eatre mont\u00e9 sur une dalle en b\u00e9ton.<\/strong> De quoi renforcer la r\u00e9sistance de son implantation, sa capacit\u00e9 \u00e0 tenir face aux intemp\u00e9ries, tout en pr\u00e9venant les remont\u00e9es d&rsquo;eau au sol. Utile !<\/p>\n<p><img decoding=\"async\" loading=\"lazy\" class=\"aligncenter wp-image-9308 size-large\" style=\"border: 1px solid #000000;\" src=\"https:\/\/www.franceabris.com\/BLOG\/wp-content\/uploads\/2018\/05\/abri-camping-car-bois-3-585x437.jpeg\" alt=\"Carport v\u00e9hicules de loisirs en kit\" width=\"585\" height=\"437\" srcset=\"https:\/\/www.franceabris.com\/BLOG\/wp-content\/uploads\/2018\/05\/abri-camping-car-bois-3-585x437.jpeg 585w, https:\/\/www.franceabris.com\/BLOG\/wp-content\/uploads\/2018\/05\/abri-camping-car-bois-3-131x98.jpeg 131w, https:\/\/www.franceabris.com\/BLOG\/wp-content\/uploads\/2018\/05\/abri-camping-car-bois-3-321x240.jpeg 321w, https:\/\/www.franceabris.com\/BLOG\/wp-content\/uploads\/2018\/05\/abri-camping-car-bois-3-768x574.jpeg 768w, https:\/\/www.franceabris.com\/BLOG\/wp-content\/uploads\/2018\/05\/abri-camping-car-bois-3.jpeg 1600w\" sizes=\"(max-width: 585px) 100vw, 585px\" \/><\/p>\n","protected":false},"excerpt":{"rendered":"<p>Le mod\u00e8le pr\u00e9sent\u00e9 dans cet article est disponible sur FRANCE ABRIS sous la r\u00e9f\u00e9rence : ID 2528. Parmi les habitu\u00e9s de FRANCE ABRIS, les passionn\u00e9s de camping-car figurent en bonne place. Il faut dire qu&rsquo;ils ont besoin de prot\u00e9ger leur petit bijou de v\u00e9hicule de loisirs et que le choix d&rsquo;un bon carport d\u00e9di\u00e9 dans &hellip; <a href=\"https:\/\/www.franceabris.com\/BLOG\/abri-camping-car-en-bois-avec-bardage-lateral\/\" class=\"more-link\">Continuer la lecture de <span class=\"screen-reader-text\">Abri camping car en bois avec bardage lat\u00e9ral<\/span><\/a><\/p>\n","protected":false},"author":2,"featured_media":9306,"comment_status":"closed","ping_status":"closed","sticky":false,"template":"","format":"standard","meta":[],"categories":[2,3,61],"tags":[],"_links":{"self":[{"href":"https:\/\/www.franceabris.com\/BLOG\/wp-json\/wp\/v2\/posts\/9305"}],"collection":[{"href":"https:\/\/www.franceabris.com\/BLOG\/wp-json\/wp\/v2\/posts"}],"about":[{"href":"https:\/\/www.franceabris.com\/BLOG\/wp-json\/wp\/v2\/types\/post"}],"author":[{"embeddable":true,"href":"https:\/\/www.franceabris.com\/BLOG\/wp-json\/wp\/v2\/users\/2"}],"replies":[{"embeddable":true,"href":"https:\/\/www.franceabris.com\/BLOG\/wp-json\/wp\/v2\/comments?post=9305"}],"version-history":[{"count":0,"href":"https:\/\/www.franceabris.com\/BLOG\/wp-json\/wp\/v2\/posts\/9305\/revisions"}],"wp:featuredmedia":[{"embeddable":true,"href":"https:\/\/www.franceabris.com\/BLOG\/wp-json\/wp\/v2\/media\/9306"}],"wp:attachment":[{"href":"https:\/\/www.franceabris.com\/BLOG\/wp-json\/wp\/v2\/media?parent=9305"}],"wp:term":[{"taxonomy":"category","embeddable":true,"href":"https:\/\/www.franceabris.com\/BLOG\/wp-json\/wp\/v2\/categories?post=9305"},{"taxonomy":"post_tag","embeddable":true,"href":"https:\/\/www.franceabris.com\/BLOG\/wp-json\/wp\/v2\/tags?post=9305"}],"curies":[{"name":"wp","href":"https:\/\/api.w.org\/{rel}","templated":true}]}}