{"id":9309,"date":"2018-05-20T06:06:18","date_gmt":"2018-05-20T05:06:18","guid":{"rendered":"https:\/\/www.franceabris.com\/BLOG\/?p=9309"},"modified":"2026-03-18T16:26:28","modified_gmt":"2026-03-18T15:26:28","slug":"une-passion-un-salon-des-abris-le-salon-du-bois-4-6","status":"publish","type":"post","link":"https:\/\/www.franceabris.com\/BLOG\/une-passion-un-salon-des-abris-le-salon-du-bois-4-6\/","title":{"rendered":"Une passion, un salon\u2026 des abris : le salon du BOIS (4\/6)"},"content":{"rendered":"<p style=\"text-align: justify;\"><em><strong>En France, les \u00e9v\u00e9nements ne manquent pas pour assouvir une passion, entretenir un centre d&rsquo;int\u00e9r\u00eat ou \u00e9largir ses horizons. Salons, foires, manifestations en tout genres\u2026 Des rassemblements ont lieu chaque ann\u00e9e un peu partout dans nos r\u00e9gions. Quel rapport avec FRANCE ABRIS, vous demandez-vous ? Les abris, justement ! Car, nombre de ces hobbies r\u00e9clament un toit adapt\u00e9. Petit focus bimestriel sur un \u00e9v\u00e9nement en lien, de pr\u00e8s ou de loin, avec\u2026 des abris.<\/strong><\/em><\/p>\n<p style=\"text-align: justify;\">Tous les deux ans, c&rsquo;est un gros salon d\u00e9di\u00e9 aux professionnels qui a lieu du c\u00f4t\u00e9 d&rsquo;Eurexpo, \u00e0 Lyon :<strong> le salon Eurobois, qui rassemble tous les acteurs de la fili\u00e8re.<\/strong> L&rsquo;intitul\u00e9 du salon ? Le salon du bois, des techniques de transformation et de l&rsquo;agencement.<\/p>\n<p style=\"text-align: justify;\">Un \u00e9v\u00e9nement qui permet de pr\u00e9senter, mettre en contact et cr\u00e9er des liens entre des professionnels du bois \u00e0 toutes les \u00e9tapes de sa fabrication, de sa production et de son exploitation. Un salon qui, forc\u00e9ment, \u00e9voquera aux habitu\u00e9s de FRANCE ABRIS<strong> les nombreux abris, carports, charpentes et ossatures en bois disponibles dans notre catalogue<\/strong>\u2026 Explications.<\/p>\n<p><strong>&#8211;<\/strong> <span style=\"color: #ff6600;\"><a style=\"color: #ff6600;\" href=\"https:\/\/www.franceabris.com\/107-abri-jardin-bois\" target=\"_blank\" rel=\"noopener\">Tous les abris en bois sont disponibles sur FRANCE ABRIS.<\/a><\/span><\/p>\n<h2 style=\"text-align: justify;\">Le salon Eurobois : le bois comme star d&rsquo;une fili\u00e8re enti\u00e8re<\/h2>\n<p style=\"text-align: justify;\">C&rsquo;est du 6 au 9 f\u00e9vrier 2018 que s&rsquo;est d\u00e9roul\u00e9<span style=\"color: #ff6600;\"> <a style=\"color: #ff6600;\" href=\"https:\/\/www.eurobois.net\" target=\"_blank\" rel=\"noopener\">le salon Eurobois \u00e0 Eurexpo \u00e0 Lyon.<\/a> <\/span>Un rendez-vous majeur du secteur dont la situation n&rsquo;est pas anodine : la r\u00e9gion Auvergne-Rh\u00f4ne-Alpes est la premi\u00e8re r\u00e9gion fran\u00e7aise en mati\u00e8re de transformation du bois. <strong>Mieux, la fili\u00e8re elle-m\u00eame dans la r\u00e9gion rassemble 18 000 entreprises, concentrant 66 000 emplois.<\/strong> Autant qu&rsquo;elle est l\u00e9gitime lorsqu&rsquo;elle accueille un tel salon\u2026<\/p>\n<h3>Un rendez-vous europ\u00e9en pour les professionnels du bois<\/h3>\n<p style=\"text-align: justify;\"><strong>Cette ann\u00e9e, Eurobois a accueilli pas moins de 23 000 professionnels<\/strong>, ce qui repr\u00e9sente une augmentation de pr\u00e8s de 17% par rapport \u00e0 la pr\u00e9c\u00e9dente \u00e9dition, en 2016. 380 exposants et marques ont pu pr\u00e9senter leur activit\u00e9, leurs nouveaut\u00e9s, leur actualit\u00e9\u2026 7% de visiteurs internationaux, des exposants venus de France, d&rsquo;Italie, d&rsquo;Allemagne, de Belgique, d&rsquo;Autriche, de Suisse\u2026<\/p>\n<h3>Tous les secteurs de la fili\u00e8re bois repr\u00e9sent\u00e9s<\/h3>\n<p style=\"text-align: justify;\">Parmi les secteurs repr\u00e9sent\u00e9s de cette fili\u00e8re bois ? <strong>La premi\u00e8re et deuxi\u00e8me transformation du bois, les techniques de transformation et d&rsquo;agencement<\/strong>, les organismes publics, syndicats, l&rsquo;enseignement, le n\u00e9goce, la sylviculture, les prescripteurs du b\u00e2timent\u2026 Un succ\u00e8s qui a pu se construire aussi sur la labellisation EUMABOIS\u00a0(f\u00e9d\u00e9ration europ\u00e9enne des fabricants de machines \u00e0 bois) re\u00e7ue par le salon.<\/p>\n<p><iframe loading=\"lazy\" title=\"D\u00e9couvrez EUROBOIS 2018!\" width=\"660\" height=\"371\" src=\"https:\/\/www.youtube.com\/embed\/a0TIWbPtHFo?feature=oembed\" frameborder=\"0\" allow=\"accelerometer; autoplay; clipboard-write; encrypted-media; gyroscope; picture-in-picture; web-share\" referrerpolicy=\"strict-origin-when-cross-origin\" allowfullscreen><\/iframe><\/p>\n<h2 style=\"text-align: justify;\">L&rsquo;ossature bois, le choix d&rsquo;un abri personnalisable et r\u00e9sistant<\/h2>\n<p style=\"text-align: justify;\">En mati\u00e8re de bois, FRANCE ABRIS a quelques cordes \u00e0 son arc.<strong> Il faut dire que dans la distribution d&rsquo;abris, de structures, de charpentes, de carports ou de garages en bois<\/strong>, difficile de faire mieux : ce sont des centaines de r\u00e9f\u00e9rences que vous trouverez sur notre site. Jetez un coup d&rsquo;oeil aux petits cabanons que nous vous proposez, un abri d&rsquo;appoint afin de stocker son outillage de jardin ; ou aux carports en bois autoclave qui prot\u00e9geront votre v\u00e9hicule des intemp\u00e9ries\u2026<\/p>\n<h3>Parmi les structures en bois, les charpente en Douglas font la diff\u00e9rence<\/h3>\n<p style=\"text-align: justify;\"><strong>Mais on \u00e9voquera aussi les ossatures en bois Douglas<\/strong>, qui sont des structures particuli\u00e8rement modulables et adaptables dans une essence tr\u00e8s appr\u00e9ci\u00e9e. <span style=\"color: #ff6600;\"><a style=\"color: #ff6600;\" href=\"https:\/\/www.franceabris.com\/109-abri-bois\" target=\"_blank\" rel=\"noopener\">L&rsquo;ossature est une charpente juch\u00e9e sur ses poteaux<\/a><\/span>, dont vous serez amen\u00e9 \u00e0 acheter la couverture \u00e0 part. L&rsquo;occasion de ma\u00eetriser votre budget en s\u00e9lectionnant la couverture correspondant le plus \u00e0 vos exigences. Avec l&rsquo;avantage de b\u00e9n\u00e9ficier des qualit\u00e9s de r\u00e9sistance du bois Douglas, naturellement r\u00e9sistant contre les insectes et contre les moisissures.<\/p>\n<h3>Les avantages d&rsquo;un abri ou d&rsquo;un carport en bois<\/h3>\n<p style=\"text-align: justify;\">C&rsquo;est \u00e9videmment un atout important, puisque les autres structures en bois n\u00e9cessitent habituellement un traitement fongicide et insecticide pour durer. Traitement r\u00e9clamant du temps et de l&rsquo;argent ! <strong>D&rsquo;une fa\u00e7on g\u00e9n\u00e9rale, le bois reste un mat\u00e9riau appr\u00e9ci\u00e9 pour ses vertus naturelles.<\/strong> Une esth\u00e9tique qui lui permet de se marier \u00e0 des architectures tr\u00e8s diff\u00e9rentes ; une solidit\u00e9 av\u00e9r\u00e9e dans les intemp\u00e9ries, face au vent ; des qualit\u00e9s d&rsquo;isolation bien meilleures que celles du PVC ou du m\u00e9tal\u2026 Pas de doute, le bois, c&rsquo;est un choix d&rsquo;excellence !<\/p>\n<p><img decoding=\"async\" loading=\"lazy\" class=\"aligncenter wp-image-8952 size-full\" style=\"border: 1px solid #000000;\" src=\"https:\/\/www.franceabris.com\/BLOG\/wp-content\/uploads\/2017\/05\/ossature-bois-caravane-1.jpg\" alt=\"ossature grande hauteur pour un abri en bois\" width=\"500\" height=\"339\" srcset=\"https:\/\/www.franceabris.com\/BLOG\/wp-content\/uploads\/2017\/05\/ossature-bois-caravane-1.jpg 500w, https:\/\/www.franceabris.com\/BLOG\/wp-content\/uploads\/2017\/05\/ossature-bois-caravane-1-145x98.jpg 145w, https:\/\/www.franceabris.com\/BLOG\/wp-content\/uploads\/2017\/05\/ossature-bois-caravane-1-354x240.jpg 354w\" sizes=\"(max-width: 500px) 100vw, 500px\" \/><\/p>\n","protected":false},"excerpt":{"rendered":"<p>En France, les \u00e9v\u00e9nements ne manquent pas pour assouvir une passion, entretenir un centre d&rsquo;int\u00e9r\u00eat ou \u00e9largir ses horizons. Salons, foires, manifestations en tout genres\u2026 Des rassemblements ont lieu chaque ann\u00e9e un peu partout dans nos r\u00e9gions. Quel rapport avec FRANCE ABRIS, vous demandez-vous ? Les abris, justement ! Car, nombre de ces hobbies r\u00e9clament &hellip; <a href=\"https:\/\/www.franceabris.com\/BLOG\/une-passion-un-salon-des-abris-le-salon-du-bois-4-6\/\" class=\"more-link\">Continuer la lecture de <span class=\"screen-reader-text\">Une passion, un salon\u2026 des abris : le salon du BOIS (4\/6)<\/span><\/a><\/p>\n","protected":false},"author":2,"featured_media":6620,"comment_status":"closed","ping_status":"closed","sticky":false,"template":"","format":"standard","meta":[],"categories":[2,3],"tags":[],"_links":{"self":[{"href":"https:\/\/www.franceabris.com\/BLOG\/wp-json\/wp\/v2\/posts\/9309"}],"collection":[{"href":"https:\/\/www.franceabris.com\/BLOG\/wp-json\/wp\/v2\/posts"}],"about":[{"href":"https:\/\/www.franceabris.com\/BLOG\/wp-json\/wp\/v2\/types\/post"}],"author":[{"embeddable":true,"href":"https:\/\/www.franceabris.com\/BLOG\/wp-json\/wp\/v2\/users\/2"}],"replies":[{"embeddable":true,"href":"https:\/\/www.franceabris.com\/BLOG\/wp-json\/wp\/v2\/comments?post=9309"}],"version-history":[{"count":0,"href":"https:\/\/www.franceabris.com\/BLOG\/wp-json\/wp\/v2\/posts\/9309\/revisions"}],"wp:featuredmedia":[{"embeddable":true,"href":"https:\/\/www.franceabris.com\/BLOG\/wp-json\/wp\/v2\/media\/6620"}],"wp:attachment":[{"href":"https:\/\/www.franceabris.com\/BLOG\/wp-json\/wp\/v2\/media?parent=9309"}],"wp:term":[{"taxonomy":"category","embeddable":true,"href":"https:\/\/www.franceabris.com\/BLOG\/wp-json\/wp\/v2\/categories?post=9309"},{"taxonomy":"post_tag","embeddable":true,"href":"https:\/\/www.franceabris.com\/BLOG\/wp-json\/wp\/v2\/tags?post=9309"}],"curies":[{"name":"wp","href":"https:\/\/api.w.org\/{rel}","templated":true}]}}