{"id":9336,"date":"2018-06-04T06:06:54","date_gmt":"2018-06-04T05:06:54","guid":{"rendered":"https:\/\/www.franceabris.com\/BLOG\/?p=9336"},"modified":"2018-04-25T17:06:53","modified_gmt":"2018-04-25T16:06:53","slug":"des-abris-pour-ceux-qui-nen-ont-pas","status":"publish","type":"post","link":"https:\/\/www.franceabris.com\/BLOG\/des-abris-pour-ceux-qui-nen-ont-pas\/","title":{"rendered":"Des abris pour ceux qui n&rsquo;en ont pas&#8230;"},"content":{"rendered":"<p style=\"text-align: justify;\">C&rsquo;est une initiative qu&rsquo;on avait remarqu\u00e9e cet hiver et qui m\u00e9rite son coup de projecteur : un ing\u00e9nieur a conceptualis\u00e9 des igloos en kit pour offrir un toit temporaire aux sans-abris. Le concept initial devait permettre aux personnes sans domicile fixe d&rsquo;\u00eatre pr\u00e9serv\u00e9es en partie des intemp\u00e9ries et du froid.<\/p>\n<p style=\"text-align: justify;\">Alors que les jours s&rsquo;allongent et la chaleur revient, on parle moins de ces personnes dans le besoin&#8230; et, pourtant, \u00e9t\u00e9 ou pas, profiter d&rsquo;un toit pour \u00e9viter la pluie, d&rsquo;un espace clos pour pr\u00e9server son intimit\u00e9, d&rsquo;un peu d&rsquo;ombre optimis\u00e9e pour repousser les rayons, ce n&rsquo;est pas du superflu.<\/p>\n<p style=\"text-align: justify;\">Surtout, le soutien aux SDF s&rsquo;organise, se pr\u00e9pare et s&rsquo;entretient tout au long de l&rsquo;ann\u00e9e !<\/p>\n<h2 style=\"text-align: justify;\">Un abri temporaire : le kit d&rsquo;urgence face aux situations les plus difficiles<\/h2>\n<p style=\"text-align: justify;\">C&rsquo;est un jeune ing\u00e9nieur, Geoffroy de Raynal, qui a conceptualis\u00e9 ces igloos un peu particuliers. Afin de trouver une alternative plus efficace aux traditionnelles tentes et duvets, il a r\u00e9alis\u00e9 un prototype de toit visant \u00e0 maximiser l&rsquo;isolation du froid. L&rsquo;objectif : proposer une solution d&rsquo;abri temporaire, pratique et mobile \u00e0 celles et ceux qui en manque.<\/p>\n<h3>Un financement participatif \u00e0 l&rsquo;origine du projet<\/h3>\n<p style=\"text-align: justify;\">Apr\u00e8s avoir lanc\u00e9 <span style=\"color: #ff6600;\"><a style=\"color: #ff6600;\" href=\"https:\/\/fr.ulule.com\/iglou-sans-abris\/\" target=\"_blank\" rel=\"noopener\">une campagne de financement participatif<\/a><\/span> et r\u00e9colt\u00e9 18 000\u20ac, les porteurs du projets ont pu lancer la fabrication d&rsquo;une dizaine d&rsquo;iglous en kit, ensuite distribu\u00e9s \u00e0 Paris et au bois de Vincennes, alors qu&rsquo;une vague de grand froid \u00e9tait en pr\u00e9vision.<\/p>\n<blockquote class=\"twitter-tweet\" data-lang=\"fr\">\n<p dir=\"ltr\" lang=\"fr\">pas une solution aux probl\u00e8me des sans-abris, mais simplement une r\u00e9ponse d\u2019urgence \u00e0 une catastrophe humanitaire.<a href=\"https:\/\/t.co\/2AP4ojFp1i\">https:\/\/t.co\/2AP4ojFp1i<\/a> <a href=\"https:\/\/t.co\/l6aVdqJeiI\">pic.twitter.com\/l6aVdqJeiI<\/a><\/p>\n<p>\u2014 Qora Sha\u00ef (@Qorashai) <a href=\"https:\/\/twitter.com\/Qorashai\/status\/966968880215265281?ref_src=twsrc%5Etfw\">23 f\u00e9vrier 2018<\/a><\/p><\/blockquote>\n<p><script async src=\"https:\/\/platform.twitter.com\/widgets.js\" charset=\"utf-8\"><\/script><\/p>\n<h3>Objectif : hiver 2019<\/h3>\n<p style=\"text-align: justify;\">Dans des propos pour Sud Radio, Geoffroy de Raynal expliquait : <em>\u00ab\u00a0L\u2019id\u00e9e, c\u2019est d\u2019\u00eatre au final financ\u00e9 par les collectivit\u00e9s et les pr\u00e9fectures, qui sont d\u00e9j\u00e0 responsables des plans hivernaux et des plans grand froid, pour des cas d\u2019urgence quand les centres d\u2019h\u00e9bergement sont satur\u00e9s.\u00a0\u00bb<\/em><\/p>\n<h2 style=\"text-align: justify;\">Comment sont con\u00e7us ces abris solidaires ?<\/h2>\n<p style=\"text-align: justify;\">La gen\u00e8se de ce projet ? <em>\u00ab\u00a0J\u2019ai travaill\u00e9 au Montenegro o\u00f9 je remarquais que personne ne dormait dans la rue\u00a0\u00bb<\/em>,<span style=\"color: #ff6600;\"><a style=\"color: #ff6600;\" href=\"https:\/\/www.sudouest.fr\/2018\/02\/23\/video-bordeaux-un-jeune-ingenieur-invente-un-abri-pour-sdf-4226000-2780.php\" target=\"_blank\" rel=\"noopener\"> explique le fondateur dans les colonnes de Sud Ouest.<\/a><\/span><em> \u00ab\u00a0Une solidarit\u00e9 naturelle existe pour que personne n\u2019y soit, malgr\u00e9 les conditions de vie plus dures que chez nous. Quand je suis rentr\u00e9 \u00e0 Paris, j\u2019ai \u00e9t\u00e9 d\u2019autant plus choqu\u00e9.\u00a0\u00bb<\/em><\/p>\n<h3>L&rsquo;isolation thermique bien meilleure que dans une tente<\/h3>\n<p style=\"text-align: justify;\">Les igloos sont fabriqu\u00e9s en plaques de poly\u00e9thyl\u00e8ne, dont une face est tapiss\u00e9e d&rsquo;aluminium. Ces plaques, au nombre de cinq, s&#8217;embo\u00eetent ais\u00e9ment. Gr\u00e2ce \u00e0 cet ing\u00e9nieux syst\u00e8me, la chaleur humaine est conserv\u00e9e pour un abri \u00e0 l&rsquo;isolation thermique infiniment meilleure que celle d&rsquo;une tente. Ainsi, c&rsquo;est un gain de 20\u00b0C pour un couple et 15\u00b0C pour une unique personne qui serait en moyenne assur\u00e9e par rapport \u00e0 la temp\u00e9rature ext\u00e9rieure.<\/p>\n<p><iframe loading=\"lazy\" width=\"660\" height=\"371\" src=\"https:\/\/www.youtube.com\/embed\/iuaeukL-sZA?feature=oembed\" frameborder=\"0\" allow=\"autoplay; encrypted-media\" allowfullscreen><\/iframe><\/p>\n<h3>Une solution temporaire \u00e0 des probl\u00e8mes urgents<\/h3>\n<p style=\"text-align: justify;\">Non seulement l&rsquo;\u00e9tanch\u00e9it\u00e9 est assur\u00e9e, mais la structure est en plus ignifug\u00e9e \u00e0 l&rsquo;int\u00e9rieur, pour \u00e9viter les accidents : m\u00e9gots, r\u00e9chaud \u00e0 terre\u2026 <span style=\"color: #ff6600;\"><a style=\"color: #ff6600;\" href=\"https:\/\/www.iglou.fr\/\" target=\"_blank\" rel=\"noopener\">Flexibilit\u00e9, s\u00e9curit\u00e9, intimit\u00e9 sont permises gr\u00e2ce \u00e0 cette belle initiative<\/a><\/span> ! Comme quoi, il y a des abris pour tout !<\/p>\n","protected":false},"excerpt":{"rendered":"<p>C&rsquo;est une initiative qu&rsquo;on avait remarqu\u00e9e cet hiver et qui m\u00e9rite son coup de projecteur : un ing\u00e9nieur a conceptualis\u00e9 des igloos en kit pour offrir un toit temporaire aux sans-abris. Le concept initial devait permettre aux personnes sans domicile fixe d&rsquo;\u00eatre pr\u00e9serv\u00e9es en partie des intemp\u00e9ries et du froid. Alors que les jours s&rsquo;allongent &hellip; <a href=\"https:\/\/www.franceabris.com\/BLOG\/des-abris-pour-ceux-qui-nen-ont-pas\/\" class=\"more-link\">Continuer la lecture de <span class=\"screen-reader-text\">Des abris pour ceux qui n&rsquo;en ont pas&#8230;<\/span><\/a><\/p>\n","protected":false},"author":2,"featured_media":9337,"comment_status":"closed","ping_status":"closed","sticky":false,"template":"","format":"standard","meta":[],"categories":[2],"tags":[],"_links":{"self":[{"href":"https:\/\/www.franceabris.com\/BLOG\/wp-json\/wp\/v2\/posts\/9336"}],"collection":[{"href":"https:\/\/www.franceabris.com\/BLOG\/wp-json\/wp\/v2\/posts"}],"about":[{"href":"https:\/\/www.franceabris.com\/BLOG\/wp-json\/wp\/v2\/types\/post"}],"author":[{"embeddable":true,"href":"https:\/\/www.franceabris.com\/BLOG\/wp-json\/wp\/v2\/users\/2"}],"replies":[{"embeddable":true,"href":"https:\/\/www.franceabris.com\/BLOG\/wp-json\/wp\/v2\/comments?post=9336"}],"version-history":[{"count":0,"href":"https:\/\/www.franceabris.com\/BLOG\/wp-json\/wp\/v2\/posts\/9336\/revisions"}],"wp:featuredmedia":[{"embeddable":true,"href":"https:\/\/www.franceabris.com\/BLOG\/wp-json\/wp\/v2\/media\/9337"}],"wp:attachment":[{"href":"https:\/\/www.franceabris.com\/BLOG\/wp-json\/wp\/v2\/media?parent=9336"}],"wp:term":[{"taxonomy":"category","embeddable":true,"href":"https:\/\/www.franceabris.com\/BLOG\/wp-json\/wp\/v2\/categories?post=9336"},{"taxonomy":"post_tag","embeddable":true,"href":"https:\/\/www.franceabris.com\/BLOG\/wp-json\/wp\/v2\/tags?post=9336"}],"curies":[{"name":"wp","href":"https:\/\/api.w.org\/{rel}","templated":true}]}}