{"id":9353,"date":"2018-06-19T06:06:56","date_gmt":"2018-06-19T05:06:56","guid":{"rendered":"https:\/\/www.franceabris.com\/BLOG\/?p=9353"},"modified":"2018-05-02T17:50:20","modified_gmt":"2018-05-02T16:50:20","slug":"de-labri-au-garage-tour-de-france-de-la-fabrication-francaise-des-tunnels-pvc-en-bourgogne-5-6","status":"publish","type":"post","link":"https:\/\/www.franceabris.com\/BLOG\/de-labri-au-garage-tour-de-france-de-la-fabrication-francaise-des-tunnels-pvc-en-bourgogne-5-6\/","title":{"rendered":"De l&rsquo;abri au garage, tour de France de la fabrication fran\u00e7aise : des tunnels PVC en Bourgogne (5\/6)"},"content":{"rendered":"<p style=\"text-align: justify;\"><strong>FRANCE ABRIS met en valeur ses fabrications \u00ab\u00a0made in France\u00a0\u00bb, des abris, garages, carports dont la conception est r\u00e9alis\u00e9e un peu partout dans les r\u00e9gions de l&rsquo;Hexagone. Un gage de s\u00e9rieux, de qualit\u00e9, issu d&rsquo;une longue tradition de ma\u00eetrise des mat\u00e9riaux, du bois \u00e0 l&rsquo;acier galvanis\u00e9, en passant par la r\u00e9sine PVC. <\/strong><\/p>\n<p style=\"text-align: justify;\"><strong>Ce mois-ci, nous partons justement \u00e0 la d\u00e9couverte de la b\u00e2che PVC utilis\u00e9e pour nos tunnels PVC fabriqu\u00e9s en Bourgogne.\u00a0<\/strong><\/p>\n<p style=\"text-align: justify;\"><a style=\"color: #ffa500;\" href=\"https:\/\/www.franceabris.com\/73-abri-stockage\" target=\"_blank\" rel=\"noopener\"><strong>&#8211;<\/strong> Jetez un coup d&rsquo;oeil aux tunnels PVC et abris stockage pros ou particuliers du catalogue FRANCE ABRIS !<\/a><\/p>\n<h2 style=\"text-align: justify;\">NOS TUNNELS PVC, AU COEUR DU TERROIR TRICOLORE<\/h2>\n<p style=\"text-align: justify;\">FRANCE ABRIS propose une gamme compl\u00e8te de tunnels en PVC, particuli\u00e8rement pratiques pour les professionnels, comme les particuliers. <strong>Ces structures m\u00ealant acier galvanis\u00e9 et b\u00e2che PVC sont g\u00e9n\u00e9ralement tr\u00e8s appr\u00e9ci\u00e9es dans le milieu agricole<\/strong>, pour ranger des engins, des outils, stocker des balles de foin\u2026 Elles se d\u00e9clinent dans des dimensions vari\u00e9es pour des usages\u00a0 qui le sont tout autant !<\/p>\n<h3 style=\"text-align: justify;\">Pour les pros et les particuliers, des abris stockage en PVC<\/h3>\n<p style=\"text-align: justify;\">Certains particuliers sont \u00e9galement int\u00e9ress\u00e9s par ces mod\u00e8les, notamment ceux qui proposent les surfaces les plus r\u00e9duites et adapt\u00e9es \u00e0 un jardin. Pourquoi ? La voiture, par exemple ! <strong>Ces tunnels font d&rsquo;excellents carports, permettant de prot\u00e9ger son v\u00e9hicule<\/strong>, tout en y stockant des outils du quotidien (jardinage, entretien, bricolage). Mais ce peut-\u00eatre aussi un moyen de cr\u00e9er une serre de jardin, pour peu que vous optiez pour une b\u00e2che transparente.<\/p>\n<p><img decoding=\"async\" loading=\"lazy\" class=\"aligncenter wp-image-5855 size-full\" style=\"border: 1px solid #000000;\" src=\"https:\/\/www.franceabris.com\/BLOG\/wp-content\/uploads\/2015\/12\/Capture-d\u2019\u00e9cran-2015-12-07-\u00e0-17.00.23.png\" alt=\"Grand tunnel de stockage agricole\" width=\"396\" height=\"278\" srcset=\"https:\/\/www.franceabris.com\/BLOG\/wp-content\/uploads\/2015\/12\/Capture-d\u2019\u00e9cran-2015-12-07-\u00e0-17.00.23.png 396w, https:\/\/www.franceabris.com\/BLOG\/wp-content\/uploads\/2015\/12\/Capture-d\u2019\u00e9cran-2015-12-07-\u00e0-17.00.23-140x98.png 140w, https:\/\/www.franceabris.com\/BLOG\/wp-content\/uploads\/2015\/12\/Capture-d\u2019\u00e9cran-2015-12-07-\u00e0-17.00.23-342x240.png 342w\" sizes=\"(max-width: 396px) 100vw, 396px\" \/><\/p>\n<h3 style=\"text-align: justify;\">La r\u00e9sistance de la toile PVC arm\u00e9e<\/h3>\n<p style=\"text-align: justify;\">D&rsquo;une fa\u00e7on g\u00e9n\u00e9rale, quel que soit le destin que vous lui pr\u00e9voyez, la toile PVC de chacun de ces tunnels de stockage est un mod\u00e8le de r\u00e9sistance et de solidit\u00e9. <strong>Une toile PVC arm\u00e9e de 650 g\/m\u00b2 devant \u00eatre enterr\u00e9e et garantie 10 ans :<\/strong> elle r\u00e9siste \u00e0 nombre des intemp\u00e9ries et ses arceaux en acier galvanis\u00e9 sont con\u00e7us pour r\u00e9sister \u00e0 la rouille malgr\u00e9 le passage des ans.<\/p>\n<h2 style=\"text-align: justify;\">LA BOURGOGNE, UNE R\u00c9GION DE TALENTS<\/h2>\n<p style=\"text-align: justify;\">\u00c0 FRANCE ABRIS, on reste insensible aux r\u00e9formes administratives. Si la Bourgogne est devenue la BFC, la Bourgogne-Franche-Comt\u00e9, <strong>c&rsquo;est bien au pays des Burgondes que sont fabriqu\u00e9s nos tunnels en toile PVC.<\/strong> Il faut dire que cette r\u00e9gion est un temple de l&rsquo;agriculture fran\u00e7aise : les c\u00e9r\u00e9ales, l&rsquo;\u00e9levage bovin et, bien entendu, la viticulture\u2026 Autant dire que nos tunnels PVC, souvent appr\u00e9ci\u00e9s des agriculteurs, y sont fabriqu\u00e9s avec un bel allant !<\/p>\n<p><img decoding=\"async\" loading=\"lazy\" class=\"aligncenter wp-image-9355 size-large\" style=\"border: 1px solid #000000;\" src=\"https:\/\/www.franceabris.com\/BLOG\/wp-content\/uploads\/2018\/06\/auxerre-3234535_1920-607x429.jpg\" alt=\"Bourgogne et Auxerre, berceau des tunnels stockage\" width=\"607\" height=\"429\" srcset=\"https:\/\/www.franceabris.com\/BLOG\/wp-content\/uploads\/2018\/06\/auxerre-3234535_1920-607x429.jpg 607w, https:\/\/www.franceabris.com\/BLOG\/wp-content\/uploads\/2018\/06\/auxerre-3234535_1920-139x98.jpg 139w, https:\/\/www.franceabris.com\/BLOG\/wp-content\/uploads\/2018\/06\/auxerre-3234535_1920-340x240.jpg 340w, https:\/\/www.franceabris.com\/BLOG\/wp-content\/uploads\/2018\/06\/auxerre-3234535_1920-768x543.jpg 768w, https:\/\/www.franceabris.com\/BLOG\/wp-content\/uploads\/2018\/06\/auxerre-3234535_1920.jpg 1920w\" sizes=\"(max-width: 607px) 100vw, 607px\" \/><\/p>\n<h3 style=\"text-align: justify;\">Berceau d&rsquo;agriculture, temple des tunnels PVC ?<\/h3>\n<p style=\"text-align: justify;\">\u00a0Si l&rsquo;agriculture fait les beaux jours des Bourguignons, <strong>cette r\u00e9gion a longtemps \u00e9t\u00e9 un berceau de l&rsquo;industrie bleu-blanc-rouge.<\/strong> Du c\u00f4t\u00e9 de Montceau-les-Mines, on s&rsquo;en rappelle encore, comme de celui de La Machine, dans la Ni\u00e8vre, o\u00f9 le charbon r\u00e9gnait en ma\u00eetre. Au Creusot, c&rsquo;\u00e9tait la sid\u00e9rurgie, et puis&#8230; la crise et des temps plus difficiles. Alors, la Bourgogne a su se diversifier avec l&rsquo;industrie pharmaceutique, la plasturgie, la parachimie, l&rsquo;\u00e9lectronique\u2026 et le tourisme, \u00e9videmment !<\/p>\n<h3 style=\"text-align: justify;\">La culture mondialement r\u00e9put\u00e9e<\/h3>\n<p style=\"text-align: justify;\">Il faut dire que le patrimoine bourguignon est \u00e9videmment connu dans le monde entier\u2026 <strong>Les climats du vignoble de Bourgogne<\/strong>, des parcelles de vigne situ\u00e9es aux alentours de Beaune et de Dijon, sont d&rsquo;ailleurs inscrits au patrimoine mondial de l&rsquo;UNESCO. Entre la Sa\u00f4ne-et-Loire, la Ni\u00e8vre, la C\u00f4te-d&rsquo;Or, l&rsquo;Yonne\u2026 De la Roche de Solutr\u00e9 aux maisons \u00e0 colombages auxerroises en passant par la cath\u00e9drale de Nevers ou par les caves de Beaunes, il y a de quoi satisfaire sa soif d&rsquo;histoire et de connaissance !<\/p>\n<p><img decoding=\"async\" loading=\"lazy\" class=\"aligncenter wp-image-9356 size-large\" style=\"border: 1px solid #000000;\" src=\"https:\/\/www.franceabris.com\/BLOG\/wp-content\/uploads\/2018\/06\/hotel-dieu-de-beaune-187869_1920-607x403.jpg\" alt=\"hotel-dieu-de-beaune-187869_1920\" width=\"607\" height=\"403\" srcset=\"https:\/\/www.franceabris.com\/BLOG\/wp-content\/uploads\/2018\/06\/hotel-dieu-de-beaune-187869_1920-607x403.jpg 607w, https:\/\/www.franceabris.com\/BLOG\/wp-content\/uploads\/2018\/06\/hotel-dieu-de-beaune-187869_1920-147x98.jpg 147w, https:\/\/www.franceabris.com\/BLOG\/wp-content\/uploads\/2018\/06\/hotel-dieu-de-beaune-187869_1920-361x240.jpg 361w, https:\/\/www.franceabris.com\/BLOG\/wp-content\/uploads\/2018\/06\/hotel-dieu-de-beaune-187869_1920-768x510.jpg 768w, https:\/\/www.franceabris.com\/BLOG\/wp-content\/uploads\/2018\/06\/hotel-dieu-de-beaune-187869_1920.jpg 1920w\" sizes=\"(max-width: 607px) 100vw, 607px\" \/><\/p>\n","protected":false},"excerpt":{"rendered":"<p>FRANCE ABRIS met en valeur ses fabrications \u00ab\u00a0made in France\u00a0\u00bb, des abris, garages, carports dont la conception est r\u00e9alis\u00e9e un peu partout dans les r\u00e9gions de l&rsquo;Hexagone. Un gage de s\u00e9rieux, de qualit\u00e9, issu d&rsquo;une longue tradition de ma\u00eetrise des mat\u00e9riaux, du bois \u00e0 l&rsquo;acier galvanis\u00e9, en passant par la r\u00e9sine PVC. Ce mois-ci, nous &hellip; <a href=\"https:\/\/www.franceabris.com\/BLOG\/de-labri-au-garage-tour-de-france-de-la-fabrication-francaise-des-tunnels-pvc-en-bourgogne-5-6\/\" class=\"more-link\">Continuer la lecture de <span class=\"screen-reader-text\">De l&rsquo;abri au garage, tour de France de la fabrication fran\u00e7aise : des tunnels PVC en Bourgogne (5\/6)<\/span><\/a><\/p>\n","protected":false},"author":2,"featured_media":9354,"comment_status":"closed","ping_status":"closed","sticky":false,"template":"","format":"standard","meta":[],"categories":[2,3],"tags":[],"_links":{"self":[{"href":"https:\/\/www.franceabris.com\/BLOG\/wp-json\/wp\/v2\/posts\/9353"}],"collection":[{"href":"https:\/\/www.franceabris.com\/BLOG\/wp-json\/wp\/v2\/posts"}],"about":[{"href":"https:\/\/www.franceabris.com\/BLOG\/wp-json\/wp\/v2\/types\/post"}],"author":[{"embeddable":true,"href":"https:\/\/www.franceabris.com\/BLOG\/wp-json\/wp\/v2\/users\/2"}],"replies":[{"embeddable":true,"href":"https:\/\/www.franceabris.com\/BLOG\/wp-json\/wp\/v2\/comments?post=9353"}],"version-history":[{"count":0,"href":"https:\/\/www.franceabris.com\/BLOG\/wp-json\/wp\/v2\/posts\/9353\/revisions"}],"wp:featuredmedia":[{"embeddable":true,"href":"https:\/\/www.franceabris.com\/BLOG\/wp-json\/wp\/v2\/media\/9354"}],"wp:attachment":[{"href":"https:\/\/www.franceabris.com\/BLOG\/wp-json\/wp\/v2\/media?parent=9353"}],"wp:term":[{"taxonomy":"category","embeddable":true,"href":"https:\/\/www.franceabris.com\/BLOG\/wp-json\/wp\/v2\/categories?post=9353"},{"taxonomy":"post_tag","embeddable":true,"href":"https:\/\/www.franceabris.com\/BLOG\/wp-json\/wp\/v2\/tags?post=9353"}],"curies":[{"name":"wp","href":"https:\/\/api.w.org\/{rel}","templated":true}]}}