{"id":9412,"date":"2018-08-11T06:06:43","date_gmt":"2018-08-11T05:06:43","guid":{"rendered":"https:\/\/www.franceabris.com\/BLOG\/?p=9412"},"modified":"2018-07-11T15:57:32","modified_gmt":"2018-07-11T14:57:32","slug":"une-veranda-en-kit-la-bonne-idee-en-toute-saison","status":"publish","type":"post","link":"https:\/\/www.franceabris.com\/BLOG\/une-veranda-en-kit-la-bonne-idee-en-toute-saison\/","title":{"rendered":"Une v\u00e9randa en kit, LA bonne id\u00e9e en toute saison ?"},"content":{"rendered":"<p style=\"text-align: justify;\">Chez FRANCE ABRIS, on explique souvent que l&rsquo;achat d&rsquo;un abri de jardin permet d&rsquo;accro\u00eetre la surface de sa maison. <strong>Cr\u00e9er de l&rsquo;espace en plus chez soi, en somme.<\/strong> Et qu&rsquo;il s&rsquo;agit d&rsquo;un avantage formidable : rien n&rsquo;est plus difficile que de trouver un peu de place dans un int\u00e9rieur satur\u00e9 par l&rsquo;accumulation des ann\u00e9es et les probl\u00e9matiques qui \u00e9voluent. Mobilier suppl\u00e9mentaire, enfants qui grandissent\u2026<\/p>\n<p style=\"text-align: justify;\"><strong>L&rsquo;abri de jardin peut ainsi permettre de lib\u00e9rer un garage qu&rsquo;on voudrait transformer en pi\u00e8ce \u00e0 vivre.<\/strong> D\u00e9placer des objets, des outils, dans une structure verrouill\u00e9e et abrit\u00e9e, pour gagner en espace int\u00e9rieur.<\/p>\n<p style=\"text-align: justify;\">Mais, de la m\u00eame fa\u00e7on, investir dans un abri terrasse,<strong> qu&rsquo;il s&rsquo;agisse d&rsquo;une v\u00e9ritable v\u00e9randa ou d&rsquo;un toit adoss\u00e9<\/strong> accro\u00eet la surface dont vous pouvez profiter chez vous. Lorsqu&rsquo;il s&rsquo;agit d&rsquo;une v\u00e9randa ferm\u00e9, c&rsquo;est une pi\u00e8ce suppl\u00e9mentaire attenante au salon\/salle \u00e0 manger que vous cr\u00e9ez. Lorsqu&rsquo;il s&rsquo;agit d&rsquo;un abri terrasse, c&rsquo;est une extension ext\u00e9rieur que vous am\u00e9nagez. Explications.<\/p>\n<p>&#8211; <span style=\"color: #ff9900;\"><a style=\"color: #ff9900;\" href=\"https:\/\/www.franceabris.com\/13-abri-terrasse\" target=\"_blank\" rel=\"noopener\">Tous les abris terrasse et v\u00e9randas en kit sur FRANCE ABRIS !<\/a><\/span><\/p>\n<h2 style=\"text-align: justify;\">Une v\u00e9randa\u2026 what else ?<\/h2>\n<p style=\"text-align: justify;\"><strong>Pour bien parler de v\u00e9randa, encore faut-il savoir d&rsquo;o\u00f9 vient ce mot et comment ce concept a rencontr\u00e9 son succ\u00e8s.<\/strong> Oui, car l&rsquo;\u00e9tymologie permet souvent comprendre ce que l&rsquo;usage et la modernit\u00e9 d&rsquo;un terme semblent avoir oubli\u00e9 ! Le mot viendrait donc de l&rsquo;hindi <em>\u00ab\u00a0varand<i>a\u0304<\/i>\u00ab\u00a0<\/em>, lui-m\u00eame l&#8217;empruntant au portugais, qui permet de retrouver sa trace \u00e0 partir du XV\u00e8me si\u00e8cle.<\/p>\n<h3>L&rsquo;origine ? Un balcon couvert !<\/h3>\n<p style=\"text-align: justify;\">Comme l&rsquo;explique le CNRTL (Centre National de Ressources Textuelles et Lexicales),<span style=\"color: #ff9900;\"><a style=\"color: #ff9900;\" href=\"http:\/\/www.cnrtl.fr\/lexicographie\/v%C3%A9randa\" target=\"_blank\" rel=\"noopener\"> une v\u00e9randa est une<\/a><\/span>\u00a0<em>\u00ab\u00a0g<\/em><span class=\"tlf_cdefinition\"><em>alerie l\u00e9g\u00e8re en bois, couverte, parfois vitr\u00e9e ou munie de stores, qui entoure une habitation ou qui est plac\u00e9e contre une fa\u00e7ade, sur un balcon\u00a0\u00bb<\/em>,<strong> le terme portugais <em>\u00ab\u00a0varanda\u00a0\u00bb<\/em> signifiant <em>\u00ab\u00a0balustrade\u00a0\u00bb<\/em> ou <em>\u00ab\u00a0balcon\u00a0\u00bb<\/em><\/strong>. Par extension, on parle de : <em>\u00ab\u00a0<\/em><\/span><em>Galerie vitr\u00e9e en bois ou en m\u00e9tal, adoss\u00e9e au mur d&rsquo;une maison ou construite sur un balcon, une terrasse.\u00a0\u00bb<\/em><\/p>\n<figure id=\"attachment_9414\" aria-describedby=\"caption-attachment-9414\" style=\"width: 396px\" class=\"wp-caption aligncenter\"><img decoding=\"async\" loading=\"lazy\" class=\"wp-image-9414 size-full\" style=\"border: 1px solid #000000;\" src=\"https:\/\/www.franceabris.com\/BLOG\/wp-content\/uploads\/2018\/07\/v\u00e9randa-kit-alu-1.jpg\" alt=\"V\u00e9randa en alu en kit\" width=\"396\" height=\"290\" srcset=\"https:\/\/www.franceabris.com\/BLOG\/wp-content\/uploads\/2018\/07\/v\u00e9randa-kit-alu-1.jpg 396w, https:\/\/www.franceabris.com\/BLOG\/wp-content\/uploads\/2018\/07\/v\u00e9randa-kit-alu-1-134x98.jpg 134w, https:\/\/www.franceabris.com\/BLOG\/wp-content\/uploads\/2018\/07\/v\u00e9randa-kit-alu-1-328x240.jpg 328w\" sizes=\"(max-width: 396px) 100vw, 396px\" \/><figcaption id=\"caption-attachment-9414\" class=\"wp-caption-text\">Cette v\u00e9randa en kit aluminium est disponible sous l&rsquo;ID 3473 sur FRANCE ABRIS.<\/figcaption><\/figure>\n<h3>La cr\u00e9ation d&rsquo;un salon d&rsquo;hiver \u00e0 partir d&rsquo;un abri en kit<\/h3>\n<p style=\"text-align: justify;\">Dans tous les cas, la v\u00e9randa est un prolongement de la maison, <strong>une pi\u00e8ce enti\u00e8rement vitr\u00e9e offrant un maximum de lumi\u00e8re naturelle et constituant un salon d&rsquo;hiver appr\u00e9ci\u00e9.<\/strong> Dans les pays froids, les v\u00e9randas vont utiliser la chaleur du soleil pour cr\u00e9er un espace am\u00e9liorant la temp\u00e9rature int\u00e9rieure par beau temps ; dans les pays chauds, les vitres laissent parfois place \u00e0 des moustiquaires permettant d&rsquo;a\u00e9rer l&rsquo;air int\u00e9rieur tout en pr\u00e9venant l&rsquo;invasion de nos amis les b\u00eates.<\/p>\n<p style=\"text-align: justify;\">En France, un pays temp\u00e9r\u00e9, la v\u00e9randa est exploitable en toute saison. C&rsquo;est un grand avantage !<\/p>\n<h2 style=\"text-align: justify;\">Plut\u00f4t v\u00e9randas en kit ou abris terrasse ouverts ?<\/h2>\n<p style=\"text-align: justify;\">FRANCE ABRIS propose toute une gamme d&rsquo;abris terrasse en kit \u00e0 des prix tr\u00e8s vari\u00e9s et dans des mat\u00e9riaux diff\u00e9rents. Certains sont en bois : il s&rsquo;agit, par exemple, <strong>d&rsquo;ossatures bois qui peuvent se greffer \u00e0 votre fa\u00e7ade gr\u00e2ce \u00e0 des mod\u00e8les adossables<\/strong> et qu&rsquo;il vous revient de couvrir pour constituer un toit terrasse. D&rsquo;autres sont en aluminium et il est m\u00eame possible de trouver des abris tonnelles en b\u00e2che PVC.<\/p>\n<figure id=\"attachment_9415\" aria-describedby=\"caption-attachment-9415\" style=\"width: 396px\" class=\"wp-caption aligncenter\"><img decoding=\"async\" loading=\"lazy\" class=\"wp-image-9415 size-full\" style=\"border: 1px solid #000000;\" src=\"https:\/\/www.franceabris.com\/BLOG\/wp-content\/uploads\/2018\/07\/v\u00e9randa-kit-alu-2.jpg\" alt=\"Toit terrasse avec ventelle\" width=\"396\" height=\"290\" srcset=\"https:\/\/www.franceabris.com\/BLOG\/wp-content\/uploads\/2018\/07\/v\u00e9randa-kit-alu-2.jpg 396w, https:\/\/www.franceabris.com\/BLOG\/wp-content\/uploads\/2018\/07\/v\u00e9randa-kit-alu-2-134x98.jpg 134w, https:\/\/www.franceabris.com\/BLOG\/wp-content\/uploads\/2018\/07\/v\u00e9randa-kit-alu-2-328x240.jpg 328w\" sizes=\"(max-width: 396px) 100vw, 396px\" \/><figcaption id=\"caption-attachment-9415\" class=\"wp-caption-text\">Cette tonnelle aluminium est disponible sous l&rsquo;ID 3633 sur FRANCE ABRIS.<\/figcaption><\/figure>\n<h3>Plut\u00f4t abri \u00e0 ventelles, tonnelle ou v\u00e9randa ?<\/h3>\n<p style=\"text-align: justify;\">Mais, <strong>parmi nos mod\u00e8les, certaines structures sont de v\u00e9ritables v\u00e9randas.<\/strong> Le squelette peut \u00eatre en aluminium, recouvert de plaques de polycarbonate alv\u00e9olaire opaque et nanti de doubles portes coulissantes, les parois \u00e9tant en acrylique translucide. Le parfait \u00e9quipement \u00e0 installer au-dessus d&rsquo;une baie vitr\u00e9e donnant sur son salon, non ?<\/p>\n<h3>Accro\u00eetre la surface de sa maison gr\u00e2ce aux v\u00e9randas de FRANCE ABRIS<\/h3>\n<p style=\"text-align: justify;\">De quoi installer un canap\u00e9, une table basse et un peu de mobilier : vous pourrez prendre l&rsquo;ap\u00e9ro ou boire un simple verre hiver comme \u00e9t\u00e9, quelle que soit la temp\u00e9rature, en profitant de la vue ext\u00e9rieure sur votre jardin. \u00c0 moins que vous ne pr\u00e9f\u00e9riez y disposer une table \u00e0 manger\u2026 <strong>Un mobilier assez volumineux qui saura lib\u00e9rer une place importante dans votre salon !<\/strong><\/p>\n<figure id=\"attachment_9416\" aria-describedby=\"caption-attachment-9416\" style=\"width: 396px\" class=\"wp-caption aligncenter\"><img decoding=\"async\" loading=\"lazy\" class=\"wp-image-9416 size-full\" style=\"border: 1px solid #000000;\" src=\"https:\/\/www.franceabris.com\/BLOG\/wp-content\/uploads\/2018\/07\/v\u00e9randa-kit-alu-3.jpg\" alt=\"V\u00e9randa ferm\u00e9e pas ch\u00e8re\" width=\"396\" height=\"290\" srcset=\"https:\/\/www.franceabris.com\/BLOG\/wp-content\/uploads\/2018\/07\/v\u00e9randa-kit-alu-3.jpg 396w, https:\/\/www.franceabris.com\/BLOG\/wp-content\/uploads\/2018\/07\/v\u00e9randa-kit-alu-3-134x98.jpg 134w, https:\/\/www.franceabris.com\/BLOG\/wp-content\/uploads\/2018\/07\/v\u00e9randa-kit-alu-3-328x240.jpg 328w\" sizes=\"(max-width: 396px) 100vw, 396px\" \/><figcaption id=\"caption-attachment-9416\" class=\"wp-caption-text\">Cette v\u00e9randa est disponible sous l&rsquo;ID 3475 sur FRANCE ABRIS.<\/figcaption><\/figure>\n<p style=\"text-align: justify;\">Les id\u00e9es sont ouvertes !<\/p>\n","protected":false},"excerpt":{"rendered":"<p>Chez FRANCE ABRIS, on explique souvent que l&rsquo;achat d&rsquo;un abri de jardin permet d&rsquo;accro\u00eetre la surface de sa maison. Cr\u00e9er de l&rsquo;espace en plus chez soi, en somme. Et qu&rsquo;il s&rsquo;agit d&rsquo;un avantage formidable : rien n&rsquo;est plus difficile que de trouver un peu de place dans un int\u00e9rieur satur\u00e9 par l&rsquo;accumulation des ann\u00e9es et &hellip; <a href=\"https:\/\/www.franceabris.com\/BLOG\/une-veranda-en-kit-la-bonne-idee-en-toute-saison\/\" class=\"more-link\">Continuer la lecture de <span class=\"screen-reader-text\">Une v\u00e9randa en kit, LA bonne id\u00e9e en toute saison ?<\/span><\/a><\/p>\n","protected":false},"author":2,"featured_media":9417,"comment_status":"closed","ping_status":"closed","sticky":false,"template":"","format":"standard","meta":[],"categories":[3],"tags":[],"_links":{"self":[{"href":"https:\/\/www.franceabris.com\/BLOG\/wp-json\/wp\/v2\/posts\/9412"}],"collection":[{"href":"https:\/\/www.franceabris.com\/BLOG\/wp-json\/wp\/v2\/posts"}],"about":[{"href":"https:\/\/www.franceabris.com\/BLOG\/wp-json\/wp\/v2\/types\/post"}],"author":[{"embeddable":true,"href":"https:\/\/www.franceabris.com\/BLOG\/wp-json\/wp\/v2\/users\/2"}],"replies":[{"embeddable":true,"href":"https:\/\/www.franceabris.com\/BLOG\/wp-json\/wp\/v2\/comments?post=9412"}],"version-history":[{"count":0,"href":"https:\/\/www.franceabris.com\/BLOG\/wp-json\/wp\/v2\/posts\/9412\/revisions"}],"wp:featuredmedia":[{"embeddable":true,"href":"https:\/\/www.franceabris.com\/BLOG\/wp-json\/wp\/v2\/media\/9417"}],"wp:attachment":[{"href":"https:\/\/www.franceabris.com\/BLOG\/wp-json\/wp\/v2\/media?parent=9412"}],"wp:term":[{"taxonomy":"category","embeddable":true,"href":"https:\/\/www.franceabris.com\/BLOG\/wp-json\/wp\/v2\/categories?post=9412"},{"taxonomy":"post_tag","embeddable":true,"href":"https:\/\/www.franceabris.com\/BLOG\/wp-json\/wp\/v2\/tags?post=9412"}],"curies":[{"name":"wp","href":"https:\/\/api.w.org\/{rel}","templated":true}]}}