{"id":9431,"date":"2018-09-12T06:06:17","date_gmt":"2018-09-12T05:06:17","guid":{"rendered":"https:\/\/www.franceabris.com\/BLOG\/?p=9431"},"modified":"2018-09-05T11:21:32","modified_gmt":"2018-09-05T10:21:32","slug":"une-passion-un-salon-des-abris-le-salon-des-maires-6-6","status":"publish","type":"post","link":"https:\/\/www.franceabris.com\/BLOG\/une-passion-un-salon-des-abris-le-salon-des-maires-6-6\/","title":{"rendered":"Une passion, un salon\u2026 des abris : le salon des MAIRES (6\/6)"},"content":{"rendered":"<p style=\"text-align: justify;\"><em><strong>En France, les \u00e9v\u00e9nements ne manquent pas pour assouvir une passion, entretenir un centre d&rsquo;int\u00e9r\u00eat ou \u00e9largir ses horizons professionnels. Salons, foires, manifestations en tout genres\u2026 Des rassemblements ont lieu chaque ann\u00e9e un peu partout dans nos r\u00e9gions. Quel rapport avec FRANCE ABRIS, vous demandez-vous ? Les abris, justement ! Car, nombre de ces rassemblements visent \u00e0 mettre en relation des acteurs aux besoins sp\u00e9cifiques\u2026 aux besoins d&rsquo;abris ? Et pourquoi pas ! Petit focus bimestriel sur un \u00e9v\u00e9nement en lien, de pr\u00e8s ou de loin, avec\u2026 des abris.<\/strong><\/em><\/p>\n<p style=\"text-align: justify;\"><a href=\"http:\/\/www.salondesmaires.com\/\" target=\"_blank\" rel=\"noopener\"><span style=\"color: #ff6600;\">Le salon des Maires et des Collectivit\u00e9s Locales<\/span><\/a> est l&rsquo;un des rendez-vous majeurs pour qui a l&rsquo;habitude de travailler avec les collectivit\u00e9s. Un endroit o\u00f9 rencontrer les acteurs de la commande publique et faire le point sur les besoins des communes et institutions du pays. Le lien avec les abris ? Suivez le guide !<\/p>\n<h2 style=\"text-align: justify;\">Le salon r\u00e9f\u00e9rent pour les acteurs de la commande publique<\/h2>\n<blockquote><p>\u00ab\u00a0Le Salon des Maires et des Collectivit\u00e9s Locales est le seul\u00a0rendez-vous national\u00a0qui r\u00e9unit tous les grands acteurs de la commande publique avec l\u2019ensemble de leurs partenaires institutionnels ou sp\u00e9cialis\u00e9s dans la gestion, les services, l\u2019am\u00e9nagement et le d\u00e9veloppement des collectivit\u00e9s territoriales.\u00a0\u00bb<\/p><\/blockquote>\n<h3>Quels acteurs et quels partenariats dans le domaine public ?<\/h3>\n<p style=\"text-align: justify;\">C&rsquo;est ainsi que le salon des Maires et des Collectivit\u00e9s Locales est pr\u00e9sent\u00e9 sur son site officiel : un \u00e9v\u00e9nement au coeur des acteurs de la commande publique avec, d&rsquo;un c\u00f4t\u00e9, ceux qui ont des besoins permanents et vari\u00e9s et, de l&rsquo;autre, ceux qui proposent des solutions pour y r\u00e9pondre.<\/p>\n<figure id=\"attachment_1514\" aria-describedby=\"caption-attachment-1514\" style=\"width: 388px\" class=\"wp-caption aligncenter\"><img decoding=\"async\" loading=\"lazy\" class=\"wp-image-1514 size-large\" style=\"border: 1px solid #000000;\" src=\"https:\/\/www.franceabris.com\/BLOG\/wp-content\/uploads\/2013\/04\/HopitalNegreupelisse2-388x291.jpg\" alt=\"Carports parking pour des h\u00f4pitaux\" width=\"388\" height=\"291\" srcset=\"https:\/\/www.franceabris.com\/BLOG\/wp-content\/uploads\/2013\/04\/HopitalNegreupelisse2-388x291.jpg 388w, https:\/\/www.franceabris.com\/BLOG\/wp-content\/uploads\/2013\/04\/HopitalNegreupelisse2-130x98.jpg 130w, https:\/\/www.franceabris.com\/BLOG\/wp-content\/uploads\/2013\/04\/HopitalNegreupelisse2-213x160.jpg 213w, https:\/\/www.franceabris.com\/BLOG\/wp-content\/uploads\/2013\/04\/HopitalNegreupelisse2-624x467.jpg 624w\" sizes=\"(max-width: 388px) 100vw, 388px\" \/><figcaption id=\"caption-attachment-1514\" class=\"wp-caption-text\">Des carports m\u00e9talliques pour abriter le parc de v\u00e9hicules d&rsquo;un h\u00f4pital.<\/figcaption><\/figure>\n<h3>Un salon de r\u00e9f\u00e9rence depuis plus de 20 ans<\/h3>\n<p style=\"text-align: justify;\">Ce sont les 20, 21 et 22 novembre qu&rsquo;aura lieu ce salon, \u00e0 Paris, \u00e0 la Porte de Versailles. En 2017, pas moins de 900 exposants s&rsquo;\u00e9taient r\u00e9unis, repr\u00e9sentant 102 secteurs d&rsquo;activit\u00e9, pour 58 120 visiteurs. Une affluence et un nombre de professionnels qui en font une v\u00e9ritable r\u00e9f\u00e9rence depuis 20 ans.<\/p>\n<h2 style=\"text-align: justify;\">Des abris bois et m\u00e9talliques pour les\u00a0 communes et collectivit\u00e9s<\/h2>\n<p style=\"text-align: justify;\">FRANCE ABRIS a l&rsquo;habitude de travailler avec les collectivit\u00e9s. De quelle fa\u00e7on ? En proposant un parc d&rsquo;abris adapt\u00e9s \u00e0 des usages bien diff\u00e9rents. Qu&rsquo;il s&rsquo;agisse des transports en commun, d&rsquo;une \u00e9cole, d&rsquo;un centre a\u00e9r\u00e9, d&rsquo;une aire de stationnement publique\u2026 Les abris de notre catalogue s&rsquo;adaptent.<\/p>\n<figure id=\"attachment_8088\" aria-describedby=\"caption-attachment-8088\" style=\"width: 583px\" class=\"wp-caption aligncenter\"><img decoding=\"async\" loading=\"lazy\" class=\"wp-image-8088 size-large\" style=\"border: 1px solid #000000;\" src=\"https:\/\/www.franceabris.com\/BLOG\/wp-content\/uploads\/2016\/11\/abri-bus-commune-professionnel-583x437.jpg\" alt=\"Cabanon bois \" width=\"583\" height=\"437\" srcset=\"https:\/\/www.franceabris.com\/BLOG\/wp-content\/uploads\/2016\/11\/abri-bus-commune-professionnel-583x437.jpg 583w, https:\/\/www.franceabris.com\/BLOG\/wp-content\/uploads\/2016\/11\/abri-bus-commune-professionnel-131x98.jpg 131w, https:\/\/www.franceabris.com\/BLOG\/wp-content\/uploads\/2016\/11\/abri-bus-commune-professionnel-320x240.jpg 320w, https:\/\/www.franceabris.com\/BLOG\/wp-content\/uploads\/2016\/11\/abri-bus-commune-professionnel-624x468.jpg 624w, https:\/\/www.franceabris.com\/BLOG\/wp-content\/uploads\/2016\/11\/abri-bus-commune-professionnel.jpg 1280w\" sizes=\"(max-width: 583px) 100vw, 583px\" \/><figcaption id=\"caption-attachment-8088\" class=\"wp-caption-text\">Cabanon qui sert d&rsquo;abri bus dans une commune.<\/figcaption><\/figure>\n<h3>Des abris m\u00e9tal pour une cour d&rsquo;\u00e9cole<\/h3>\n<p style=\"text-align: justify;\">Ainsi, c&rsquo;est derni\u00e8rement une \u00e9cole qui nous a sollicit\u00e9s pour la mise en place d&rsquo;un pr\u00e9au \u00e0 destination des enfants dans la cour. C&rsquo;est un ensemble d&rsquo;abris m\u00e9talliques qui ont \u00e9t\u00e9 install\u00e9s : de l&rsquo;acier galvanis\u00e9 pour une r\u00e9sistance \u00e0 toute \u00e9preuve avec une couverture en polycarbonate. Efficacit\u00e9 garantie !<\/p>\n<h3>Des carports m\u00e9talliques pour des h\u00f4pitaux<\/h3>\n<p style=\"text-align: justify;\">Mais nos abris de jardins en bois servent aussi souvent d&rsquo;abris-bus pour les communes qui installent nos maisonnettes sur leur territoire. Nos carports en aluminium sont r\u00e9guli\u00e8rement install\u00e9s sur les parkings d&rsquo;h\u00f4pitaux. Sans parler des cabanons en PVC ou cabanes en bois qui sont essaim\u00e9es dans des jardins partag\u00e9es &#8211; initiatives florissantes.<\/p>\n<figure id=\"attachment_8281\" aria-describedby=\"caption-attachment-8281\" style=\"width: 583px\" class=\"wp-caption aligncenter\"><img decoding=\"async\" loading=\"lazy\" class=\"wp-image-8281 size-large\" style=\"border: 1px solid #000000;\" src=\"https:\/\/www.franceabris.com\/BLOG\/wp-content\/uploads\/2016\/11\/Abri-toile-protecteur-bus-2-grande-583x437.jpg\" alt=\"Abri pour un tramway et bus\" width=\"583\" height=\"437\" srcset=\"https:\/\/www.franceabris.com\/BLOG\/wp-content\/uploads\/2016\/11\/Abri-toile-protecteur-bus-2-grande-583x437.jpg 583w, https:\/\/www.franceabris.com\/BLOG\/wp-content\/uploads\/2016\/11\/Abri-toile-protecteur-bus-2-grande-131x98.jpg 131w, https:\/\/www.franceabris.com\/BLOG\/wp-content\/uploads\/2016\/11\/Abri-toile-protecteur-bus-2-grande-320x240.jpg 320w, https:\/\/www.franceabris.com\/BLOG\/wp-content\/uploads\/2016\/11\/Abri-toile-protecteur-bus-2-grande-768x576.jpg 768w, https:\/\/www.franceabris.com\/BLOG\/wp-content\/uploads\/2016\/11\/Abri-toile-protecteur-bus-2-grande.jpg 964w\" sizes=\"(max-width: 583px) 100vw, 583px\" \/><figcaption id=\"caption-attachment-8281\" class=\"wp-caption-text\">Un abri toile pour l&rsquo;entretien des bus d&rsquo;une commune.<\/figcaption><\/figure>\n<p style=\"text-align: justify;\">Et oui, abris et salon des Maires ont bien plus en commun ce que vous pouvez penser !<\/p>\n","protected":false},"excerpt":{"rendered":"<p>En France, les \u00e9v\u00e9nements ne manquent pas pour assouvir une passion, entretenir un centre d&rsquo;int\u00e9r\u00eat ou \u00e9largir ses horizons professionnels. Salons, foires, manifestations en tout genres\u2026 Des rassemblements ont lieu chaque ann\u00e9e un peu partout dans nos r\u00e9gions. Quel rapport avec FRANCE ABRIS, vous demandez-vous ? Les abris, justement ! Car, nombre de ces rassemblements &hellip; <a href=\"https:\/\/www.franceabris.com\/BLOG\/une-passion-un-salon-des-abris-le-salon-des-maires-6-6\/\" class=\"more-link\">Continuer la lecture de <span class=\"screen-reader-text\">Une passion, un salon\u2026 des abris : le salon des MAIRES (6\/6)<\/span><\/a><\/p>\n","protected":false},"author":2,"featured_media":9438,"comment_status":"closed","ping_status":"closed","sticky":false,"template":"","format":"standard","meta":[],"categories":[2],"tags":[],"_links":{"self":[{"href":"https:\/\/www.franceabris.com\/BLOG\/wp-json\/wp\/v2\/posts\/9431"}],"collection":[{"href":"https:\/\/www.franceabris.com\/BLOG\/wp-json\/wp\/v2\/posts"}],"about":[{"href":"https:\/\/www.franceabris.com\/BLOG\/wp-json\/wp\/v2\/types\/post"}],"author":[{"embeddable":true,"href":"https:\/\/www.franceabris.com\/BLOG\/wp-json\/wp\/v2\/users\/2"}],"replies":[{"embeddable":true,"href":"https:\/\/www.franceabris.com\/BLOG\/wp-json\/wp\/v2\/comments?post=9431"}],"version-history":[{"count":0,"href":"https:\/\/www.franceabris.com\/BLOG\/wp-json\/wp\/v2\/posts\/9431\/revisions"}],"wp:featuredmedia":[{"embeddable":true,"href":"https:\/\/www.franceabris.com\/BLOG\/wp-json\/wp\/v2\/media\/9438"}],"wp:attachment":[{"href":"https:\/\/www.franceabris.com\/BLOG\/wp-json\/wp\/v2\/media?parent=9431"}],"wp:term":[{"taxonomy":"category","embeddable":true,"href":"https:\/\/www.franceabris.com\/BLOG\/wp-json\/wp\/v2\/categories?post=9431"},{"taxonomy":"post_tag","embeddable":true,"href":"https:\/\/www.franceabris.com\/BLOG\/wp-json\/wp\/v2\/tags?post=9431"}],"curies":[{"name":"wp","href":"https:\/\/api.w.org\/{rel}","templated":true}]}}