{"id":9458,"date":"2018-10-04T06:06:34","date_gmt":"2018-10-04T05:06:34","guid":{"rendered":"https:\/\/www.franceabris.com\/BLOG\/?p=9458"},"modified":"2024-12-11T17:55:34","modified_gmt":"2024-12-11T16:55:34","slug":"comment-choisir-mon-abri-de-jardin-en-kit-les-etapes-de-france-abris","status":"publish","type":"post","link":"https:\/\/www.franceabris.com\/BLOG\/comment-choisir-mon-abri-de-jardin-en-kit-les-etapes-de-france-abris\/","title":{"rendered":"Comment choisir mon abri de jardin en kit ? Les \u00e9tapes de FRANCE ABRIS !"},"content":{"rendered":"<p><em>Les mod\u00e8les d&rsquo;abris de jardin pr\u00e9sent\u00e9s dans cet article sont disponibles sous les r\u00e9f\u00e9rences ID3446, ID1723 et ID1100 sur FRANCE ABRIS.<\/em><\/p>\n<p style=\"text-align: justify;\">Choisir son abri de jardin n&rsquo;est pas toujours la plus simple des op\u00e9rations. Non seulement des centaines et des centaines de mod\u00e8les sont disponibles, mais un grand nombre de param\u00e8tres et de caract\u00e9ristiques techniques peuvent vous permettre de faire LE bon choix\u2026 ou le mauvais. Mieux vaut \u00eatre guid\u00e9 dans cette petite jungle, non ?<\/p>\n<p>FRANCE ABRIS vous explique comment proc\u00e9der.<\/p>\n<p><strong>&#8211;<\/strong> <span style=\"color: #ff6600;\"><a style=\"color: #ff6600;\" href=\"https:\/\/www.franceabris.com\/10-abri-jardin\" target=\"_blank\" rel=\"noopener\">Tous les abris pour le jardin en bois, m\u00e9tal ou r\u00e9sine PVC sur FRANCE ABRIS.<\/a><\/span><\/p>\n<h2 style=\"text-align: justify;\">Choisir son abri de jardin en kit<\/h2>\n<ol style=\"text-align: justify;\">\n<li><strong>D\u00e9finir son besoin.<\/strong> Abri de stockage ? Atelier pour travailler ? Pool-house, petits vestiaires pour la piscine ?<\/li>\n<li><strong>R\u00e9fl\u00e9chir \u00e0 la surface n\u00e9cessaire.<\/strong> En-dessous de 5 m\u00b2, les probl\u00e9matiques ne sont pas les m\u00eames qu&rsquo;au-dessus.<\/li>\n<li><strong>Envisager un emplacement.<\/strong> O\u00f9, dans votre jardin ? Contre la maison, \u00e0 l&rsquo;image d&rsquo;un appentis ? Pr\u00e8s du portail ?<\/li>\n<li><strong>D\u00e9terminer les mat\u00e9riaux.<\/strong> Bois, m\u00e9tal ou PVC ? Quelles qualit\u00e9s pour ces diff\u00e9rents mat\u00e9riaux ?<\/li>\n<\/ol>\n<h2 style=\"text-align: justify;\">Les \u00e9tapes en d\u00e9tail : pergola, abri terrasse ou tonnelle en kit<\/h2>\n<p style=\"text-align: justify;\"><strong>Pourquoi avez-vous besoin d&rsquo;un abri de jardin ?<\/strong> Cette question, c&rsquo;est la premi\u00e8re que vous devriez vous poser. Ce peut \u00eatre pour faire du stockage de mat\u00e9riel, de votre outillage de jardin \u00e0 vos cycles ou votre tondeuse. Ou alors installer un petit atelier de bricolage, ce qui n&rsquo;est \u00e9videmment pas un luxe quand on vit en maison. \u00c0 moins que vous n&rsquo;ayez besoin d&rsquo;une maisonnette qui serve de vestiaires pour votre piscine, ainsi qu&rsquo;\u00e0 entreposer du mat\u00e9riel pour son entretien.<\/p>\n<h3>La surface pour un abri en kit<\/h3>\n<p style=\"text-align: justify;\">La deuxi\u00e8me d\u00e9coule \u00e9videmment de la premi\u00e8re : pour l&rsquo;utilisation que vous aurez d\u00e9finie, <strong>une certaine surface utile devrait \u00eatre n\u00e9cessaire<\/strong>. Avec l&rsquo;importance de bien avoir en t\u00eate la l\u00e9gislation de votre commune en mati\u00e8re d&rsquo;abris et constructions tierces : en-dessous de 5 m\u00b2 de surface de plancher, il n&rsquo;est g\u00e9n\u00e9ralement pas n\u00e9cessaire de faire une quelconque d\u00e9claration en Mairie. Entre 5 m\u00b2 et 20 m\u00b2, il est souvent demand\u00e9 une d\u00e9claration pr\u00e9alable. Au-dessus de 20 m\u00b2, c&rsquo;est un permis de construire qui sera normalement demand\u00e9.<\/p>\n<p><img decoding=\"async\" loading=\"lazy\" class=\"aligncenter wp-image-7993 size-full\" style=\"border: 1px solid #000000;\" src=\"https:\/\/www.franceabris.com\/BLOG\/wp-content\/uploads\/2016\/10\/abri-jardin-chalet-bois-camping-2.jpg\" alt=\"chalet de jardin en kit\" width=\"397\" height=\"291\" srcset=\"https:\/\/www.franceabris.com\/BLOG\/wp-content\/uploads\/2016\/10\/abri-jardin-chalet-bois-camping-2.jpg 397w, https:\/\/www.franceabris.com\/BLOG\/wp-content\/uploads\/2016\/10\/abri-jardin-chalet-bois-camping-2-134x98.jpg 134w, https:\/\/www.franceabris.com\/BLOG\/wp-content\/uploads\/2016\/10\/abri-jardin-chalet-bois-camping-2-327x240.jpg 327w\" sizes=\"(max-width: 397px) 100vw, 397px\" \/><\/p>\n<h3>L&#8217;emplacement d&rsquo;une cabane de jardin<\/h3>\n<p style=\"text-align: justify;\">Enfin &#8211; et de la m\u00eame fa\u00e7on -, la troisi\u00e8me suit la deuxi\u00e8me en toute logique :\u00a0 <em>Selon la surface et l&rsquo;utilisation pr\u00e9vue, quel est l&#8217;emplacement le plus adapt\u00e9 pour <a href=\"https:\/\/www.franceabris.com\/BLOG\/mon-abri-de-jardin-na-pas-ete-declare-que-faire\/\">mon abri de jardin<\/a> ?<\/em> Dans le cas d&rsquo;un appentis de stockage, la question est moins primordial <strong>que dans celui d&rsquo;une pool-house, d&rsquo;un bureau de jardin ou d&rsquo;un abri potager<\/strong>. Pour ces derniers, l&rsquo;esth\u00e9tique du kit choisi aura une influence. D&rsquo;une fa\u00e7on g\u00e9n\u00e9rale, gardez en t\u00eate qu&rsquo;il est toujours pr\u00e9f\u00e9rable de pr\u00e9server la polyvalence d&rsquo;un abri. Si votre cabanon de stockage peut, plus tard, servir d&rsquo;abri piscine, cela ne peut qu&rsquo;un plus appr\u00e9ciable !<\/p>\n<h2 style=\"text-align: justify;\">Des abris en kit en bois, en m\u00e9tal ou en r\u00e9sine PVC<\/h2>\n<p style=\"text-align: justify;\">Surtout, <strong>c&rsquo;est l&rsquo;\u00e9pineux probl\u00e8me des mat\u00e9riaux qui risque de vous interroger en profondeur.<\/strong> Vaut-il mieux choisir un cabanon de jardin en bois ? Un abri m\u00e9tallique, pas toujours des plus esth\u00e9tiques ? Une cabane en PVC, l\u00e9g\u00e8re et bien pratique avec son look de maisonnette ? Ce sont de multiples crit\u00e8res qui sauront vous d\u00e9cider.<\/p>\n<p><img decoding=\"async\" loading=\"lazy\" class=\"aligncenter wp-image-9460 size-full\" style=\"border: 1px solid #000000;\" src=\"https:\/\/www.franceabris.com\/BLOG\/wp-content\/uploads\/2018\/10\/abri-de-jardin-m\u00e9tal-x.jpg\" alt=\"abri de jardin acier galvanis\u00e9\" width=\"396\" height=\"290\" srcset=\"https:\/\/www.franceabris.com\/BLOG\/wp-content\/uploads\/2018\/10\/abri-de-jardin-m\u00e9tal-x.jpg 396w, https:\/\/www.franceabris.com\/BLOG\/wp-content\/uploads\/2018\/10\/abri-de-jardin-m\u00e9tal-x-134x98.jpg 134w, https:\/\/www.franceabris.com\/BLOG\/wp-content\/uploads\/2018\/10\/abri-de-jardin-m\u00e9tal-x-328x240.jpg 328w\" sizes=\"(max-width: 396px) 100vw, 396px\" \/><\/p>\n<h3>Quels crit\u00e8res li\u00e9s aux mat\u00e9riaux des abris pour le jardin ?<\/h3>\n<p style=\"text-align: justify;\"><strong>Le prix, d&rsquo;abord, m\u00eame s&rsquo;il existe des abris plus ou moins on\u00e9reux dans chacun de ces mat\u00e9riaux.<\/strong> La r\u00e9sistance, ensuite, selon qu&rsquo;elle doit \u00eatre prioritaire \u00e0 vos yeux avec, d&rsquo;un c\u00f4t\u00e9, la r\u00e9sistance dans le temps, de l&rsquo;autre, la r\u00e9sistance contextuelle, au intemp\u00e9ries et agressions ext\u00e9rieures. L&rsquo;autonomie certains abris, par leurs mat\u00e9riaux, \u00e9tant naturellement tr\u00e8s autonomes et ne r\u00e9clamant aucun entretien, quand d&rsquo;autres appellent un entretien r\u00e9gulier.<\/p>\n<h3>Les cabanons en bois sont des kits tr\u00e8s \u00e9l\u00e9gants<\/h3>\n<p style=\"text-align: justify;\">Ainsi, <strong>le bois brille par son \u00e9l\u00e9gance et sa belle r\u00e9sistance<\/strong>, mais r\u00e9clame d&rsquo;\u00eatre prot\u00e9g\u00e9 tous les deux ou trois avec une solution fongicide et insecticide. <strong>Le PVC<\/strong> n&rsquo;est pas le mat\u00e9riau le plus r\u00e9sistant, mais il <strong>se monte facilement, fait montre d&rsquo;autonomie et ne craint pas grand chose des intemp\u00e9ries<\/strong>. <strong>Le m\u00e9tal, enfin, est particuli\u00e8rement solide dans toutes les conditions<\/strong>, n&rsquo;appelle pas d&rsquo;entretien particulier, mais souffre d&rsquo;une isolation d\u00e9ficiente, tout en n&rsquo;\u00e9tant pas toujours visuellement tr\u00e8s agr\u00e9able.<\/p>\n<p><img decoding=\"async\" loading=\"lazy\" class=\"aligncenter wp-image-9461 size-full\" style=\"border: 1px solid #000000;\" src=\"https:\/\/www.franceabris.com\/BLOG\/wp-content\/uploads\/2018\/10\/abri-de-jardin-r\u00e9sine-pvc-x.jpg\" alt=\"cabane pvc en kit\" width=\"307\" height=\"223\" srcset=\"https:\/\/www.franceabris.com\/BLOG\/wp-content\/uploads\/2018\/10\/abri-de-jardin-r\u00e9sine-pvc-x.jpg 307w, https:\/\/www.franceabris.com\/BLOG\/wp-content\/uploads\/2018\/10\/abri-de-jardin-r\u00e9sine-pvc-x-135x98.jpg 135w\" sizes=\"(max-width: 307px) 100vw, 307px\" \/><\/p>\n<p style=\"text-align: justify;\">Cela n&#8217;emp\u00eache pas certains mod\u00e8les de cumuler les qualit\u00e9s dans l&rsquo;un ou l&rsquo;autre des secteurs\u2026 Appelez-nous pour vous faire conseiller !<\/p>\n","protected":false},"excerpt":{"rendered":"<p>Les mod\u00e8les d&rsquo;abris de jardin pr\u00e9sent\u00e9s dans cet article sont disponibles sous les r\u00e9f\u00e9rences ID3446, ID1723 et ID1100 sur FRANCE ABRIS. Choisir son abri de jardin n&rsquo;est pas toujours la plus simple des op\u00e9rations. Non seulement des centaines et des centaines de mod\u00e8les sont disponibles, mais un grand nombre de param\u00e8tres et de caract\u00e9ristiques techniques &hellip; <a href=\"https:\/\/www.franceabris.com\/BLOG\/comment-choisir-mon-abri-de-jardin-en-kit-les-etapes-de-france-abris\/\" class=\"more-link\">Continuer la lecture de <span class=\"screen-reader-text\">Comment choisir mon abri de jardin en kit ? Les \u00e9tapes de FRANCE ABRIS !<\/span><\/a><\/p>\n","protected":false},"author":2,"featured_media":9212,"comment_status":"closed","ping_status":"closed","sticky":false,"template":"","format":"standard","meta":[],"categories":[3],"tags":[],"_links":{"self":[{"href":"https:\/\/www.franceabris.com\/BLOG\/wp-json\/wp\/v2\/posts\/9458"}],"collection":[{"href":"https:\/\/www.franceabris.com\/BLOG\/wp-json\/wp\/v2\/posts"}],"about":[{"href":"https:\/\/www.franceabris.com\/BLOG\/wp-json\/wp\/v2\/types\/post"}],"author":[{"embeddable":true,"href":"https:\/\/www.franceabris.com\/BLOG\/wp-json\/wp\/v2\/users\/2"}],"replies":[{"embeddable":true,"href":"https:\/\/www.franceabris.com\/BLOG\/wp-json\/wp\/v2\/comments?post=9458"}],"version-history":[{"count":0,"href":"https:\/\/www.franceabris.com\/BLOG\/wp-json\/wp\/v2\/posts\/9458\/revisions"}],"wp:featuredmedia":[{"embeddable":true,"href":"https:\/\/www.franceabris.com\/BLOG\/wp-json\/wp\/v2\/media\/9212"}],"wp:attachment":[{"href":"https:\/\/www.franceabris.com\/BLOG\/wp-json\/wp\/v2\/media?parent=9458"}],"wp:term":[{"taxonomy":"category","embeddable":true,"href":"https:\/\/www.franceabris.com\/BLOG\/wp-json\/wp\/v2\/categories?post=9458"},{"taxonomy":"post_tag","embeddable":true,"href":"https:\/\/www.franceabris.com\/BLOG\/wp-json\/wp\/v2\/tags?post=9458"}],"curies":[{"name":"wp","href":"https:\/\/api.w.org\/{rel}","templated":true}]}}