{"id":9463,"date":"2018-10-19T06:06:38","date_gmt":"2018-10-19T05:06:38","guid":{"rendered":"https:\/\/www.franceabris.com\/BLOG\/?p=9463"},"modified":"2018-09-18T10:16:53","modified_gmt":"2018-09-18T09:16:53","slug":"recycler-des-remorques-de-camion-pour-en-faire-des-abris","status":"publish","type":"post","link":"https:\/\/www.franceabris.com\/BLOG\/recycler-des-remorques-de-camion-pour-en-faire-des-abris\/","title":{"rendered":"Recycler des remorques de camion pour en faire des abris ?"},"content":{"rendered":"<p style=\"text-align: justify;\">En juin dernier, nous vous avions parl\u00e9 d&rsquo;une initiative originale d&rsquo;abris pour les plus d\u00e9munis. <span style=\"color: #ff9900;\"><a style=\"color: #ff9900;\" href=\"https:\/\/www.franceabris.com\/BLOG\/des-abris-pour-ceux-qui-nen-ont-pas\/\" target=\"_blank\" rel=\"noopener\">Un syst\u00e8me de tentes en forme d&rsquo;igloos, capables de conserver la chaleur \u00e0 l&rsquo;int\u00e9rieur gr\u00e2ce \u00e0 des feuilles d&rsquo;aluminium.<\/a> <\/span><strong>La probl\u00e9matique du toit, assorti d&rsquo;une bonne isolation, est syst\u00e9matique lorsque l&rsquo;on parle de pauvret\u00e9 en France<\/strong>.<\/p>\n<p style=\"text-align: justify;\">C&rsquo;est pourquoi d&rsquo;autres id\u00e9es germent r\u00e9guli\u00e8rement pour proposer des solutions temporaires permettant aux sans domiciles fixes de b\u00e9n\u00e9ficier,<strong> si ce n&rsquo;est pas d&rsquo;un v\u00e9ritable logement, d&rsquo;un abri un peu protecteur. D<\/strong>es id\u00e9es concr\u00e9tis\u00e9es, \u00e0 l&rsquo;image de ce projet visant \u00e0 transformer les vieilles remorques de camion\u2026 en logements mobiles.<\/p>\n<p style=\"text-align: justify;\">Explications.<\/p>\n<p style=\"text-align: justify;\"><strong>&#8211;<\/strong> <span style=\"color: #ff9900;\"><a style=\"color: #ff9900;\" href=\"https:\/\/www.uncamionenurgence.org\/uncamionenurgence\" target=\"_blank\" rel=\"noopener\">Un camion en urgence<\/a><br \/>\n<\/span><strong>&#8211;<\/strong> <span style=\"color: #ff9900;\"><a style=\"color: #ff9900;\" href=\"https:\/\/www.uncamionenurgence.org\/unevillaenurgence\" target=\"_blank\" rel=\"noopener\">Une villa en urgence<\/a><\/span><\/p>\n<h2 style=\"text-align: justify;\">Cr\u00e9er un abri \u00e0 destination des moins nantis<\/h2>\n<p style=\"text-align: justify;\"><strong>\u00ab\u00a0Un camion en urgence\u00a0\u00bb.<\/strong> C&rsquo;est le nom du projet innovant que deux architectes,\u00a0Fr\u00e9d\u00e9ric Tabary et Jean-Charles Le Lay, ont mis au point il y a bient\u00f4t un an. Le constat de d\u00e9part ? Trop de gens passent leurs nuits dans la rue, sans domicile fixe : pr\u00e8s de 150 000 il y a quelques ann\u00e9es, <span style=\"color: #ff9900;\"><a style=\"color: #ff9900;\" href=\"https:\/\/www.liberation.fr\/checknews\/2018\/03\/05\/quel-est-le-nombre-de-sdf-en-france-en-2018_1653284\" target=\"_blank\" rel=\"noopener\">selon la derni\u00e8re enqu\u00eate r\u00e9alis\u00e9e sur le suje<\/a>t<\/span>\u00a0par l&rsquo;INSEE et l&rsquo;INED.<\/p>\n<h3 style=\"text-align: justify;\">Une deuxi\u00e8me vie\u2026<\/h3>\n<p style=\"text-align: justify;\">La trouvaille ? <strong>Les remorques des camions frigorifiques ont une dur\u00e9e de vie de 12 ans.<\/strong> Pass\u00e9 ce laps de temps, elles sont consid\u00e9r\u00e9es comme obsol\u00e8tes et sont envoy\u00e9es dans des d\u00e9charges en Afrique. Pourquoi ne pas les recycler et en faire des habitats temporaires pour ceux qui en manquent ?<\/p>\n<p><iframe loading=\"lazy\" style=\"border: none; overflow: hidden;\" src=\"https:\/\/www.facebook.com\/plugins\/post.php?href=https%3A%2F%2Fwww.facebook.com%2FUnevillaenurgence%2Fposts%2F2233682520010293&amp;width=500\" width=\"500\" height=\"732\" frameborder=\"0\" scrolling=\"no\"><\/iframe><\/p>\n<h3 style=\"text-align: justify;\">Un abri \u00ab\u00a0passif, modulable, modulaire, mobile\u00a0\u00bb\u2026<\/h3>\n<p style=\"text-align: justify;\">Le concept ?<strong>\u00a0Fr\u00e9d\u00e9ric Tabary et Jean-Charles Le Lay ont d\u00e9cid\u00e9 d&rsquo;am\u00e9nager ces remorques,<\/strong> et d&rsquo;\u00e9tendre leur projet \u00e0 d&rsquo;autres remorques &#8211; hors tracteurs &#8211; pour cr\u00e9er <em>\u00ab\u00a0un habitat passif, raisonn\u00e9, modulable, modulaire, adaptable, mobile, solidaire, rapide et efficace\u00a0\u00bb<\/em>.<\/p>\n<h2 style=\"text-align: justify;\">Le principe : un abri dans une remorque de camion<\/h2>\n<p style=\"text-align: justify;\">\u00c0 cette effet, <span style=\"color: #ff9900;\"><a style=\"color: #ff9900;\" href=\"https:\/\/www.uncamionenurgence.org\/\" target=\"_blank\" rel=\"noopener\">ils ont cr\u00e9\u00e9 une association, Home 311 Tabary Le Lay<\/a><\/span>, afin de d\u00e9velopper \u00ab\u00a0Un camion en urgence\u00a0\u00bb, mais aussi \u00ab\u00a0Une villa en urgence\u00a0\u00bb, dont l&rsquo;objectif est similaire : donner un toit \u00e0 ceux qui n&rsquo;en ont pas.<strong> Cette association recherche des remorques pour les r\u00e9am\u00e9nager avec couchettes et douches<\/strong>, mais aussi des ONG qui puissent g\u00e9rer les remorques en question dans les diff\u00e9rentes communes.<\/p>\n<h3 style=\"text-align: justify;\">Des contraintes \u00e0 solutionner<\/h3>\n<p style=\"text-align: justify;\"><strong>Les probl\u00e9matiques \u00e0 solutionner pour chaque remorque ?<\/strong> Trouver un emplacement en accord avec les Mairies. Entretenir la caisse et les diff\u00e9rents boxes. Se raccorder au r\u00e9seau d&rsquo;\u00e9lectricit\u00e9, d&rsquo;eau et au tout-\u00e0-l&rsquo;\u00e9gout &#8211; avec toutes les autorisations \u00e0 obtenir.<\/p>\n<p><iframe loading=\"lazy\" style=\"border: none; overflow: hidden;\" src=\"https:\/\/www.facebook.com\/plugins\/video.php?href=https%3A%2F%2Fwww.facebook.com%2Ffrance3%2Fvideos%2F10160047091565018%2F&amp;show_text=1&amp;width=560\" width=\"560\" height=\"451\" frameborder=\"0\" scrolling=\"no\" allowfullscreen=\"allowfullscreen\"><\/iframe><\/p>\n<h3 style=\"text-align: justify;\">Des abris \u00ab\u00a0remorques\u00a0\u00bb d\u00e9j\u00e0 finalis\u00e9s<\/h3>\n<p style=\"text-align: justify;\"><strong>Un vaste chantier qui a d&rsquo;ores-et-d\u00e9j\u00e0 abouti \u00e0 la validation de deux camions en f\u00e9vrier dernier.<\/strong> L&rsquo;un \u00e0 Nantes, afin de loger initialement des mineurs exil\u00e9s et sans-abri. Un deuxi\u00e8me \u00e0 Paris pour huit femmes SDF. Mais de nouveaux sont en finalisation ! De quoi nous rappeler le sens premier du mot<em> \u00ab\u00a0abri\u00a0\u00bb<\/em>, n&rsquo;est-ce pas ?<\/p>\n<p style=\"text-align: justify;\">\n","protected":false},"excerpt":{"rendered":"<p>En juin dernier, nous vous avions parl\u00e9 d&rsquo;une initiative originale d&rsquo;abris pour les plus d\u00e9munis. Un syst\u00e8me de tentes en forme d&rsquo;igloos, capables de conserver la chaleur \u00e0 l&rsquo;int\u00e9rieur gr\u00e2ce \u00e0 des feuilles d&rsquo;aluminium. La probl\u00e9matique du toit, assorti d&rsquo;une bonne isolation, est syst\u00e9matique lorsque l&rsquo;on parle de pauvret\u00e9 en France. C&rsquo;est pourquoi d&rsquo;autres id\u00e9es &hellip; <a href=\"https:\/\/www.franceabris.com\/BLOG\/recycler-des-remorques-de-camion-pour-en-faire-des-abris\/\" class=\"more-link\">Continuer la lecture de <span class=\"screen-reader-text\">Recycler des remorques de camion pour en faire des abris ?<\/span><\/a><\/p>\n","protected":false},"author":2,"featured_media":9464,"comment_status":"closed","ping_status":"closed","sticky":false,"template":"","format":"standard","meta":[],"categories":[2],"tags":[],"_links":{"self":[{"href":"https:\/\/www.franceabris.com\/BLOG\/wp-json\/wp\/v2\/posts\/9463"}],"collection":[{"href":"https:\/\/www.franceabris.com\/BLOG\/wp-json\/wp\/v2\/posts"}],"about":[{"href":"https:\/\/www.franceabris.com\/BLOG\/wp-json\/wp\/v2\/types\/post"}],"author":[{"embeddable":true,"href":"https:\/\/www.franceabris.com\/BLOG\/wp-json\/wp\/v2\/users\/2"}],"replies":[{"embeddable":true,"href":"https:\/\/www.franceabris.com\/BLOG\/wp-json\/wp\/v2\/comments?post=9463"}],"version-history":[{"count":0,"href":"https:\/\/www.franceabris.com\/BLOG\/wp-json\/wp\/v2\/posts\/9463\/revisions"}],"wp:featuredmedia":[{"embeddable":true,"href":"https:\/\/www.franceabris.com\/BLOG\/wp-json\/wp\/v2\/media\/9464"}],"wp:attachment":[{"href":"https:\/\/www.franceabris.com\/BLOG\/wp-json\/wp\/v2\/media?parent=9463"}],"wp:term":[{"taxonomy":"category","embeddable":true,"href":"https:\/\/www.franceabris.com\/BLOG\/wp-json\/wp\/v2\/categories?post=9463"},{"taxonomy":"post_tag","embeddable":true,"href":"https:\/\/www.franceabris.com\/BLOG\/wp-json\/wp\/v2\/tags?post=9463"}],"curies":[{"name":"wp","href":"https:\/\/api.w.org\/{rel}","templated":true}]}}