{"id":947,"date":"2013-03-21T11:25:33","date_gmt":"2013-03-21T10:25:33","guid":{"rendered":"http:\/\/www.franceabris.com\/BLOG\/?p=947"},"modified":"2013-03-21T11:25:33","modified_gmt":"2013-03-21T10:25:33","slug":"focus-thomas-badel-coureur-rallye-gier-recit-impressions","status":"publish","type":"post","link":"https:\/\/www.franceabris.com\/BLOG\/focus-thomas-badel-coureur-rallye-gier-recit-impressions\/","title":{"rendered":"Focus sur Thomas BADEL, coureur de rallye \u2013 Le Rallye du Gier, r\u00e9cit et impressions"},"content":{"rendered":"<p style=\"text-align: justify;\">Le 24\u00e8me Rallye National Pays du Gier compte pour la Coupe de France des Rallyes coefficient 5. Il a \u00e9t\u00e9 le th\u00e9\u00e2tre de la<strong> premi\u00e8re course de la saison 2013 pour l\u2019\u00e9quipage BADEL<\/strong>.<br \/>\n<!--more-->France Abris vous relate ainsi l\u2019engouement, les impressions et les p\u00e9rip\u00e9ties de notre pilote, Thomas BADEL.<\/p>\n<h2 style=\"text-align: justify;\"><\/h2>\n<p>&nbsp;<\/p>\n<p>&nbsp;<\/p>\n<p style=\"text-align: justify;\"><span class=\"Apple-style-span\" style=\"font-size: 18px; font-weight: bold; line-height: 28px;\">Quand la m\u00e9canique s\u2019en m\u00eale !<\/span><\/p>\n<p style=\"text-align: justify;\"><span class=\"Apple-style-span\" style=\"line-height: 24px; font-size: 14px; font-weight: normal;\">Avec leur Clio Williams, Thomas et Aur\u00e9lie menaient la danse. Ils \u00e9taient en t\u00eate de groupe et de classe depuis le d\u00e9but du rallye, se dirigeant vers la victoire quand la m\u00e9canique en a voulu autrement\u2026<br \/>\n<\/span><\/p>\n<p style=\"text-align: justify;\"><span class=\"Apple-style-span\" style=\"line-height: 24px; font-size: 14px; font-weight: normal;\">La particularit\u00e9 de ce rallye est la pr\u00e9sence d\u2019une \u00e9norme bosse qui se saute \u00e0 assez haute vitesse. A la r\u00e9ception du jump le prot\u00e8ge carter de la voiture a c\u00e9d\u00e9 et a fendu le carter d\u2019huile moteur.<\/span><\/p>\n<p style=\"text-align: justify;\">\u00a0 \u00a0 \u00a0 \u00a0 \u00a0 \u00a0 \u00a0 \u00a0 \u00a0 \u00a0<img decoding=\"async\" loading=\"lazy\" class=\"alignnone  wp-image-953\" style=\"border-width: 2px; border-color: black; border-style: solid;\" title=\"Affiche Rallye du Gier 2013 \" alt=\"Affiche Rallye du Gier 2013 \" src=\"http:\/\/www.franceabris.com\/BLOG\/wp-content\/uploads\/2013\/03\/afficheGier13-218x160.jpg\" width=\"218\" height=\"160\" srcset=\"https:\/\/www.franceabris.com\/BLOG\/wp-content\/uploads\/2013\/03\/afficheGier13-218x160.jpg 218w, https:\/\/www.franceabris.com\/BLOG\/wp-content\/uploads\/2013\/03\/afficheGier13-133x98.jpg 133w, https:\/\/www.franceabris.com\/BLOG\/wp-content\/uploads\/2013\/03\/afficheGier13.jpg 397w\" sizes=\"(max-width: 218px) 100vw, 218px\" \/>\u00a0\u00a0 \u00a0 \u00a0 \u00a0 \u00a0 \u00a0 \u00a0\u00a0<img decoding=\"async\" loading=\"lazy\" class=\"alignnone size-medium wp-image-951\" style=\"border-width: 2px; border-color: black; border-style: solid;\" title=\"Le saut fatal pour la Clio des Badel ! \" alt=\"Le saut fatal pour la Clio des Badel ! \" src=\"http:\/\/www.franceabris.com\/BLOG\/wp-content\/uploads\/2013\/03\/Saut2RallyeGier-218x160.jpg\" width=\"218\" height=\"160\" srcset=\"https:\/\/www.franceabris.com\/BLOG\/wp-content\/uploads\/2013\/03\/Saut2RallyeGier-218x160.jpg 218w, https:\/\/www.franceabris.com\/BLOG\/wp-content\/uploads\/2013\/03\/Saut2RallyeGier-133x98.jpg 133w, https:\/\/www.franceabris.com\/BLOG\/wp-content\/uploads\/2013\/03\/Saut2RallyeGier.jpg 397w\" sizes=\"(max-width: 218px) 100vw, 218px\" \/><\/p>\n<p style=\"text-align: justify;\">La Clio s\u2019est vidang\u00e9e \u00e0 la sortie de la sp\u00e9ciale et a commenc\u00e9 \u00e0 prendre feu car l\u2019huile coulait sur l\u2019\u00e9chappement br\u00fblant. Ils ont r\u00e9ussi \u00e0 stopper l\u2019incendie rapidement sans d\u00e9g\u00e2t important.<\/p>\n<p style=\"text-align: justify;\">Thomas et Aur\u00e9lie retiennent tout de m\u00eame pleins de choses positives de ce rallye, notamment leur <strong>comp\u00e9titivit\u00e9<\/strong>, la <strong>super entente<\/strong> de l\u2019\u00e9quipage et des <strong>m\u00e9canos au top<\/strong>.<\/p>\n<p style=\"text-align: justify;\">On ne doute pas que ces bonnes sensations payeront lors de leur prochain d\u00e9fi, le <a href=\"http:\/\/www.franceabris.com\/BLOG\/zoom-rallye-lyon-charbonnieres\/\" target=\"_blank\"><strong>Rallye de Charbonni\u00e8res<\/strong><\/a> du 18 au 20 avril prochains.<\/p>\n<p style=\"text-align: justify;\"><em>France Abris est <a href=\"http:\/\/www.franceabris.com\/BLOG\/thomas-badel-france-abris-aventure-humaine\/\" target=\"_blank\">partenaire de Thomas BADEL<\/a> pour cette saison 2013.<\/em><br \/>\n<em>Au travers de ce blog, nous souhaitons mettre en lumi\u00e8re ses r\u00e9sultats mais \u00e9galement toutes les \u00e9tapes inh\u00e9rentes \u00e0 son parcours sur les routes r\u00e9gionales et nationales : coulisses, pr\u00e9paratifs techniques, anecdotes et passion.<\/em><\/p>\n","protected":false},"excerpt":{"rendered":"<p>Le 24\u00e8me Rallye National Pays du Gier compte pour la Coupe de France des Rallyes coefficient 5. Il a \u00e9t\u00e9 le th\u00e9\u00e2tre de la premi\u00e8re course de la saison 2013 pour l\u2019\u00e9quipage BADEL.<\/p>\n","protected":false},"author":2,"featured_media":952,"comment_status":"open","ping_status":"open","sticky":false,"template":"","format":"standard","meta":[],"categories":[8],"tags":[],"_links":{"self":[{"href":"https:\/\/www.franceabris.com\/BLOG\/wp-json\/wp\/v2\/posts\/947"}],"collection":[{"href":"https:\/\/www.franceabris.com\/BLOG\/wp-json\/wp\/v2\/posts"}],"about":[{"href":"https:\/\/www.franceabris.com\/BLOG\/wp-json\/wp\/v2\/types\/post"}],"author":[{"embeddable":true,"href":"https:\/\/www.franceabris.com\/BLOG\/wp-json\/wp\/v2\/users\/2"}],"replies":[{"embeddable":true,"href":"https:\/\/www.franceabris.com\/BLOG\/wp-json\/wp\/v2\/comments?post=947"}],"version-history":[{"count":0,"href":"https:\/\/www.franceabris.com\/BLOG\/wp-json\/wp\/v2\/posts\/947\/revisions"}],"wp:featuredmedia":[{"embeddable":true,"href":"https:\/\/www.franceabris.com\/BLOG\/wp-json\/wp\/v2\/media\/952"}],"wp:attachment":[{"href":"https:\/\/www.franceabris.com\/BLOG\/wp-json\/wp\/v2\/media?parent=947"}],"wp:term":[{"taxonomy":"category","embeddable":true,"href":"https:\/\/www.franceabris.com\/BLOG\/wp-json\/wp\/v2\/categories?post=947"},{"taxonomy":"post_tag","embeddable":true,"href":"https:\/\/www.franceabris.com\/BLOG\/wp-json\/wp\/v2\/tags?post=947"}],"curies":[{"name":"wp","href":"https:\/\/api.w.org\/{rel}","templated":true}]}}