{"id":9475,"date":"2018-10-15T06:06:41","date_gmt":"2018-10-15T05:06:41","guid":{"rendered":"https:\/\/www.franceabris.com\/BLOG\/?p=9475"},"modified":"2018-09-20T10:56:42","modified_gmt":"2018-09-20T09:56:42","slug":"focus-produit-le-garage-metallique-en-kit-1-6","status":"publish","type":"post","link":"https:\/\/www.franceabris.com\/BLOG\/focus-produit-le-garage-metallique-en-kit-1-6\/","title":{"rendered":"Focus produit : le garage m\u00e9tallique en kit (1\/6)"},"content":{"rendered":"<p style=\"text-align: justify;\"><strong><em>Pr\u00e8s de 2000 produits sont r\u00e9f\u00e9renc\u00e9s sur le site de FRANCE ABRIS. Des caract\u00e9ristiques diff\u00e9rentes, des mat\u00e9riaux vari\u00e9s, des usages traditionnels ou inventifs\u2026 Ce qui vous est propos\u00e9, c&rsquo;est non seulement un am\u00e9nagement de votre jardin, mais, par extension, une plus grande libert\u00e9 pour votre int\u00e9rieur, voire du confort et une esth\u00e9tique formidable dans votre quotidien. Alors, pour y voir un peu plus clair, petit focus bimestriel sur des produits marquants de notre catalogue. Ce mois-ci : le garage en kit en m\u00e9tal.<\/em><\/strong><\/p>\n<p style=\"text-align: justify;\">C&rsquo;est un peu par lui que tout a commenc\u00e9. Le garage m\u00e9tal en kit est l&rsquo;un des hits de FRANCE ABRIS, l&rsquo;un des produits historiques et les plus demand\u00e9s du catalogue. Pourquoi ? Parce qu&rsquo;il est l&rsquo;un des choix les plus faciles, les plus pratiques, \u00e0 l&rsquo;efficacit\u00e9 imm\u00e9diate, qu&rsquo;on puisse faire lorsqu&rsquo;on cherche un espace de stationnement et\/ou de stockage suppl\u00e9mentaire. \u00c9claircissements.<\/p>\n<p style=\"text-align: justify;\">&#8211;<span style=\"color: #ff9900;\"> <a style=\"color: #ff9900;\" href=\"https:\/\/www.franceabris.com\/7-garage-metal\" target=\"_blank\" rel=\"noopener\">Tous les abris garages m\u00e9talliques sur FRANCE ABRIS !<\/a><\/span><\/p>\n<h2 style=\"text-align: justify;\">Le garage en kit, toujours pratique<\/h2>\n<p style=\"text-align: justify;\">Plusieurs situations motivent g\u00e9n\u00e9ralement l&rsquo;achat d&rsquo;un kit de garage pour son jardin. La premi\u00e8re ? Le client n&rsquo;a pas de garage int\u00e9gr\u00e9 \u00e0 sa maison et, plut\u00f4t que d&rsquo;agrandir son habitation en investissant de gros frais dans des travaux, il pr\u00e9f\u00e8re <strong>une solution \u00e0 petit prix qu&rsquo;il installera dans son jardin, \u00e0 l&rsquo;endroit qu&rsquo;il pr\u00e9f\u00e8re.<\/strong><\/p>\n<h3 style=\"text-align: justify;\">Des besoins diff\u00e9rents, une m\u00eame r\u00e9ponse avec le garage m\u00e9tal<\/h3>\n<p style=\"text-align: justify;\">La deuxi\u00e8me ? Il poss\u00e8de d\u00e9j\u00e0 un garage int\u00e9gr\u00e9 \u00e0 sa maison, mais, apr\u00e8s avoir acquis un v\u00e9hicule suppl\u00e9mentaire, il recherche une solution d&rsquo;abri s\u00e9curis\u00e9e et s\u00e9curisante &#8211; pensez-y prot\u00e9ger sa voiture, c&rsquo;est aussi allonger sa dur\u00e9e de vie. La troisi\u00e8me ? Il souhaite exploiter l&rsquo;espace qu&rsquo;occupe son garage int\u00e9gr\u00e9 d&rsquo;une fa\u00e7on diff\u00e9rente, en cr\u00e9ant une pi\u00e8ce \u00e0 vivre ou une chambre suppl\u00e9mentaire.<\/p>\n<h3 style=\"text-align: justify;\">Un kit de garage \u00e0 petit prix pour un investissement vite rentabilis\u00e9<\/h3>\n<p style=\"text-align: justify;\"><strong>Dans tous les cas, le garage en kit est\u00a0 un investissement pour<\/strong> : 1\/ prot\u00e9ger et s\u00e9curiser le stationnement d&rsquo;un v\u00e9hicule. 2\/ R\u00e9am\u00e9nager son espace ext\u00e9rieur ET int\u00e9rieur, ouvrant ainsi de nouvelles possibilit\u00e9s. Car, un garage en kit, c&rsquo;est aussi un espace de bricolage. Et un garage int\u00e9gr\u00e9 \u00e0 son habitation, lorsqu&rsquo;il est inoccup\u00e9, c&rsquo;est potentiellement une pi\u00e8ce en r\u00e2ble de la taille d&rsquo;un studio\u2026 Pas mal, non ?<\/p>\n<p><img decoding=\"async\" loading=\"lazy\" class=\"aligncenter wp-image-9476 size-full\" style=\"border: 1px solid #000000;\" src=\"https:\/\/www.franceabris.com\/BLOG\/wp-content\/uploads\/2018\/09\/garage-m\u00e9tal-zincalume.jpg\" alt=\"abri garage petit prix\" width=\"396\" height=\"290\" srcset=\"https:\/\/www.franceabris.com\/BLOG\/wp-content\/uploads\/2018\/09\/garage-m\u00e9tal-zincalume.jpg 396w, https:\/\/www.franceabris.com\/BLOG\/wp-content\/uploads\/2018\/09\/garage-m\u00e9tal-zincalume-134x98.jpg 134w, https:\/\/www.franceabris.com\/BLOG\/wp-content\/uploads\/2018\/09\/garage-m\u00e9tal-zincalume-328x240.jpg 328w\" sizes=\"(max-width: 396px) 100vw, 396px\" \/><\/p>\n<h2 style=\"text-align: justify;\">L&rsquo;abri garage m\u00e9tal pour dormir sur ses deux oreilles<\/h2>\n<p style=\"text-align: justify;\">De l&rsquo;acier galvanis\u00e9, du zincalume\u2026 <strong>Les garages m\u00e9talliques de FRANCE ABRIS sont con\u00e7us dans des mat\u00e9riaux parfois un peu diff\u00e9rents, mais dont l&rsquo;objectif est toujours le m\u00eame<\/strong> : offrir une bonne r\u00e9sistance \u00e0 la corrosion et une dur\u00e9e de vie maximale. Ce n&rsquo;est d&rsquo;ailleurs pas pour rien que les garanties de ces mod\u00e8les courent g\u00e9n\u00e9ralement sont une dizaine d&rsquo;ann\u00e9e, voire plus.<\/p>\n<h3 style=\"text-align: justify;\">Un abri garage autonome, \u00e0 l&rsquo;entretien ais\u00e9e<\/h3>\n<p style=\"text-align: justify;\"><strong>Des mod\u00e8les qui brillent donc par leur r\u00e9sistance<\/strong>. Une r\u00e9sistance face aux intemp\u00e9ries, puisqu&rsquo;ils ne craignent ni la pluie, ni la neige, ni le vent\u2026 Tout juste souffrent-t-ils d&rsquo;une isolation peu optimale lorsqu&rsquo;il fait tr\u00e8s chaud ou tr\u00e8s froid. Surtout, ces abris m\u00e9tal peuvent se targuer d&rsquo;\u00eatre parfaitement autonomes : nul besoin de les entretenir au quotidien !<\/p>\n<p><iframe loading=\"lazy\" src=\"https:\/\/player.vimeo.com\/video\/12356904\" width=\"640\" height=\"456\" frameborder=\"0\" allowfullscreen=\"allowfullscreen\"><\/iframe><\/p>\n<p><a href=\"https:\/\/vimeo.com\/12356904\">CLIP TOUS LES ATOUTS FRANCE ABRIS<\/a> from <a href=\"https:\/\/vimeo.com\/user3798386\">FranceAbris<\/a> on <a href=\"https:\/\/vimeo.com\">Vimeo<\/a>.<\/p>\n<h3 style=\"text-align: justify;\">Montage ULTRA facile pour les kits de garages m\u00e9talliques !<\/h3>\n<p style=\"text-align: justify;\">Enfin, parmi les diff\u00e9rentes structures de garages propos\u00e9es, certaines s&rsquo;av\u00e8rent particuli\u00e8rement faciles \u00e0 monter. Une visserie tr\u00e8s r\u00e9duite exploitant un syst\u00e8me de clips pour les plus simples ! Et, m\u00eame,<a href=\"http:\/\/www.lyon-entreprises.com\/News\/Espace-VIP\/Videos-des-VIP\/video-montage-30-minutes-i23724.html\" target=\"_blank\" rel=\"noopener\"><strong> un mod\u00e8le de garage en kit qui se monte\u2026 en 30 minutes chrono<\/strong><\/a>. De quoi faire parler dans les milieux sp\u00e9cialis\u00e9s ! Autant dire qu&rsquo;il n&rsquo;y a pas grand chose de mieux pour qui souhaite cr\u00e9er sans attendre une solution d&rsquo;abri verrouillable et s\u00e9curisante dans son jardin !<\/p>\n","protected":false},"excerpt":{"rendered":"<p>Pr\u00e8s de 2000 produits sont r\u00e9f\u00e9renc\u00e9s sur le site de FRANCE ABRIS. Des caract\u00e9ristiques diff\u00e9rentes, des mat\u00e9riaux vari\u00e9s, des usages traditionnels ou inventifs\u2026 Ce qui vous est propos\u00e9, c&rsquo;est non seulement un am\u00e9nagement de votre jardin, mais, par extension, une plus grande libert\u00e9 pour votre int\u00e9rieur, voire du confort et une esth\u00e9tique formidable dans votre &hellip; <a href=\"https:\/\/www.franceabris.com\/BLOG\/focus-produit-le-garage-metallique-en-kit-1-6\/\" class=\"more-link\">Continuer la lecture de <span class=\"screen-reader-text\">Focus produit : le garage m\u00e9tallique en kit (1\/6)<\/span><\/a><\/p>\n","protected":false},"author":2,"featured_media":9477,"comment_status":"closed","ping_status":"closed","sticky":false,"template":"","format":"standard","meta":[],"categories":[2,3],"tags":[],"_links":{"self":[{"href":"https:\/\/www.franceabris.com\/BLOG\/wp-json\/wp\/v2\/posts\/9475"}],"collection":[{"href":"https:\/\/www.franceabris.com\/BLOG\/wp-json\/wp\/v2\/posts"}],"about":[{"href":"https:\/\/www.franceabris.com\/BLOG\/wp-json\/wp\/v2\/types\/post"}],"author":[{"embeddable":true,"href":"https:\/\/www.franceabris.com\/BLOG\/wp-json\/wp\/v2\/users\/2"}],"replies":[{"embeddable":true,"href":"https:\/\/www.franceabris.com\/BLOG\/wp-json\/wp\/v2\/comments?post=9475"}],"version-history":[{"count":0,"href":"https:\/\/www.franceabris.com\/BLOG\/wp-json\/wp\/v2\/posts\/9475\/revisions"}],"wp:featuredmedia":[{"embeddable":true,"href":"https:\/\/www.franceabris.com\/BLOG\/wp-json\/wp\/v2\/media\/9477"}],"wp:attachment":[{"href":"https:\/\/www.franceabris.com\/BLOG\/wp-json\/wp\/v2\/media?parent=9475"}],"wp:term":[{"taxonomy":"category","embeddable":true,"href":"https:\/\/www.franceabris.com\/BLOG\/wp-json\/wp\/v2\/categories?post=9475"},{"taxonomy":"post_tag","embeddable":true,"href":"https:\/\/www.franceabris.com\/BLOG\/wp-json\/wp\/v2\/tags?post=9475"}],"curies":[{"name":"wp","href":"https:\/\/api.w.org\/{rel}","templated":true}]}}