{"id":9486,"date":"2018-11-10T06:06:31","date_gmt":"2018-11-10T05:06:31","guid":{"rendered":"https:\/\/www.franceabris.com\/BLOG\/?p=9486"},"modified":"2018-10-09T11:46:46","modified_gmt":"2018-10-09T10:46:46","slug":"bureau-de-jardin-pourquoi-pour-qui","status":"publish","type":"post","link":"https:\/\/www.franceabris.com\/BLOG\/bureau-de-jardin-pourquoi-pour-qui\/","title":{"rendered":"Bureau de jardin : pourquoi ? pour qui ?"},"content":{"rendered":"<p style=\"text-align: justify;\"><strong>Les fa\u00e7ons de travailler \u00e9voluent et, avec elles, c&rsquo;est le concept-m\u00eame du lieu de travail qui s&rsquo;en trouve chamboul\u00e9.<\/strong> De plus en plus de personnes travaillent ainsi en home-office une partie de la semaine. D&rsquo;autres font le choix de l&rsquo;ind\u00e9pendance, en s&rsquo;\u00e9vitant l&rsquo;investissement dans des locaux d\u00e9di\u00e9s.<\/p>\n<p style=\"text-align: justify;\">Alors, face \u00e0 cette r\u00e9alit\u00e9 nouvelle, FRANCE ABRIS <strong>propose une gamme de bureaux de jardin.<\/strong> Ces produits, sortes de \u00ab\u00a0tiny houses\u00a0\u00bb ou maisonnettes en bois, s&rsquo;ins\u00e8rent tr\u00e8s efficacement dans des ext\u00e9rieurs vari\u00e9s, comme le ferait n&rsquo;importe quel abri de jardin. Nantis d&rsquo;une surface de plancher cons\u00e9quentes, ils offrent un v\u00e9ritable cadre de travail.<\/p>\n<p style=\"text-align: justify;\">Explications.<\/p>\n<p style=\"text-align: justify;\">&#8211; <span style=\"color: #ff9900;\"><a style=\"color: #ff9900;\" href=\"https:\/\/www.franceabris.com\/76-bureau-de-jardin\" target=\"_blank\" rel=\"noopener\">Consultez nos gammes de bureau de jardin en bois !<\/a><\/span><\/p>\n<h2 style=\"text-align: justify;\">Qui pense aux tiny houses et autres maisons d&rsquo;ext\u00e9rieur pour le travail ?<\/h2>\n<p style=\"text-align: justify;\">Ils sont nombreux les travailleurs ind\u00e9pendants, freelances et micro-entrepreneurs qui n&rsquo;ont pas de locaux pour leur activit\u00e9 professionnelle. <strong>Travaillant de chez eux, dans leur salon, ou dans un bureau sp\u00e9cialement am\u00e9nag\u00e9s,<\/strong> parfois dans des espaces de co-working, ils sont chez eux la plupart du temps.<\/p>\n<h3>Le bureau dans un chalet bois pour les freelances, ind\u00e9pendants\u2026 et passionn\u00e9s !<\/h3>\n<p style=\"text-align: justify;\">Pour ces personnes, <strong>le bureau de jardin peut constituer un formidable compromis.<\/strong> Comme pour les passionn\u00e9s ou les acharn\u00e9s d&rsquo;une activit\u00e9 un peu envahissante\u2026 Pour tout ce qui n\u00e9cessite du mat\u00e9riel, de la place, des rangements : il faut penser \u00e0 la cabane de jardin.<\/p>\n<figure id=\"attachment_9488\" aria-describedby=\"caption-attachment-9488\" style=\"width: 396px\" class=\"wp-caption aligncenter\"><img decoding=\"async\" loading=\"lazy\" class=\"wp-image-9488 size-full\" style=\"border: 1px solid #000000;\" src=\"https:\/\/www.franceabris.com\/BLOG\/wp-content\/uploads\/2018\/10\/bureau-de-jardin-1.jpg\" alt=\"bureau pour le jardin en kit\" width=\"396\" height=\"290\" srcset=\"https:\/\/www.franceabris.com\/BLOG\/wp-content\/uploads\/2018\/10\/bureau-de-jardin-1.jpg 396w, https:\/\/www.franceabris.com\/BLOG\/wp-content\/uploads\/2018\/10\/bureau-de-jardin-1-134x98.jpg 134w, https:\/\/www.franceabris.com\/BLOG\/wp-content\/uploads\/2018\/10\/bureau-de-jardin-1-328x240.jpg 328w\" sizes=\"(max-width: 396px) 100vw, 396px\" \/><figcaption id=\"caption-attachment-9488\" class=\"wp-caption-text\">Ce bureau de jardin est disponible sur FRANCE ABRIS sous l&rsquo;ID 624.<\/figcaption><\/figure>\n<h2 style=\"text-align: justify;\">Le concept : un chalet de jardin en bois pour travailler<\/h2>\n<p style=\"text-align: justify;\"><strong>Tout simplement parce qu&rsquo;on ne peut que conseiller de cloisonner la maison et le travail.<\/strong> Tous les sp\u00e9cialistes le disent : il n&rsquo;est pas forc\u00e9ment tr\u00e8s sain que son espace professionnel soit aussi son lieu de d\u00e9tente, de coupure, de vie tout simplement. Oui, il est important de distinguer les deux.<\/p>\n<h3>La s\u00e9curit\u00e9 de votre activit\u00e9 peut passer par un bureau de jardin en kit<\/h3>\n<p style=\"text-align: justify;\">Sans compter que la place prise dans la maison de tout ce qui accompagne votre activit\u00e9 n&rsquo;est pas forc\u00e9ment du go\u00fbt de toute la famille\u2026 Courriers qui tra\u00eenent, dossiers, documents de travail. <strong>Jusqu&rsquo;\u00e0 l&rsquo;ordinateur pro qui, aussi pour des raisons de s\u00e9curit\u00e9, ne devrait pas rester en libre-service dans le salon.<\/strong><\/p>\n<figure id=\"attachment_9490\" aria-describedby=\"caption-attachment-9490\" style=\"width: 396px\" class=\"wp-caption aligncenter\"><img decoding=\"async\" loading=\"lazy\" class=\"wp-image-9490 size-full\" style=\"border: 1px solid #000000;\" src=\"https:\/\/www.franceabris.com\/BLOG\/wp-content\/uploads\/2018\/10\/tiny-house-2.jpg\" alt=\"Tiny house en kit pas ch\u00e8re\" width=\"396\" height=\"290\" srcset=\"https:\/\/www.franceabris.com\/BLOG\/wp-content\/uploads\/2018\/10\/tiny-house-2.jpg 396w, https:\/\/www.franceabris.com\/BLOG\/wp-content\/uploads\/2018\/10\/tiny-house-2-134x98.jpg 134w, https:\/\/www.franceabris.com\/BLOG\/wp-content\/uploads\/2018\/10\/tiny-house-2-328x240.jpg 328w\" sizes=\"(max-width: 396px) 100vw, 396px\" \/><figcaption id=\"caption-attachment-9490\" class=\"wp-caption-text\">Cette tiny house pour le travail est disponible sur FRANCE ABRIS sous l&rsquo;ID 3173.<\/figcaption><\/figure>\n<h3>Organiser son espace de travail dans un chalet bois pro<\/h3>\n<p style=\"text-align: justify;\"><strong>C&rsquo;est l\u00e0 qu&rsquo;un chalet en bois, un bureau d&rsquo;ext\u00e9rieur, saura vous convaincre.<\/strong> Install\u00e9 dans le jardin, verrouillable\u2026 Il sera VOTRE pi\u00e8ce de travail et vous pourrez y organiser, stocker et laisser tout ce qui concerne votre activit\u00e9 pro.<\/p>\n<p style=\"text-align: justify;\"><strong>Sans compter que cette tiny house vous permettra d&rsquo;avoir un endroit tiers ouvert sur l&rsquo;ext\u00e9rieur<\/strong>, dans lequel il sera certainement plus facile de vous concentrer quelles que soient les conditions. Les travailleurs ind\u00e9pendants qui n&rsquo;ont pas cette chance l&rsquo;ont d\u00e9j\u00e0 v\u00e9cu : un dossier \u00e0 traiter en urgence le week-end se g\u00e8re plus facilement quand il n&rsquo;y a pas les enfants dans la m\u00eame pi\u00e8ce !<\/p>\n<figure id=\"attachment_9489\" aria-describedby=\"caption-attachment-9489\" style=\"width: 396px\" class=\"wp-caption aligncenter\"><img decoding=\"async\" loading=\"lazy\" class=\"wp-image-9489 size-full\" style=\"border: 1px solid #000000;\" src=\"https:\/\/www.franceabris.com\/BLOG\/wp-content\/uploads\/2018\/10\/chalet-bois-pour-le-jardin-3.jpg\" alt=\"Le chalet bois prix r\u00e9duit\" width=\"396\" height=\"290\" srcset=\"https:\/\/www.franceabris.com\/BLOG\/wp-content\/uploads\/2018\/10\/chalet-bois-pour-le-jardin-3.jpg 396w, https:\/\/www.franceabris.com\/BLOG\/wp-content\/uploads\/2018\/10\/chalet-bois-pour-le-jardin-3-134x98.jpg 134w, https:\/\/www.franceabris.com\/BLOG\/wp-content\/uploads\/2018\/10\/chalet-bois-pour-le-jardin-3-328x240.jpg 328w\" sizes=\"(max-width: 396px) 100vw, 396px\" \/><figcaption id=\"caption-attachment-9489\" class=\"wp-caption-text\">Jetez un coup d&rsquo;oeil \u00e0 ce chalet de jardin pro sur FRANCE ABRIS (ID 626).<\/figcaption><\/figure>\n<h2 style=\"text-align: justify;\">Le choix du bois pour un bureau de jardin ?<\/h2>\n<p style=\"text-align: justify;\"><strong>Parce qu&rsquo;il s&rsquo;agit du mat\u00e9riau le plus efficace en mati\u00e8re de r\u00e9gulation thermique,<\/strong> compar\u00e9 aux habituels PVC ou m\u00e9taux des kits d&rsquo;abris pour le jardin. \u00c9videmment, l&rsquo;id\u00e9al serait l&rsquo;abri en dur. Mais le kit s&rsquo;av\u00e8re beaucoup moins impliquant, facile \u00e0 monter que la cr\u00e9ation de toute pi\u00e8ce d&rsquo;une annexe en dur.<\/p>\n<h3>Et l&rsquo;\u00e9lectricit\u00e9 dans tout \u00e7a ? L&rsquo;abri bois en a besoin !<\/h3>\n<p style=\"text-align: justify;\">Comme vous serez amen\u00e9 \u00e0 rester assis sur votre chaise de bureau dans ce chalet de jardin,<strong> il vaut mieux parier sur des madriers de bois de 44 mm ou plus.<\/strong> Et puis, bien entendu, tirer des fils pour y avoir l&rsquo;\u00e9lectricit\u00e9. L&rsquo;ordinateur appr\u00e9ciera, vos yeux aussi et, en hiver, un petit convecteur ne sera pas de trop !<\/p>\n","protected":false},"excerpt":{"rendered":"<p>Les fa\u00e7ons de travailler \u00e9voluent et, avec elles, c&rsquo;est le concept-m\u00eame du lieu de travail qui s&rsquo;en trouve chamboul\u00e9. De plus en plus de personnes travaillent ainsi en home-office une partie de la semaine. D&rsquo;autres font le choix de l&rsquo;ind\u00e9pendance, en s&rsquo;\u00e9vitant l&rsquo;investissement dans des locaux d\u00e9di\u00e9s. Alors, face \u00e0 cette r\u00e9alit\u00e9 nouvelle, FRANCE ABRIS &hellip; <a href=\"https:\/\/www.franceabris.com\/BLOG\/bureau-de-jardin-pourquoi-pour-qui\/\" class=\"more-link\">Continuer la lecture de <span class=\"screen-reader-text\">Bureau de jardin : pourquoi ? pour qui ?<\/span><\/a><\/p>\n","protected":false},"author":2,"featured_media":9487,"comment_status":"closed","ping_status":"closed","sticky":false,"template":"","format":"standard","meta":[],"categories":[2,3],"tags":[],"_links":{"self":[{"href":"https:\/\/www.franceabris.com\/BLOG\/wp-json\/wp\/v2\/posts\/9486"}],"collection":[{"href":"https:\/\/www.franceabris.com\/BLOG\/wp-json\/wp\/v2\/posts"}],"about":[{"href":"https:\/\/www.franceabris.com\/BLOG\/wp-json\/wp\/v2\/types\/post"}],"author":[{"embeddable":true,"href":"https:\/\/www.franceabris.com\/BLOG\/wp-json\/wp\/v2\/users\/2"}],"replies":[{"embeddable":true,"href":"https:\/\/www.franceabris.com\/BLOG\/wp-json\/wp\/v2\/comments?post=9486"}],"version-history":[{"count":0,"href":"https:\/\/www.franceabris.com\/BLOG\/wp-json\/wp\/v2\/posts\/9486\/revisions"}],"wp:featuredmedia":[{"embeddable":true,"href":"https:\/\/www.franceabris.com\/BLOG\/wp-json\/wp\/v2\/media\/9487"}],"wp:attachment":[{"href":"https:\/\/www.franceabris.com\/BLOG\/wp-json\/wp\/v2\/media?parent=9486"}],"wp:term":[{"taxonomy":"category","embeddable":true,"href":"https:\/\/www.franceabris.com\/BLOG\/wp-json\/wp\/v2\/categories?post=9486"},{"taxonomy":"post_tag","embeddable":true,"href":"https:\/\/www.franceabris.com\/BLOG\/wp-json\/wp\/v2\/tags?post=9486"}],"curies":[{"name":"wp","href":"https:\/\/api.w.org\/{rel}","templated":true}]}}