{"id":9531,"date":"2019-03-05T06:06:43","date_gmt":"2019-03-05T05:06:43","guid":{"rendered":"https:\/\/www.franceabris.com\/BLOG\/?p=9531"},"modified":"2018-11-09T16:27:00","modified_gmt":"2018-11-09T15:27:00","slug":"quels-kits-dabris-et-de-carports-pour-votre-concessionnaire-auto","status":"publish","type":"post","link":"https:\/\/www.franceabris.com\/BLOG\/quels-kits-dabris-et-de-carports-pour-votre-concessionnaire-auto\/","title":{"rendered":"Quels kits d&rsquo;abris et de carports pour votre concessionnaire auto ?"},"content":{"rendered":"<p style=\"text-align: justify;\">Quand on est professionnel, bien choisir ses abris peut permettre de faciliter, au quotidien, de nombreux aspects logistiques. C&rsquo;est une v\u00e9rit\u00e9 qui ne se d\u00e9ment pas. <strong>Pour un concessionnaire auto, c&rsquo;est peut-\u00eatre m\u00eame l&rsquo;identit\u00e9 et l&rsquo;image de l&rsquo;entreprise qui d\u00e9pendent de ce choix !<\/strong><\/p>\n<p style=\"text-align: justify;\">Et oui, lorsqu&rsquo;on est amen\u00e9 \u00e0 \u00ab\u00a0manier\u00a0\u00bb un gros volume de v\u00e9hicules et que ces derniers doivent \u00eatre expos\u00e9s en ext\u00e9rieur, <strong>avoir des solutions de carports efficaces constitue un vrai gage de s\u00e9rieux.<\/strong> Et de qualit\u00e9, puisqu&rsquo;en prot\u00e9geant ses voitures, deux roues, semi-remorques, camions des intemp\u00e9ries, on pr\u00e9serve leur dur\u00e9e de vie et leur bonne tenue dans le temps.<\/p>\n<p style=\"text-align: justify;\">Explications.<\/p>\n<p style=\"text-align: justify;\"><strong>&#8211;<\/strong> <span style=\"color: #ff9900;\"><a style=\"color: #ff9900;\" href=\"https:\/\/www.franceabris.com\/58-abri-voiture-toile\">Des abris toiles pour les professionnels et concessionnaires !<\/a><\/span><\/p>\n<h2 style=\"text-align: justify;\">Un carport en kit pour tous les aspects de la concession<\/h2>\n<p style=\"text-align: justify;\"><strong>Un concessionnaire automobile peut avoir des besoins tr\u00e8s vari\u00e9s en mati\u00e8re d&rsquo;abris et de couvertures.<\/strong> Il faut dire qu&rsquo;une partie du parc de v\u00e9hicules reste souvent en exposition \u00e0 l&rsquo;ext\u00e9rieur\u2026 Cela implique donc de choisir soigneusement les toits qui pr\u00e9serveront les carrosseries et m\u00e9caniques !<\/p>\n<h3>Prot\u00e9ger le parc ou mettre en valeur des v\u00e9hicules en exposition avec des charpentes ou des abris m\u00e9tal et toile<\/h3>\n<p style=\"text-align: justify;\"><strong>\u00c9videmment, des abris diff\u00e9rents seront peut-\u00eatre n\u00e9cessaires selon l&rsquo;usage pr\u00e9vu pour l&rsquo;ensemble de carports.<\/strong> Par exemple, pour couvrir une tr\u00e8s vaste surface sous laquelle stationner les v\u00e9hicules en attente, <span style=\"color: #ff9900;\"><a style=\"color: #ff9900;\" href=\"https:\/\/www.franceabris.com\/102-abri-metallique\" target=\"_blank\" rel=\"noopener\">peut-\u00eatre faudra-t-il envisager des charpentes m\u00e9talliques adapt\u00e9es<\/a><\/span>, tr\u00e8s r\u00e9sistantes et moins co\u00fbteuses que d&rsquo;autres structures. Mais s&rsquo;il s&rsquo;agit de mettre en valeur quelques berlines rutilantes, <a href=\"https:\/\/www.franceabris.com\/58-abri-voiture-toile\" target=\"_blank\" rel=\"noopener\"><span style=\"color: #ff9900;\">on vous orientera ais\u00e9ment du c\u00f4t\u00e9 des carports toile PVC tendue<\/span><\/a>, offrant protection et environnement esth\u00e9tique valorisant.<\/p>\n<figure id=\"attachment_9534\" aria-describedby=\"caption-attachment-9534\" style=\"width: 396px\" class=\"wp-caption aligncenter\"><a href=\"https:\/\/www.franceabris.com\/58-abri-voiture-toile\"><img decoding=\"async\" loading=\"lazy\" class=\"wp-image-9534 size-full\" style=\"border: 1px solid #000000;\" src=\"https:\/\/www.franceabris.com\/BLOG\/wp-content\/uploads\/2019\/03\/carport-en-kit-pro-concessions-1.jpg\" alt=\"abri voiture pas cher en toile\" width=\"396\" height=\"290\" srcset=\"https:\/\/www.franceabris.com\/BLOG\/wp-content\/uploads\/2019\/03\/carport-en-kit-pro-concessions-1.jpg 396w, https:\/\/www.franceabris.com\/BLOG\/wp-content\/uploads\/2019\/03\/carport-en-kit-pro-concessions-1-134x98.jpg 134w, https:\/\/www.franceabris.com\/BLOG\/wp-content\/uploads\/2019\/03\/carport-en-kit-pro-concessions-1-328x240.jpg 328w\" sizes=\"(max-width: 396px) 100vw, 396px\" \/><\/a><figcaption id=\"caption-attachment-9534\" class=\"wp-caption-text\">Un carport pro m\u00e9tal et toile ! (Disponible sous l&rsquo;ID 2775 sur FRANCE ABRIS)<\/figcaption><\/figure>\n<h3>Couvrir une aire de pr\u00e9paration et de lavage avec des abris voitures m\u00e9talliques et clos<\/h3>\n<p style=\"text-align: justify;\"><strong>Si c&rsquo;est une aire de lavage et de pr\u00e9paration des v\u00e9hicules que vous souhaitez doter de couvertures en kit<\/strong>, des <a href=\"https:\/\/www.franceabris.com\/53-carport-metal\" target=\"_blank\" rel=\"noopener\"><span style=\"color: #ff9900;\">carports m\u00e9talliques quatre poteaux<\/span><\/a> ou <span style=\"color: #ff9900;\"><a style=\"color: #ff9900;\" href=\"https:\/\/www.franceabris.com\/58-abri-voiture-toile\" target=\"_blank\" rel=\"noopener\">abris voiture m\u00e9tal et toile<\/a><\/span> feront l&rsquo;affaire. L&rsquo;objectif ? Offrir un toit pour se pr\u00e9server des caprices de la m\u00e9t\u00e9o, mais aussi une structure d&rsquo;ensemble suffisamment polyvalente pour \u00eatre dot\u00e9e de parois brise-vent\/brise-vue afin de maximiser la protection.<\/p>\n<h3>Un besoin = des carports pros en kit !<\/h3>\n<p style=\"text-align: justify;\"><strong>Dans l&rsquo;ensemble, il existe des carports en kit pour chaque besoin et chaque priorit\u00e9 :<\/strong> 1\/ la capacit\u00e9 et le volume de stockage ; 2\/ le prix ; 3\/ l&rsquo;environnement esth\u00e9tique ; 4\/ la polyvalence et la personnalisation des kits. \u00c0 vous de d\u00e9tailler les diff\u00e9rents aspects de votre projet et vos priorit\u00e9s aupr\u00e8s de notre \u00e9quipe de commerciaux, afin qu&rsquo;ils vous oriente vers les kits les plus adapt\u00e9s !<\/p>\n<figure id=\"attachment_9532\" aria-describedby=\"caption-attachment-9532\" style=\"width: 396px\" class=\"wp-caption aligncenter\"><a href=\"https:\/\/www.franceabris.com\/102-abri-metallique\"><img decoding=\"async\" loading=\"lazy\" class=\"wp-image-9532 size-full\" style=\"border: 1px solid #000000;\" src=\"https:\/\/www.franceabris.com\/BLOG\/wp-content\/uploads\/2019\/03\/abri-concession-camping-car-1.jpg\" alt=\"charpentes m\u00e9talliques modulables pros\" width=\"396\" height=\"290\" srcset=\"https:\/\/www.franceabris.com\/BLOG\/wp-content\/uploads\/2019\/03\/abri-concession-camping-car-1.jpg 396w, https:\/\/www.franceabris.com\/BLOG\/wp-content\/uploads\/2019\/03\/abri-concession-camping-car-1-134x98.jpg 134w, https:\/\/www.franceabris.com\/BLOG\/wp-content\/uploads\/2019\/03\/abri-concession-camping-car-1-328x240.jpg 328w\" sizes=\"(max-width: 396px) 100vw, 396px\" \/><\/a><figcaption id=\"caption-attachment-9532\" class=\"wp-caption-text\">Avec les charpentes en m\u00e9tal modulables, vous pouvez envisager une couverture \u00e0 bas co\u00fbt, jusque pour des v\u00e9hicules grande hauteur ! (Disponible sur FRANCE ABRIS sous l&rsquo;ID 1727)<\/figcaption><\/figure>\n<h2 style=\"text-align: justify;\">Quels mat\u00e9riaux choisir pour les abris pros de son parc ?<\/h2>\n<p style=\"text-align: justify;\">Dans le cas d&rsquo;une concession automobile, il va sans dire que les mat\u00e9riaux privil\u00e9gi\u00e9s doivent privil\u00e9gier l&rsquo;efficacit\u00e9, tout en valorisant ou en m\u00e9nageant l&rsquo;identit\u00e9 esth\u00e9tique et visuelle de l&rsquo;entreprise. \u00c0 ce titre, les structures en acier galvanis\u00e9 \u00e0 chaud constituent souvent des choix privil\u00e9gi\u00e9s : non seulement elles permettent g\u00e9n\u00e9ralement de ma\u00eetriser ses co\u00fbts, mais, en plus, elles s&rsquo;av\u00e8rent particuli\u00e8rement durables et r\u00e9sistantes. <strong>R\u00e9sistance partag\u00e9e avec les kits en aluminium pour un effet esth\u00e9tique imbattable.<\/strong><\/p>\n<h3>Du kit\u00a0en acier galvanis\u00e9 aux toits en toile PVC<\/h3>\n<p style=\"text-align: justify;\">Il en va de m\u00eame avec la toile PVC tendue et nos mod\u00e8les en toile Ferrari. Celles-ci ne craignent pas grand chose de la pluie et des orages, tout en \u00e9vitant les effets n\u00e9fastes des rayons ultraviolets. En outre, en plus de mettre en valeur les v\u00e9hicules, <strong>les d\u00e9clinaisons de couleurs permettent une personnalisation en coh\u00e9rence avec l&rsquo;identit\u00e9 visuelle de la concession.<\/strong><\/p>\n<figure id=\"attachment_9533\" aria-describedby=\"caption-attachment-9533\" style=\"width: 396px\" class=\"wp-caption aligncenter\"><a href=\"https:\/\/www.franceabris.com\/58-abri-voiture-toile\"><img decoding=\"async\" loading=\"lazy\" class=\"wp-image-9533 size-full\" style=\"border: 1px solid #000000;\" src=\"https:\/\/www.franceabris.com\/BLOG\/wp-content\/uploads\/2019\/03\/abri-m\u00e9tal-toile-pro-1.jpg\" alt=\"abri toile haut de gamme pro\" width=\"396\" height=\"290\" srcset=\"https:\/\/www.franceabris.com\/BLOG\/wp-content\/uploads\/2019\/03\/abri-m\u00e9tal-toile-pro-1.jpg 396w, https:\/\/www.franceabris.com\/BLOG\/wp-content\/uploads\/2019\/03\/abri-m\u00e9tal-toile-pro-1-134x98.jpg 134w, https:\/\/www.franceabris.com\/BLOG\/wp-content\/uploads\/2019\/03\/abri-m\u00e9tal-toile-pro-1-328x240.jpg 328w\" sizes=\"(max-width: 396px) 100vw, 396px\" \/><\/a><figcaption id=\"caption-attachment-9533\" class=\"wp-caption-text\">Un carport double en toile tendue PVC, qualit\u00e9 professionnelle ! (Disponible sous l&rsquo;ID 309 sur FRANCE ABRIS)<\/figcaption><\/figure>\n<h3>Customisation et personnalisation des projets d&rsquo;abris et de couvertures<\/h3>\n<p style=\"text-align: justify;\">Enfin, \u00e0 l&rsquo;heure de <strong>choisir ses diff\u00e9rentes structures d&rsquo;abris et de couvertures, il ne faudra pas uniquement se concentrer sur les questions de profils et de mat\u00e9riaux des kits.<\/strong> Non, il sera aussi n\u00e9cessaire de se projeter dans la customisation de votre projet sans omettre le moindre d\u00e9tail. La question de l&rsquo;\u00e9clairage, par exemple, forc\u00e9ment essentielle puisque impactant la perception visuelle de vos v\u00e9hicules. Celle des cloisons pour vos diff\u00e9rents mod\u00e8les\u2026<\/p>\n<p style=\"text-align: justify;\">Bref, pour en savoir plus, une seule solution : contacter l&rsquo;\u00e9quipe commerciale de FRANCE ABRIS au\u00a009 72 16 47 82 (appel gratuit) !<\/p>\n","protected":false},"excerpt":{"rendered":"<p>Quand on est professionnel, bien choisir ses abris peut permettre de faciliter, au quotidien, de nombreux aspects logistiques. C&rsquo;est une v\u00e9rit\u00e9 qui ne se d\u00e9ment pas. Pour un concessionnaire auto, c&rsquo;est peut-\u00eatre m\u00eame l&rsquo;identit\u00e9 et l&rsquo;image de l&rsquo;entreprise qui d\u00e9pendent de ce choix ! Et oui, lorsqu&rsquo;on est amen\u00e9 \u00e0 \u00ab\u00a0manier\u00a0\u00bb un gros volume de &hellip; <a href=\"https:\/\/www.franceabris.com\/BLOG\/quels-kits-dabris-et-de-carports-pour-votre-concessionnaire-auto\/\" class=\"more-link\">Continuer la lecture de <span class=\"screen-reader-text\">Quels kits d&rsquo;abris et de carports pour votre concessionnaire auto ?<\/span><\/a><\/p>\n","protected":false},"author":2,"featured_media":6174,"comment_status":"closed","ping_status":"closed","sticky":false,"template":"","format":"standard","meta":[],"categories":[1],"tags":[],"_links":{"self":[{"href":"https:\/\/www.franceabris.com\/BLOG\/wp-json\/wp\/v2\/posts\/9531"}],"collection":[{"href":"https:\/\/www.franceabris.com\/BLOG\/wp-json\/wp\/v2\/posts"}],"about":[{"href":"https:\/\/www.franceabris.com\/BLOG\/wp-json\/wp\/v2\/types\/post"}],"author":[{"embeddable":true,"href":"https:\/\/www.franceabris.com\/BLOG\/wp-json\/wp\/v2\/users\/2"}],"replies":[{"embeddable":true,"href":"https:\/\/www.franceabris.com\/BLOG\/wp-json\/wp\/v2\/comments?post=9531"}],"version-history":[{"count":0,"href":"https:\/\/www.franceabris.com\/BLOG\/wp-json\/wp\/v2\/posts\/9531\/revisions"}],"wp:featuredmedia":[{"embeddable":true,"href":"https:\/\/www.franceabris.com\/BLOG\/wp-json\/wp\/v2\/media\/6174"}],"wp:attachment":[{"href":"https:\/\/www.franceabris.com\/BLOG\/wp-json\/wp\/v2\/media?parent=9531"}],"wp:term":[{"taxonomy":"category","embeddable":true,"href":"https:\/\/www.franceabris.com\/BLOG\/wp-json\/wp\/v2\/categories?post=9531"},{"taxonomy":"post_tag","embeddable":true,"href":"https:\/\/www.franceabris.com\/BLOG\/wp-json\/wp\/v2\/tags?post=9531"}],"curies":[{"name":"wp","href":"https:\/\/api.w.org\/{rel}","templated":true}]}}