{"id":9573,"date":"2019-02-10T06:06:19","date_gmt":"2019-02-10T05:06:19","guid":{"rendered":"https:\/\/www.franceabris.com\/BLOG\/?p=9573"},"modified":"2026-03-18T16:10:33","modified_gmt":"2026-03-18T15:10:33","slug":"des-idees-pour-bien-traiter-le-bois-de-son-abri-de-jardin","status":"publish","type":"post","link":"https:\/\/www.franceabris.com\/BLOG\/des-idees-pour-bien-traiter-le-bois-de-son-abri-de-jardin\/","title":{"rendered":"Des id\u00e9es pour bien traiter le bois de son abri de jardin"},"content":{"rendered":"<p style=\"text-align: justify;\">Vous le savez s\u00fbrement\u00a0: les kits en bois disponibles sur FRANCE ABRIS doivent \u00eatre trait\u00e9s r\u00e9guli\u00e8rement. R\u00e9guli\u00e8rement, mais pas fr\u00e9quemment, puisqu&rsquo;il s&rsquo;agira de traiter la structure tous les deux ou trois ans. <strong>Ce traitement de votre cabanon ou de votre charpente doit intervenir en amont, avant m\u00eame de proc\u00e9der au montage.\u00a0<\/strong><\/p>\n<p style=\"text-align: justify;\">L&rsquo;objectif, il est simple : <strong>faire en sorte que la dur\u00e9e de vie de votre cabane en bois s&rsquo;\u00e9tende sur de longues et nombreuses ann\u00e9es.<\/strong> Car ce traitement vise \u00e0 prot\u00e9ger le bois des agressions des insectes et de l&rsquo;humidit\u00e9. Faire en sorte que ce mat\u00e9riau vivant ne souffre pas des intemp\u00e9ries, ni ne soit malmen\u00e9 au quotidien. Quelques explications pour bien comprendre le traitement du bois.<\/p>\n<p style=\"text-align: justify;\"><strong>&#8211; <\/strong><a href=\"https:\/\/www.franceabris.com\/107-abri-jardin-bois\" target=\"_blank\" rel=\"noopener\"><span style=\"color: #ff9900;\">Des abris de jardin en bois<\/span><\/a> sont disponibles sur FRANCE ABRIS,<a href=\"https:\/\/www.franceabris.com\/80-abri-voiture-bois\" target=\"_blank\" rel=\"noopener\"><span style=\"color: #ff9900;\"> tout comme des carports autoclaves\u00a0<\/span><\/a>et <a href=\"https:\/\/www.franceabris.com\/109-charpente-bois-en-kit-abris-bois-a-couvrir\" target=\"_blank\" rel=\"noopener\"><span style=\"color: #ff9900;\">des ossatures en bois Douglas<\/span><\/a>\u2026<\/p>\n<h2 style=\"text-align: justify;\">Pourquoi traiter le bois de son abri de jardin en kit ?<\/h2>\n<p style=\"text-align: justify;\">Lorsqu&rsquo;une structure en bois est amen\u00e9e \u00e0 supporter l&rsquo;humidit\u00e9 d&rsquo;un climat peu cl\u00e9ment ou des averses impromptues, elle risque d&rsquo;\u00eatre peu \u00e0 peu \u00e0 touch\u00e9e par des champignons qui vont la fragiliser.<strong> C&rsquo;est le cas d\u00e8s lors que l&rsquo;abri en question est confront\u00e9 \u00e0 un taux d&rsquo;humidit\u00e9 de 20% ou plus<\/strong> durant des p\u00e9riodes prolong\u00e9es. Autant dire qu&rsquo;il s&rsquo;agit d&rsquo;une situation que vous rencontrerez immanquablement en France quelle que soit votre implantation g\u00e9ographique .<\/p>\n<h3 style=\"text-align: justify;\">Attention aux champignons\u2026 et aux insectes qui grignotent votre abri !<\/h3>\n<p style=\"text-align: justify;\">Par ailleurs, le bois peut aussi \u00eatre la proie d&rsquo;insectes xylophages. Comprenez, ces petites b\u00eates <strong>qui adorent grignoter des essences en tout genre, se nourrissant d&rsquo;aubier et de duramen\u2026<\/strong> Et qui ont justement besoin de la pr\u00e9sence de champignons, dans le bois lui-m\u00eame ou dans leur tube digestif pour assimiler le bois. Au stade larvaire, ces insectes se d\u00e9veloppent m\u00eame avec les champignons sus-cit\u00e9s.<\/p>\n<figure id=\"attachment_9529\" aria-describedby=\"caption-attachment-9529\" style=\"width: 396px\" class=\"wp-caption aligncenter\"><a href=\"https:\/\/www.franceabris.com\/109-charpente-bois-en-kit-abris-bois-a-couvrir\"><img decoding=\"async\" loading=\"lazy\" class=\"wp-image-9529 size-full\" style=\"border: 1px solid #000000;\" src=\"https:\/\/www.franceabris.com\/BLOG\/wp-content\/uploads\/2019\/02\/ossature-bois-adoss\u00e9e-2958.jpg\" alt=\"abri terrasse adoss\u00e9 en bois\" width=\"396\" height=\"290\" srcset=\"https:\/\/www.franceabris.com\/BLOG\/wp-content\/uploads\/2019\/02\/ossature-bois-adoss\u00e9e-2958.jpg 396w, https:\/\/www.franceabris.com\/BLOG\/wp-content\/uploads\/2019\/02\/ossature-bois-adoss\u00e9e-2958-134x98.jpg 134w, https:\/\/www.franceabris.com\/BLOG\/wp-content\/uploads\/2019\/02\/ossature-bois-adoss\u00e9e-2958-328x240.jpg 328w\" sizes=\"(max-width: 396px) 100vw, 396px\" \/><\/a><figcaption id=\"caption-attachment-9529\" class=\"wp-caption-text\">Cette ossature est con\u00e7ue dans un bois Douglas naturellement r\u00e9sistant. Disponible sous l&rsquo;ID2958 sur FRANCE ABRIS !<\/figcaption><\/figure>\n<h2 style=\"text-align: justify;\">Comment traiter son cabanon d&rsquo;ext\u00e9rieur en kit ?<\/h2>\n<ol>\n<li style=\"text-align: justify;\">Lorsque vous recevrez votre kit d&rsquo;abri chez vous, il vous faudra, dans un premier temps, en d\u00e9baller les diff\u00e9rents \u00e9l\u00e9ments ; dans un deuxi\u00e8me, les recenser pour vous assurer qu&rsquo;il n&rsquo;en manque pas et qu&rsquo;ils ne soient pas ab\u00eem\u00e9s ; <strong>dans un troisi\u00e8me, les badigeonner de la solution insecticide et fongicide que vous aurez choisie<\/strong> ; et, dans un quatri\u00e8me, pr\u00e9voir une lasure pour pr\u00e9server la teinte du bois de la d\u00e9coloration.<\/li>\n<li style=\"text-align: justify;\">L&rsquo;\u00e9tape qui nous int\u00e9resse plus pr\u00e9cis\u00e9ment est la troisi\u00e8me. Avant de recevoir votre cabanon en kit, vous aurez d\u00fbment <strong>choisi un biocide quelconque dans une grande surface sp\u00e9cialis\u00e9e et en quantit\u00e9 proportionnellement importante \u00e0 la taille de votre abri.<\/strong> Ce biocide, vous en enduirez chaque partie visible et invisible du kit, avant de proc\u00e9der au montage. C&rsquo;est \u00e9videmment essentiel, les insectes et les champignons se glissant l\u00e0 o\u00f9 votre regard ne pourra les rep\u00e9rer imm\u00e9diatement\u2026 Cette op\u00e9ration sera \u00e0 renouveler tous les deux ou trois ans, en fonction du bois et de la qualit\u00e9 choisis.<\/li>\n<li style=\"text-align: justify;\">Pour la quatri\u00e8me \u00e9tape, vous proc\u00e9derez de la m\u00eame fa\u00e7on. Une solution protectrice achet\u00e9e en grande surface, dont vous badigeonnerez votre abri &#8211; apr\u00e8s l&rsquo;avoir mont\u00e9, cette fois-ci. <strong>Si vous pr\u00e9f\u00e9rez opter pour une solution naturelle, vous pourrez utiliser de l&rsquo;huile de lin, peu co\u00fbteuse<\/strong> (mais qui, elle, devra \u00eatre repass\u00e9e chaque ann\u00e9e).<\/li>\n<\/ol>\n<figure id=\"attachment_9575\" aria-describedby=\"caption-attachment-9575\" style=\"width: 396px\" class=\"wp-caption aligncenter\"><a href=\"https:\/\/www.franceabris.com\/107-abri-jardin-bois\"><img decoding=\"async\" loading=\"lazy\" class=\"wp-image-9575 size-full\" style=\"border: 1px solid #000000;\" src=\"https:\/\/www.franceabris.com\/BLOG\/wp-content\/uploads\/2018\/11\/abri-bois-thermotrait\u00e9-3839.jpg\" alt=\"cabanon bois en kit trait\u00e9\" width=\"396\" height=\"290\" srcset=\"https:\/\/www.franceabris.com\/BLOG\/wp-content\/uploads\/2018\/11\/abri-bois-thermotrait\u00e9-3839.jpg 396w, https:\/\/www.franceabris.com\/BLOG\/wp-content\/uploads\/2018\/11\/abri-bois-thermotrait\u00e9-3839-134x98.jpg 134w, https:\/\/www.franceabris.com\/BLOG\/wp-content\/uploads\/2018\/11\/abri-bois-thermotrait\u00e9-3839-328x240.jpg 328w\" sizes=\"(max-width: 396px) 100vw, 396px\" \/><\/a><figcaption id=\"caption-attachment-9575\" class=\"wp-caption-text\">Cet abri de jardin en bois thermo-trait\u00e9 est disponible sous la r\u00e9f\u00e9rence ID3839 sur FRANCE ABRIS.<\/figcaption><\/figure>\n<h2 style=\"text-align: justify;\">Quelles solutions d&rsquo;abris en bois trait\u00e9 pour s&rsquo;\u00e9viter le traitement ?<\/h2>\n<p style=\"text-align: justify;\">Pour les moins bricoleurs, ou ceux qui n&rsquo;ont que tr\u00e8s peu de temps \u00e0 consacrer \u00e0 leur abri &#8211; voire limit\u00e9s dans leurs moyens de d\u00e9placement -, il existe des fa\u00e7ons d&rsquo;\u00e9viter cette fameuse op\u00e9ration du traitement. Il s&rsquo;agira de choisir un cabanon, une structure, un abri D\u00c9J\u00c0 trait\u00e9 : <strong>par exemple, un carport en bois autoclave<\/strong>. <a href=\"https:\/\/www.franceabris.com\/80-abri-voiture-bois\" target=\"_blank\" rel=\"noopener\"><span style=\"color: #ff9900;\">Le traitement autoclave est un traitement industriel<\/span> <\/a>qui vise \u00e0 prot\u00e9ger le bois en profondeur. Les abris autoclave peuvent ainsi \u00eatre mont\u00e9s d\u00e8s leur r\u00e9ception ; seule la lasure reste n\u00e9cessaire. Et le traitement apr\u00e8s trois ans, lorsqu&rsquo;il faudra \u00e0 nouveau prot\u00e9ger votre kit.<\/p>\n<h3>Des carports autoclave, des abris thermo-trait\u00e9s ou des ossatures en bois Douglas<\/h3>\n<p style=\"text-align: justify;\"><strong><a href=\"https:\/\/www.franceabris.com\/107-abri-jardin-bois\" target=\"_blank\" rel=\"noopener\"><span style=\"color: #ff9900;\">D&rsquo;autres abris de jardin sont con\u00e7us en bois thermo-trait\u00e9<\/span><\/a>.<\/strong> Celui-ci est chauff\u00e9 \u00e0 haute-temp\u00e9rature, ce qui modifie sa structure mol\u00e9culaire et le rend imputrescible. Une solution z\u00e9ro souci de tr\u00e8s haute qualit\u00e9 ! Derni\u00e8re possibilit\u00e9 : <strong>s\u00e9lectionner des structures en bois Douglas<\/strong> &#8211;<a href=\"https:\/\/www.franceabris.com\/109-charpente-bois-en-kit-abris-bois-a-couvrir\" target=\"_blank\" rel=\"noopener\"><span style=\"color: #ff9900;\"> comme des ossatures bois<\/span><\/a>. Le Douglas est une essence dont le duramen supporte naturellement des conditions d&rsquo;humidit\u00e9 classe III (correspondant aux conditions d\u00e9crites en d\u00e9but d&rsquo;article). L\u00e0 encore, vous n&rsquo;aurez pas \u00e0 traiter votre ossature !<\/p>\n<figure id=\"attachment_9576\" aria-describedby=\"caption-attachment-9576\" style=\"width: 396px\" class=\"wp-caption aligncenter\"><a href=\"https:\/\/www.franceabris.com\/80-abri-voiture-bois\"><img decoding=\"async\" loading=\"lazy\" class=\"wp-image-9576 size-full\" style=\"border: 1px solid #000000;\" src=\"https:\/\/www.franceabris.com\/BLOG\/wp-content\/uploads\/2018\/11\/carport-autoclave-bois-2239.jpg\" alt=\"carport bois en kit autoclave\" width=\"396\" height=\"290\" srcset=\"https:\/\/www.franceabris.com\/BLOG\/wp-content\/uploads\/2018\/11\/carport-autoclave-bois-2239.jpg 396w, https:\/\/www.franceabris.com\/BLOG\/wp-content\/uploads\/2018\/11\/carport-autoclave-bois-2239-134x98.jpg 134w, https:\/\/www.franceabris.com\/BLOG\/wp-content\/uploads\/2018\/11\/carport-autoclave-bois-2239-328x240.jpg 328w\" sizes=\"(max-width: 396px) 100vw, 396px\" \/><\/a><figcaption id=\"caption-attachment-9576\" class=\"wp-caption-text\">Ce carport voiture est d\u00e9j\u00e0 trait\u00e9 autoclave. Disponible sous la r\u00e9f\u00e9rence ID2239 sur FRANCE ABRIS !<\/figcaption><\/figure>\n<p>&nbsp;<\/p>\n","protected":false},"excerpt":{"rendered":"<p>Vous le savez s\u00fbrement\u00a0: les kits en bois disponibles sur FRANCE ABRIS doivent \u00eatre trait\u00e9s r\u00e9guli\u00e8rement. R\u00e9guli\u00e8rement, mais pas fr\u00e9quemment, puisqu&rsquo;il s&rsquo;agira de traiter la structure tous les deux ou trois ans. Ce traitement de votre cabanon ou de votre charpente doit intervenir en amont, avant m\u00eame de proc\u00e9der au montage.\u00a0 L&rsquo;objectif, il est simple &hellip; <a href=\"https:\/\/www.franceabris.com\/BLOG\/des-idees-pour-bien-traiter-le-bois-de-son-abri-de-jardin\/\" class=\"more-link\">Continuer la lecture de <span class=\"screen-reader-text\">Des id\u00e9es pour bien traiter le bois de son abri de jardin<\/span><\/a><\/p>\n","protected":false},"author":2,"featured_media":9574,"comment_status":"closed","ping_status":"closed","sticky":false,"template":"","format":"standard","meta":[],"categories":[3,4],"tags":[],"_links":{"self":[{"href":"https:\/\/www.franceabris.com\/BLOG\/wp-json\/wp\/v2\/posts\/9573"}],"collection":[{"href":"https:\/\/www.franceabris.com\/BLOG\/wp-json\/wp\/v2\/posts"}],"about":[{"href":"https:\/\/www.franceabris.com\/BLOG\/wp-json\/wp\/v2\/types\/post"}],"author":[{"embeddable":true,"href":"https:\/\/www.franceabris.com\/BLOG\/wp-json\/wp\/v2\/users\/2"}],"replies":[{"embeddable":true,"href":"https:\/\/www.franceabris.com\/BLOG\/wp-json\/wp\/v2\/comments?post=9573"}],"version-history":[{"count":0,"href":"https:\/\/www.franceabris.com\/BLOG\/wp-json\/wp\/v2\/posts\/9573\/revisions"}],"wp:featuredmedia":[{"embeddable":true,"href":"https:\/\/www.franceabris.com\/BLOG\/wp-json\/wp\/v2\/media\/9574"}],"wp:attachment":[{"href":"https:\/\/www.franceabris.com\/BLOG\/wp-json\/wp\/v2\/media?parent=9573"}],"wp:term":[{"taxonomy":"category","embeddable":true,"href":"https:\/\/www.franceabris.com\/BLOG\/wp-json\/wp\/v2\/categories?post=9573"},{"taxonomy":"post_tag","embeddable":true,"href":"https:\/\/www.franceabris.com\/BLOG\/wp-json\/wp\/v2\/tags?post=9573"}],"curies":[{"name":"wp","href":"https:\/\/api.w.org\/{rel}","templated":true}]}}