{"id":9626,"date":"2019-02-24T06:06:26","date_gmt":"2019-02-24T05:06:26","guid":{"rendered":"https:\/\/www.franceabris.com\/BLOG\/?p=9626"},"modified":"2026-03-18T16:26:47","modified_gmt":"2026-03-18T15:26:47","slug":"pourquoi-monter-votre-abri-de-jardin-sur-une-dalle-en-beton","status":"publish","type":"post","link":"https:\/\/www.franceabris.com\/BLOG\/pourquoi-monter-votre-abri-de-jardin-sur-une-dalle-en-beton\/","title":{"rendered":"Pourquoi monter votre abri de jardin sur une dalle en b\u00e9ton ?"},"content":{"rendered":"<p style=\"text-align: justify;\"><strong>La question de la dalle en b\u00e9ton revient souvent sur la table<\/strong> lorsque nous discutons avec des clients. Est-elle obligatoire ? Peut-on s&rsquo;en passer ? Qu&rsquo;apporte-t-elle concr\u00e8tement ?<\/p>\n<p style=\"text-align: justify;\">Si, pour certains, les r\u00e9ponses \u00e0 ces questions sont marqu\u00e9es du sceau de l&rsquo;\u00e9vidence, d&rsquo;autres ont bien plus d&rsquo;incertitudes. <strong>FRANCE ABRIS va tenter d&rsquo;apporter ses propres \u00e9l\u00e9ments d&rsquo;information.<\/strong><\/p>\n<p style=\"text-align: justify;\">Des informations li\u00e9es \u00e0 certains de nos produits &#8211; r\u00e9clamant ou non une dalle b\u00e9ton &#8211; et aux caract\u00e9ristiques bien particuli\u00e8res de la ma\u00e7onnerie <strong>dans le cadre d&rsquo;un abri de jardin.<\/strong><\/p>\n<p style=\"text-align: justify;\"><strong>&#8211;<\/strong> <span style=\"color: #ff9900;\"><a style=\"color: #ff9900;\" href=\"https:\/\/www.franceabris.com\/10-abri-jardin\" target=\"_blank\" rel=\"noopener noreferrer\">Jetez un coup d&rsquo;oeil aux abris de jardin de FRANCE ABRIS !<\/a><\/span><\/p>\n<h2 style=\"text-align: justify;\">Pourquoi la dalle b\u00e9ton pour un abri de jardin ?<\/h2>\n<ol style=\"text-align: justify;\">\n<li style=\"list-style-type: none;\">\n<ol style=\"text-align: justify;\">\n<li><strong>Pour un ancrage solide de l&rsquo;abri en kit<\/strong><br \/>\nC&rsquo;est l&rsquo;\u00e9vidence : si vous montez votre cabanon de jardin, qu&rsquo;il soit en bois, en m\u00e9tal ou en PVC, sur la terre nue, sans accroches particuli\u00e8res, il risque d&rsquo;\u00eatre emport\u00e9 au moindre coup de vent. L&rsquo;installation sur dalle b\u00e9ton via un kit d&rsquo;ancrage souvent fourni avec l&rsquo;abri vous permettra, justement, de l&rsquo;ancrer. Prises dans le b\u00e9ton, <strong>les fixations permettront \u00e0 votre cabane de jardin de tenir face \u00e0 toutes les m\u00e9t\u00e9os<\/strong>, dont des vents plus ou moins violents.<\/li>\n<li><strong>Pour une \u00e9tanch\u00e9it\u00e9 efficace<\/strong><br \/>\nLorsqu&rsquo;on ach\u00e8te <strong>un abri de jardin en kit pour y faire du stockage<\/strong> ou y entreposer du mat\u00e9riel, il va sans dire qu&rsquo;on pr\u00e9f\u00e8re se pr\u00e9munir de toute inondation. C&rsquo;est aussi l&rsquo;int\u00e9r\u00eat de la dalle b\u00e9ton : elle pr\u00e9vient les remont\u00e9es d&rsquo;humidit\u00e9 par le sol. De quoi \u00e9viter de se retrouver pris dans un bourbier \u00e0 la moindre averse ! Et d&rsquo;offrir une meilleure stabilit\u00e9 d&rsquo;ensemble au kit, que le plancher soit inclus ou non.<\/li>\n<li><strong>Pour des questions d&rsquo;assurance<\/strong><br \/>\n<span style=\"color: #ff9900;\"><a style=\"color: #ff9900;\" href=\"https:\/\/www.franceabris.com\/BLOG\/guide\/comment-assurer-mon-abri-de-jardin\/\" target=\"_blank\" rel=\"noopener noreferrer\">L&rsquo;assurance d&rsquo;un abri de jardin n&rsquo;est pas une chose ais\u00e9e<\/a><\/span> &#8211; nous le rappelions dans un pr\u00e9c\u00e9dent article \u00e0 ce sujet. Si vous souhaitez inclure votre cabanon dans une garantie \u00ab\u00a0d\u00e9pendances\u00a0\u00bb de votre assurance habitation ou si votre assurance multirisques habitation inclus d\u00e9j\u00e0 cette garantie, pour pouvoir en profiter, la dalle b\u00e9ton est g\u00e9n\u00e9ralement une n\u00e9cessit\u00e9. Que ce soit pour l&rsquo;assurer contre de quelconques sinistres ou contre le vol : <strong>votre assureur r\u00e9clamera que votre abri soit install\u00e9 sur ma\u00e7onnerie<\/strong>. Pour le reste, c&rsquo;est \u00e0 vous de vous renseigner, \u00e9videmment, pour avoir les d\u00e9tails de votre contrat et envisager les diff\u00e9rentes possibilit\u00e9s, chaque assureur et chaque contrat ayant ses sp\u00e9cificit\u00e9s.<\/li>\n<\/ol>\n<\/li>\n<\/ol>\n<figure id=\"attachment_9629\" aria-describedby=\"caption-attachment-9629\" style=\"width: 396px\" class=\"wp-caption aligncenter\"><a href=\"https:\/\/www.franceabris.com\/107-abri-jardin-bois\"><img decoding=\"async\" loading=\"lazy\" class=\"wp-image-9629 size-full\" style=\"border: 1px solid #000000;\" src=\"https:\/\/www.franceabris.com\/BLOG\/wp-content\/uploads\/2018\/12\/abri-de-jardin-kit-en-bois-thermotrait\u00e9.jpg\" alt=\"cabane de jardin bois\" width=\"396\" height=\"290\" srcset=\"https:\/\/www.franceabris.com\/BLOG\/wp-content\/uploads\/2018\/12\/abri-de-jardin-kit-en-bois-thermotrait\u00e9.jpg 396w, https:\/\/www.franceabris.com\/BLOG\/wp-content\/uploads\/2018\/12\/abri-de-jardin-kit-en-bois-thermotrait\u00e9-134x98.jpg 134w, https:\/\/www.franceabris.com\/BLOG\/wp-content\/uploads\/2018\/12\/abri-de-jardin-kit-en-bois-thermotrait\u00e9-328x240.jpg 328w\" sizes=\"(max-width: 396px) 100vw, 396px\" \/><\/a><figcaption id=\"caption-attachment-9629\" class=\"wp-caption-text\">Un abri de jardin en bois thermo-trait\u00e9 qui se monte sur une dalle en b\u00e9ton (disponible sous la r\u00e9f\u00e9rence ID3835 sur FRANCE ABRIS).<\/figcaption><\/figure>\n<h2 style=\"text-align: justify;\">Quelles sont les autres possibilit\u00e9s pour votre cabane de jardin ?<\/h2>\n<p style=\"text-align: justify;\"><strong>Si vous \u00eates un peu bricoleur, la dalle b\u00e9ton ne vous fera pas peur.<\/strong> FRANCE ABRIS pourra vous fournir un plan de soubassement afin de vous faciliter la t\u00e2che. Pour le reste, vous coulerez votre dalle selon une proc\u00e9dure bien connue &#8211; que nous ne red\u00e9taillerons pas l\u00e0, <span style=\"color: #ff9900;\"><a style=\"color: #ff9900;\" href=\"https:\/\/www.franceabris.com\/BLOG\/guide\/comment-realiser-une-dalle-beton\/\" target=\"_blank\" rel=\"noopener noreferrer\">mais sur laquelle vous pouvez vous renseigner dans cet article<\/a><\/span>.<\/p>\n<h3>Des abris en kit sur plots<\/h3>\n<p style=\"text-align: justify;\">Mais il va sans dire que la dalle b\u00e9ton a ses inconv\u00e9nients : peu \u00e9cologique, elle b\u00e9tonne une surface plus ou moins importante et, ce, pour de longues ann\u00e9es &#8211; la dalle n&rsquo;a pas vraiment un caract\u00e8re temporaire\u2026 Il existe une alternative : <strong>les plots, qui peuvent \u00eatre privil\u00e9gi\u00e9s lorsque votre abri de jardin est \u00e9quip\u00e9 d&rsquo;un plancher<\/strong>. Sur ces plots, dispos\u00e9s r\u00e9guli\u00e8rement sous l&rsquo;abri, vous disposerez une ossature de plancher : votre abri sera l\u00e9g\u00e8rement sur\u00e9lev\u00e9, mais le sol, dessous, sera de terre et non de b\u00e9ton !<\/p>\n<figure id=\"attachment_9627\" aria-describedby=\"caption-attachment-9627\" style=\"width: 396px\" class=\"wp-caption aligncenter\"><a href=\"https:\/\/www.franceabris.com\/12-abri-jardin-pvc\"><img decoding=\"async\" loading=\"lazy\" class=\"wp-image-9627 size-full\" style=\"border: 1px solid #000000;\" src=\"https:\/\/www.franceabris.com\/BLOG\/wp-content\/uploads\/2018\/12\/abri-de-jardin-PVC-1489.jpg\" alt=\"abri de jardin sans dalle\" width=\"396\" height=\"290\" srcset=\"https:\/\/www.franceabris.com\/BLOG\/wp-content\/uploads\/2018\/12\/abri-de-jardin-PVC-1489.jpg 396w, https:\/\/www.franceabris.com\/BLOG\/wp-content\/uploads\/2018\/12\/abri-de-jardin-PVC-1489-134x98.jpg 134w, https:\/\/www.franceabris.com\/BLOG\/wp-content\/uploads\/2018\/12\/abri-de-jardin-PVC-1489-328x240.jpg 328w\" sizes=\"(max-width: 396px) 100vw, 396px\" \/><\/a><figcaption id=\"caption-attachment-9627\" class=\"wp-caption-text\">Un abri de jardin en r\u00e9sine PVC, sans dalle b\u00e9ton ! (Disponible sous la r\u00e9f\u00e9rence ID1489 sur FRANCE ABRIS)<\/figcaption><\/figure>\n<h3>Des abris mont\u00e9s sur embase m\u00e9tallique<\/h3>\n<p style=\"text-align: justify;\">C&rsquo;est aussi l&rsquo;avantage de <span style=\"color: #ff9900;\"><a style=\"color: #ff9900;\" href=\"https:\/\/www.franceabris.com\/BLOG\/abri-sans-dalle-beton\/\" target=\"_blank\" rel=\"noopener noreferrer\">certains cabanons de jardin disponibles sur FRANCE ABRIS<\/a><\/span>. <strong>Vendus avec une embase m\u00e9tallique, ils peuvent \u00eatre mont\u00e9s sans dalle b\u00e9ton<\/strong> &#8211; cela concerne g\u00e9n\u00e9ralement des kits de petite taille. Cette embase pourra \u00eatre maintenue au sol de deux fa\u00e7ons : avec des plots en nombre r\u00e9duit, \u00e0 la diff\u00e9rence de la m\u00e9thode ci-dessus, plac\u00e9s aux quatre coins de l&rsquo;ossature ; ou avec des piquets. Si vous \u00eates int\u00e9ress\u00e9 par une m\u00e9thode ou une autre, n&rsquo;h\u00e9sitez pas \u00e0 contacter notre \u00e9quipe commerciale au 09 72 16 47 82 qui saura vous orienter vers les produits les plus adapt\u00e9s !<\/p>\n","protected":false},"excerpt":{"rendered":"<p>La question de la dalle en b\u00e9ton revient souvent sur la table lorsque nous discutons avec des clients. Est-elle obligatoire ? Peut-on s&rsquo;en passer ? Qu&rsquo;apporte-t-elle concr\u00e8tement ? Si, pour certains, les r\u00e9ponses \u00e0 ces questions sont marqu\u00e9es du sceau de l&rsquo;\u00e9vidence, d&rsquo;autres ont bien plus d&rsquo;incertitudes. FRANCE ABRIS va tenter d&rsquo;apporter ses propres \u00e9l\u00e9ments &hellip; <a href=\"https:\/\/www.franceabris.com\/BLOG\/pourquoi-monter-votre-abri-de-jardin-sur-une-dalle-en-beton\/\" class=\"more-link\">Continuer la lecture de <span class=\"screen-reader-text\">Pourquoi monter votre abri de jardin sur une dalle en b\u00e9ton ?<\/span><\/a><\/p>\n","protected":false},"author":2,"featured_media":9628,"comment_status":"closed","ping_status":"closed","sticky":false,"template":"","format":"standard","meta":[],"categories":[3],"tags":[],"_links":{"self":[{"href":"https:\/\/www.franceabris.com\/BLOG\/wp-json\/wp\/v2\/posts\/9626"}],"collection":[{"href":"https:\/\/www.franceabris.com\/BLOG\/wp-json\/wp\/v2\/posts"}],"about":[{"href":"https:\/\/www.franceabris.com\/BLOG\/wp-json\/wp\/v2\/types\/post"}],"author":[{"embeddable":true,"href":"https:\/\/www.franceabris.com\/BLOG\/wp-json\/wp\/v2\/users\/2"}],"replies":[{"embeddable":true,"href":"https:\/\/www.franceabris.com\/BLOG\/wp-json\/wp\/v2\/comments?post=9626"}],"version-history":[{"count":0,"href":"https:\/\/www.franceabris.com\/BLOG\/wp-json\/wp\/v2\/posts\/9626\/revisions"}],"wp:featuredmedia":[{"embeddable":true,"href":"https:\/\/www.franceabris.com\/BLOG\/wp-json\/wp\/v2\/media\/9628"}],"wp:attachment":[{"href":"https:\/\/www.franceabris.com\/BLOG\/wp-json\/wp\/v2\/media?parent=9626"}],"wp:term":[{"taxonomy":"category","embeddable":true,"href":"https:\/\/www.franceabris.com\/BLOG\/wp-json\/wp\/v2\/categories?post=9626"},{"taxonomy":"post_tag","embeddable":true,"href":"https:\/\/www.franceabris.com\/BLOG\/wp-json\/wp\/v2\/tags?post=9626"}],"curies":[{"name":"wp","href":"https:\/\/api.w.org\/{rel}","templated":true}]}}