{"id":9703,"date":"2019-06-22T06:06:13","date_gmt":"2019-06-22T05:06:13","guid":{"rendered":"https:\/\/www.franceabris.com\/BLOG\/?p=9703"},"modified":"2019-01-15T18:14:11","modified_gmt":"2019-01-15T17:14:11","slug":"plus-de-lumiere-dans-mon-abri-de-jardin","status":"publish","type":"post","link":"https:\/\/www.franceabris.com\/BLOG\/plus-de-lumiere-dans-mon-abri-de-jardin\/","title":{"rendered":"Plus de lumi\u00e8re dans mon abri de jardin !"},"content":{"rendered":"<p style=\"text-align: justify;\">La lumi\u00e8re. On n&rsquo;y pense pas toujours et pourtant\u2026 Oui, la luminosit\u00e9 \u00e0 l&rsquo;int\u00e9rieur de son abri de jardin peut devenir probl\u00e9matique. Tout du moins\u2026 son manque. Car l&rsquo;absence de lumi\u00e8re peut \u00e9videmment vous emp\u00eacher de travailler ou bricoler correctement. <strong>Et qu&rsquo;il n&rsquo;est pas forc\u00e9ment facile d&rsquo;adjoindre \u00e0 son cabanon d&rsquo;ext\u00e9rieur une source de lumi\u00e8re efficace.<\/strong><\/p>\n<p style=\"text-align: justify;\">FRANCE ABRIS vous propose plusieurs solutions pour rem\u00e9dier \u00e0 ce probl\u00e8me. La premi\u00e8re ? C&rsquo;est l&rsquo;\u00e9vidence : les fen\u00eatres. In\u00e9vitablement, opter pour un abri de jardin en kit muni d&rsquo;ouvertures permet de contourner ce probl\u00e8me de luminosit\u00e9.<strong> Les skylights dont certaines cabanes en kit sont munies participent de la m\u00eame d\u00e9marche\u2026<\/strong> Tout comme les ouvertures que proposent certaines portes ou doubles portes.<\/p>\n<p style=\"text-align: justify;\">Explications.<\/p>\n<p style=\"text-align: justify;\"><strong>&#8211;<\/strong> <span style=\"color: #ff9900;\"><a style=\"color: #ff9900;\" href=\"https:\/\/www.franceabris.com\/10-abri-jardin\" target=\"_blank\" rel=\"noopener\">Des abris de jardin avec skylights et fen\u00eatres, il y en a des dizaines dans cette gamme sur FRANCE ABRIS !<\/a><\/span><\/p>\n<h2 style=\"text-align: justify;\">Quelles sources de lumi\u00e8re pour votre abri de jardin ?<\/h2>\n<p style=\"text-align: justify;\"><strong>La lumi\u00e8re dans un abri, ce n&rsquo;est pas une chose anodine<\/strong>. Lorsqu&rsquo;on a install\u00e9 dans son jardin un kit afin de pouvoir bricoler \u00e0 l&rsquo;abri, en toute tranquillit\u00e9, il va sans dire qu&rsquo;on a besoin d&rsquo;un peu de lumi\u00e8re. En journ\u00e9e, laisser la porte grande ouverte peut suffire &#8211; et encore, une lumi\u00e8re verticale peut s&rsquo;av\u00e9rer n\u00e9cessaire plut\u00f4t que la lumi\u00e8re indirecte de l&rsquo;ext\u00e9rieur ; mais lorsque les journ\u00e9es se raccourcissent, que le soir approche ou que la m\u00e9t\u00e9o se montre capricieuse\u2026<\/p>\n<h3>L&rsquo;\u00e9lectricit\u00e9, un imp\u00e9ratif dans les cabanons de bricolage ?<\/h3>\n<p style=\"text-align: justify;\">C&rsquo;est \u00e0 ce moment-l\u00e0 qu&rsquo;on appr\u00e9cie une source de lumi\u00e8re suppl\u00e9mentaire. <strong>Cette source, ce peut \u00eatre l&rsquo;installation de l&rsquo;\u00e9lectricit\u00e9 dans votre abri de jardin.<\/strong> Cela n\u00e9cessite quelques travaux et des am\u00e9nagements, certes, mais si vous \u00eates en mesure de le faire, on ne peut que vous le conseiller. En bons bricoleurs, vous en verrez tout de suite l&rsquo;int\u00e9r\u00eat : non seulement vous pourrez installer les luminaires et plafonniers de votre choix, mais vous vous \u00e9viterez, en plus, les habituelles rallonges, n\u00e9cessaires d\u00e8s qu&rsquo;il vous fallait auparavant user de la perceuse.<\/p>\n<figure id=\"attachment_9706\" aria-describedby=\"caption-attachment-9706\" style=\"width: 396px\" class=\"wp-caption aligncenter\"><a href=\"https:\/\/www.franceabris.com\/10-abri-jardin\"><img decoding=\"async\" loading=\"lazy\" class=\"wp-image-9706 size-full\" style=\"border: 1px solid #000000;\" src=\"https:\/\/www.franceabris.com\/BLOG\/wp-content\/uploads\/2019\/01\/2715-puit-de-lumi\u00e8re-pour-cet-abri-pvc.jpg\" alt=\"abri PVC grandes ouvertures\" width=\"396\" height=\"290\" srcset=\"https:\/\/www.franceabris.com\/BLOG\/wp-content\/uploads\/2019\/01\/2715-puit-de-lumi\u00e8re-pour-cet-abri-pvc.jpg 396w, https:\/\/www.franceabris.com\/BLOG\/wp-content\/uploads\/2019\/01\/2715-puit-de-lumi\u00e8re-pour-cet-abri-pvc-134x98.jpg 134w, https:\/\/www.franceabris.com\/BLOG\/wp-content\/uploads\/2019\/01\/2715-puit-de-lumi\u00e8re-pour-cet-abri-pvc-328x240.jpg 328w\" sizes=\"(max-width: 396px) 100vw, 396px\" \/><\/a><figcaption id=\"caption-attachment-9706\" class=\"wp-caption-text\">Porte double et vitr\u00e9e, skylight int\u00e9gr\u00e9 ; cet abri PVC, disponible sous la r\u00e9f\u00e9rence ID2715 sur FRANCE ABRIS, offre une bonne luminosit\u00e9 naturelle.<\/figcaption><\/figure>\n<h2 style=\"text-align: justify;\">Des solutions pour une luminosit\u00e9 naturelle dans le cabanon<\/h2>\n<p style=\"text-align: justify;\"><strong>Mais des mod\u00e8les d&rsquo;abris de jardin sp\u00e9cifiques vous permettront d&rsquo;\u00e9viter cette probl\u00e9matique d\u00e8s l&rsquo;achat.<\/strong> M\u00eame si rien ne vous emp\u00eachera d&rsquo;installer l&rsquo;\u00e9lectricit\u00e9 dans votre cabanon ult\u00e9rieurement, vous pourrez, en attendant, oeuvrer sans mettre vos yeux au supplice\u2026 C&rsquo;est le cas, par exemple, des abris en kit avec skylight. Munis de puits de lumi\u00e8re, situ\u00e9s en des endroits divers de la couverture, fabriqu\u00e9s en plexiglas, ils laissent la lumi\u00e8re naturelle passer tout en freinant les rayons ultraviolets.<\/p>\n<p style=\"text-align: justify;\">L&rsquo;avantage <strong>de ces puits de lumi\u00e8re ?<\/strong> L&rsquo;orientation lumineuse, verticale, qui permet d&rsquo;\u00e9viter ou de limiter les probl\u00e8mes d&rsquo;ombre durant le bricolage.<\/p>\n<figure id=\"attachment_9708\" aria-describedby=\"caption-attachment-9708\" style=\"width: 396px\" class=\"wp-caption aligncenter\"><a href=\"https:\/\/www.franceabris.com\/10-abri-jardin\"><img decoding=\"async\" loading=\"lazy\" class=\"wp-image-9708 size-full\" style=\"border: 1px solid #000000;\" src=\"https:\/\/www.franceabris.com\/BLOG\/wp-content\/uploads\/2019\/01\/3456-abri-de-jardin-adossable.jpg\" alt=\"abri en kit r\u00e9sine avec skylight\" width=\"396\" height=\"290\" srcset=\"https:\/\/www.franceabris.com\/BLOG\/wp-content\/uploads\/2019\/01\/3456-abri-de-jardin-adossable.jpg 396w, https:\/\/www.franceabris.com\/BLOG\/wp-content\/uploads\/2019\/01\/3456-abri-de-jardin-adossable-134x98.jpg 134w, https:\/\/www.franceabris.com\/BLOG\/wp-content\/uploads\/2019\/01\/3456-abri-de-jardin-adossable-328x240.jpg 328w\" sizes=\"(max-width: 396px) 100vw, 396px\" \/><\/a><figcaption id=\"caption-attachment-9708\" class=\"wp-caption-text\">Cet abri en r\u00e9sine PVC, disponible sous la r\u00e9f\u00e9rence ID3456 sur FRANCE ABRIS, est muni d&rsquo;une couverture en plexiglas, en forme de skylight int\u00e9gral.<\/figcaption><\/figure>\n<h3>Des abris en kit avec de nombreuses fen\u00eatres<\/h3>\n<p style=\"text-align: justify;\"><strong>Vous pouvez aussi envisager un abri en kit nanti de nombreuses ouvertures.<\/strong> Des fen\u00eatres sur plusieurs parois lat\u00e9rales, pour multiplier les sources lumineuses\u2026 \u00c9videmment, ce sera peut-\u00eatre la s\u00e9curit\u00e9 de l&rsquo;abri ou l&rsquo;isolation thermique de ce dernier qui risque d&rsquo;en p\u00e2tir. \u00c0 voir, selon la r\u00e9gion o\u00f9 vous \u00eates implant\u00e9s et les conditions climatiques que vous rencontrez au quotidien\u2026<\/p>\n<h3>Doubles portes vitr\u00e9es pour les kits d&rsquo;abri ext\u00e9rieur<\/h3>\n<p style=\"text-align: justify;\">M\u00eame chose pour les portes. Certains abris n&rsquo;ont qu&rsquo;une porte simple et pleine, ce qui est rassurant sur le plan de la s\u00e9curit\u00e9, mais limite sacr\u00e9ment les possibilit\u00e9s d&rsquo;\u00e9clairage. D&rsquo;autres ont, \u00e0 l&rsquo;inverse, <strong>des doubles portes avec de grandes baies vitr\u00e9es<\/strong> : un atout forc\u00e9ment appr\u00e9ciable, qui permettra de laisser les portes closes (pour plus de discr\u00e9tion, \u00e9viter que des bourrasques de vent ne perturbe votre travail\u2026), tout en b\u00e9n\u00e9ficiant d&rsquo;un peu de lumi\u00e8re ext\u00e9rieure.<\/p>\n<figure id=\"attachment_9707\" aria-describedby=\"caption-attachment-9707\" style=\"width: 396px\" class=\"wp-caption aligncenter\"><a href=\"https:\/\/www.franceabris.com\/10-abri-jardin\"><img decoding=\"async\" loading=\"lazy\" class=\"wp-image-9707 size-full\" style=\"border: 1px solid #000000;\" src=\"https:\/\/www.franceabris.com\/BLOG\/wp-content\/uploads\/2019\/01\/3069-chalet-bois-avec-double-porte.jpg\" alt=\"cabane de jardin\" width=\"396\" height=\"290\" srcset=\"https:\/\/www.franceabris.com\/BLOG\/wp-content\/uploads\/2019\/01\/3069-chalet-bois-avec-double-porte.jpg 396w, https:\/\/www.franceabris.com\/BLOG\/wp-content\/uploads\/2019\/01\/3069-chalet-bois-avec-double-porte-134x98.jpg 134w, https:\/\/www.franceabris.com\/BLOG\/wp-content\/uploads\/2019\/01\/3069-chalet-bois-avec-double-porte-328x240.jpg 328w\" sizes=\"(max-width: 396px) 100vw, 396px\" \/><\/a><figcaption id=\"caption-attachment-9707\" class=\"wp-caption-text\">Une double porte en bois avec deux belles ouvertures : ce chalet en bois, disponible sous la r\u00e9f\u00e9rence ID3069 sur FRANCE ABRIS, offre une belle luminosit\u00e9.<\/figcaption><\/figure>\n<p style=\"text-align: justify;\">Choisissez votre camp et votre solution privil\u00e9gi\u00e9e selon l&rsquo;activit\u00e9 que vous d\u00e9diez \u00e0 cet abri de jardin !<\/p>\n","protected":false},"excerpt":{"rendered":"<p>La lumi\u00e8re. On n&rsquo;y pense pas toujours et pourtant\u2026 Oui, la luminosit\u00e9 \u00e0 l&rsquo;int\u00e9rieur de son abri de jardin peut devenir probl\u00e9matique. Tout du moins\u2026 son manque. Car l&rsquo;absence de lumi\u00e8re peut \u00e9videmment vous emp\u00eacher de travailler ou bricoler correctement. Et qu&rsquo;il n&rsquo;est pas forc\u00e9ment facile d&rsquo;adjoindre \u00e0 son cabanon d&rsquo;ext\u00e9rieur une source de lumi\u00e8re &hellip; <a href=\"https:\/\/www.franceabris.com\/BLOG\/plus-de-lumiere-dans-mon-abri-de-jardin\/\" class=\"more-link\">Continuer la lecture de <span class=\"screen-reader-text\">Plus de lumi\u00e8re dans mon abri de jardin !<\/span><\/a><\/p>\n","protected":false},"author":2,"featured_media":9704,"comment_status":"closed","ping_status":"closed","sticky":false,"template":"","format":"standard","meta":[],"categories":[3],"tags":[],"_links":{"self":[{"href":"https:\/\/www.franceabris.com\/BLOG\/wp-json\/wp\/v2\/posts\/9703"}],"collection":[{"href":"https:\/\/www.franceabris.com\/BLOG\/wp-json\/wp\/v2\/posts"}],"about":[{"href":"https:\/\/www.franceabris.com\/BLOG\/wp-json\/wp\/v2\/types\/post"}],"author":[{"embeddable":true,"href":"https:\/\/www.franceabris.com\/BLOG\/wp-json\/wp\/v2\/users\/2"}],"replies":[{"embeddable":true,"href":"https:\/\/www.franceabris.com\/BLOG\/wp-json\/wp\/v2\/comments?post=9703"}],"version-history":[{"count":0,"href":"https:\/\/www.franceabris.com\/BLOG\/wp-json\/wp\/v2\/posts\/9703\/revisions"}],"wp:featuredmedia":[{"embeddable":true,"href":"https:\/\/www.franceabris.com\/BLOG\/wp-json\/wp\/v2\/media\/9704"}],"wp:attachment":[{"href":"https:\/\/www.franceabris.com\/BLOG\/wp-json\/wp\/v2\/media?parent=9703"}],"wp:term":[{"taxonomy":"category","embeddable":true,"href":"https:\/\/www.franceabris.com\/BLOG\/wp-json\/wp\/v2\/categories?post=9703"},{"taxonomy":"post_tag","embeddable":true,"href":"https:\/\/www.franceabris.com\/BLOG\/wp-json\/wp\/v2\/tags?post=9703"}],"curies":[{"name":"wp","href":"https:\/\/api.w.org\/{rel}","templated":true}]}}