{"id":9775,"date":"2019-06-27T06:06:01","date_gmt":"2019-06-27T05:06:01","guid":{"rendered":"https:\/\/www.franceabris.com\/BLOG\/?p=9775"},"modified":"2019-02-08T12:52:27","modified_gmt":"2019-02-08T11:52:27","slug":"decouvrir-le-haut-de-gamme-avec-un-abri-de-jardin-premium","status":"publish","type":"post","link":"https:\/\/www.franceabris.com\/BLOG\/decouvrir-le-haut-de-gamme-avec-un-abri-de-jardin-premium\/","title":{"rendered":"D\u00e9couvrir le haut de gamme avec un abri de jardin premium"},"content":{"rendered":"<p style=\"text-align: justify;\">Attention, cr\u00e9ation d&rsquo;exception ! Quand on cherche un abri de jardin de qualit\u00e9 sup\u00e9rieure, dans une finition rare et esth\u00e9tique, mieux vaut avoir le choix. Et c&rsquo;est le cas sur FRANCE ABRIS, puisque un certain nombre de cabanons de jardin haut de gamme vous sont propos\u00e9s. Qu&rsquo;ont-ils de particulier ?<strong> Pourquoi ces kits se distinguent-ils des abris de jardin traditionnels ?\u00a0<\/strong><\/p>\n<p style=\"text-align: justify;\">Il y a l&rsquo;aspect visuel, \u00e9videmment, avec une silhouette travaill\u00e9e et sp\u00e9cialement con\u00e7ue pour s&rsquo;int\u00e9grer au mieux dans tous les ext\u00e9rieurs. Il y a la nature des mat\u00e9riaux et des pi\u00e8ces constituant l&rsquo;abri \u00e9galement &#8211; et c&rsquo;est une \u00e9vidence ! Et plein de petits \u00e0-c\u00f4t\u00e9s qui rendent chacune de ces structures uniques. <strong>Alors voici quelques explications pour mieux comprendre ces chalets en kit !<\/strong><\/p>\n<p style=\"text-align: justify;\"><strong>&#8211;<\/strong> <span style=\"color: #ff9900;\"><a style=\"color: #ff9900;\" href=\"https:\/\/www.franceabris.com\/299-abri-jardin-bois-gamme-premium\" target=\"_blank\" rel=\"noopener\">Sur FRANCE ABRIS, il existe une gamme d&rsquo;abris de jardin Premium !<\/a><\/span><\/p>\n<h2 style=\"text-align: justify;\">L&rsquo;esth\u00e9tique, mais pas que : l&rsquo;abri haut de gamme n&rsquo;est pas qu&rsquo;un chalet \u00e9l\u00e9gant<\/h2>\n<p style=\"text-align: justify;\"><strong>Ce qui fait d&#8217;embl\u00e9e une diff\u00e9rence entre une abri traditionnel et l&rsquo;un de nos cabanons haut de gamme, c&rsquo;est l&rsquo;esth\u00e9tique.<\/strong> Il faut l&rsquo;admettre et cela saute aux yeux : nos kits les plus \u00e9l\u00e9gants brillent par leur finition, leur silhouette, la pr\u00e9cision de leur structure\u2026 C&rsquo;est, par exemple, ce chalet de jardin au toit double pente avec une double porte vitr\u00e9e et une ouverture rectangulaire :<\/p>\n<figure id=\"attachment_9763\" aria-describedby=\"caption-attachment-9763\" style=\"width: 396px\" class=\"wp-caption aligncenter\"><a href=\"https:\/\/www.franceabris.com\/299-abri-jardin-bois-gamme-premium\"><img decoding=\"async\" loading=\"lazy\" class=\"wp-image-9763 size-full\" style=\"border: 1px solid #000000;\" src=\"https:\/\/www.franceabris.com\/BLOG\/wp-content\/uploads\/2019\/02\/3730-abri-de-jardin-premium-bois.jpg\" alt=\"Abri de jardin bois haut de gamme\" width=\"396\" height=\"290\" srcset=\"https:\/\/www.franceabris.com\/BLOG\/wp-content\/uploads\/2019\/02\/3730-abri-de-jardin-premium-bois.jpg 396w, https:\/\/www.franceabris.com\/BLOG\/wp-content\/uploads\/2019\/02\/3730-abri-de-jardin-premium-bois-134x98.jpg 134w, https:\/\/www.franceabris.com\/BLOG\/wp-content\/uploads\/2019\/02\/3730-abri-de-jardin-premium-bois-328x240.jpg 328w\" sizes=\"(max-width: 396px) 100vw, 396px\" \/><\/a><figcaption id=\"caption-attachment-9763\" class=\"wp-caption-text\">Cet abri de jardin Premium est disponible sous la r\u00e9f\u00e9rence ID3730 sur FRANCE ABRIS.<\/figcaption><\/figure>\n<p style=\"text-align: justify;\">Les 11 m\u00b2 de surface de plancher y b\u00e9n\u00e9ficient clairement d&rsquo;une luminosit\u00e9 exceptionnelle gr\u00e2ce aux trois larges ouvertures. Pour peu que vous installiez cet abri en faisant en sorte qu&rsquo;il soit expos\u00e9 au sud, il chauffera ais\u00e9ment et se transformera en v\u00e9ritable puit de lumi\u00e8re.<strong> Avec son look de maisonnette, il sait se montrer s\u00e9duisant, n&rsquo;est-ce pas ?<\/strong><\/p>\n<h3 style=\"text-align: justify;\">Isolation au top pour ces abris premium<\/h3>\n<p style=\"text-align: justify;\">S\u00e9duisant et pratique :<strong> les ouvertures de cet abri en kit sont en double vitrage avec joint d&rsquo;isolation<\/strong>, ce qui garantit de limiter la d\u00e9perdition thermique autant que faire se peut. C&rsquo;est d&rsquo;autant plus possible que le kit s&rsquo;appuie sur d&rsquo;\u00e9pais madriers en \u00e9pic\u00e9a massif de 40 mm. 40 mm, ce n&rsquo;est pas suffisant pour y loger, mais c&rsquo;est bien assez pour en profiter durant les beaux jours !<\/p>\n<h3 style=\"text-align: justify;\">Les finitions sont haut de gamme dans ces cabanes en kit<\/h3>\n<p style=\"text-align: justify;\">Autre \u00e9l\u00e9ment de qualit\u00e9 sup\u00e9rieur : la couverture.<strong> Ce chalet de jardin en kit b\u00e9n\u00e9ficie d&rsquo;une couverture constitu\u00e9e de panneaux en polyester<\/strong> imitation tuiles anthracites. Non seulement il s&rsquo;agit d&rsquo;une couverture \u00e0 m\u00eame de r\u00e9sister face \u00e0 nombre d&rsquo;intemp\u00e9ries, mais elle est en plus agr\u00e9able \u00e0 l&rsquo;oeil. Un m\u00e9lange de discr\u00e9tion et d&rsquo;\u00e9l\u00e9gance avec l&rsquo;imitation d&rsquo;un toit de tuiles\u2026 qui plus est efficace !<\/p>\n<figure id=\"attachment_9765\" aria-describedby=\"caption-attachment-9765\" style=\"width: 396px\" class=\"wp-caption aligncenter\"><a href=\"https:\/\/www.franceabris.com\/299-abri-jardin-bois-gamme-premium\"><img decoding=\"async\" loading=\"lazy\" class=\"wp-image-9765 size-full\" style=\"border: 1px solid #000000;\" src=\"https:\/\/www.franceabris.com\/BLOG\/wp-content\/uploads\/2019\/02\/couverture-3507.jpg\" alt=\"Abri de jardin premium\" width=\"396\" height=\"290\" srcset=\"https:\/\/www.franceabris.com\/BLOG\/wp-content\/uploads\/2019\/02\/couverture-3507.jpg 396w, https:\/\/www.franceabris.com\/BLOG\/wp-content\/uploads\/2019\/02\/couverture-3507-134x98.jpg 134w, https:\/\/www.franceabris.com\/BLOG\/wp-content\/uploads\/2019\/02\/couverture-3507-328x240.jpg 328w\" sizes=\"(max-width: 396px) 100vw, 396px\" \/><\/a><figcaption id=\"caption-attachment-9765\" class=\"wp-caption-text\">Une couverture en polyester imitation tuiles pour cet abri de jardin premium (disponible sous la r\u00e9f\u00e9rence ID3730 sur FRANCE ABRIS).<\/figcaption><\/figure>\n<h2 style=\"text-align: justify;\">Que faire d&rsquo;un chalet de jardin en kit ?<\/h2>\n<p style=\"text-align: justify;\">Les caract\u00e9ristiques sont une chose &#8211; <strong>et elles constituent une plus-value essentielle des abris premium.<\/strong> L&rsquo;esth\u00e9tique en est une autre &#8211; et c&rsquo;est aussi un atout tr\u00e8s cons\u00e9quent de nos kits de qualit\u00e9 sup\u00e9rieure. Mais il reste un aspect fondamental : l&rsquo;utilisation et les possibilit\u00e9s pratiques de votre chalet d&rsquo;ext\u00e9rieur. Ce que vous pouvez en faire et ce que vous en ferez.<\/p>\n<p>&nbsp;<\/p>\n<h3>Un bureau de jardin ? Un salon d&rsquo;appoint ?<\/h3>\n<p style=\"text-align: justify;\"><strong>Et ces abris offrent effectivement beaucoup de possibilit\u00e9s.<\/strong> Leur finition permet d&rsquo;y envisager la cr\u00e9ation d&rsquo;un bureau de jardin lumineux et agr\u00e9able. Id\u00e9al pour les entrepreneurs ou les adeptes du t\u00e9l\u00e9-travail ! Mais ils peuvent \u00eatre am\u00e9nag\u00e9s en salons d&rsquo;\u00e9t\u00e9 o\u00f9 passer des soir\u00e9es, voire des nuits. Enfin, ces kits prennent la forme de chalets, mais ce sont \u00e0 l&rsquo;origine des abris. Et\u00a0qui dit abri, dit potentiel atelier de bricolage ou cabane de stockage. C&rsquo;est \u00e0 vous de choisir !<\/p>\n<figure id=\"attachment_9764\" aria-describedby=\"caption-attachment-9764\" style=\"width: 396px\" class=\"wp-caption aligncenter\"><a href=\"https:\/\/www.franceabris.com\/299-abri-jardin-bois-gamme-premium\"><img decoding=\"async\" loading=\"lazy\" class=\"wp-image-9764 size-full\" style=\"border: 1px solid #000000;\" src=\"https:\/\/www.franceabris.com\/BLOG\/wp-content\/uploads\/2019\/02\/3730-abri-de-jardin-bois.jpg\" alt=\"Tous nos cabanons en kit haut de gamme\" width=\"396\" height=\"290\" srcset=\"https:\/\/www.franceabris.com\/BLOG\/wp-content\/uploads\/2019\/02\/3730-abri-de-jardin-bois.jpg 396w, https:\/\/www.franceabris.com\/BLOG\/wp-content\/uploads\/2019\/02\/3730-abri-de-jardin-bois-134x98.jpg 134w, https:\/\/www.franceabris.com\/BLOG\/wp-content\/uploads\/2019\/02\/3730-abri-de-jardin-bois-328x240.jpg 328w\" sizes=\"(max-width: 396px) 100vw, 396px\" \/><\/a><figcaption id=\"caption-attachment-9764\" class=\"wp-caption-text\">Un petit bureau de jardin dans cet abri en kit ? (Mod\u00e8le disponible sous la r\u00e9f\u00e9rence ID3730 sur FRANCE ABRIS)<\/figcaption><\/figure>\n","protected":false},"excerpt":{"rendered":"<p>Attention, cr\u00e9ation d&rsquo;exception ! Quand on cherche un abri de jardin de qualit\u00e9 sup\u00e9rieure, dans une finition rare et esth\u00e9tique, mieux vaut avoir le choix. Et c&rsquo;est le cas sur FRANCE ABRIS, puisque un certain nombre de cabanons de jardin haut de gamme vous sont propos\u00e9s. Qu&rsquo;ont-ils de particulier ? Pourquoi ces kits se distinguent-ils &hellip; <a href=\"https:\/\/www.franceabris.com\/BLOG\/decouvrir-le-haut-de-gamme-avec-un-abri-de-jardin-premium\/\" class=\"more-link\">Continuer la lecture de <span class=\"screen-reader-text\">D\u00e9couvrir le haut de gamme avec un abri de jardin premium<\/span><\/a><\/p>\n","protected":false},"author":2,"featured_media":9776,"comment_status":"closed","ping_status":"closed","sticky":false,"template":"","format":"standard","meta":[],"categories":[3],"tags":[],"_links":{"self":[{"href":"https:\/\/www.franceabris.com\/BLOG\/wp-json\/wp\/v2\/posts\/9775"}],"collection":[{"href":"https:\/\/www.franceabris.com\/BLOG\/wp-json\/wp\/v2\/posts"}],"about":[{"href":"https:\/\/www.franceabris.com\/BLOG\/wp-json\/wp\/v2\/types\/post"}],"author":[{"embeddable":true,"href":"https:\/\/www.franceabris.com\/BLOG\/wp-json\/wp\/v2\/users\/2"}],"replies":[{"embeddable":true,"href":"https:\/\/www.franceabris.com\/BLOG\/wp-json\/wp\/v2\/comments?post=9775"}],"version-history":[{"count":0,"href":"https:\/\/www.franceabris.com\/BLOG\/wp-json\/wp\/v2\/posts\/9775\/revisions"}],"wp:featuredmedia":[{"embeddable":true,"href":"https:\/\/www.franceabris.com\/BLOG\/wp-json\/wp\/v2\/media\/9776"}],"wp:attachment":[{"href":"https:\/\/www.franceabris.com\/BLOG\/wp-json\/wp\/v2\/media?parent=9775"}],"wp:term":[{"taxonomy":"category","embeddable":true,"href":"https:\/\/www.franceabris.com\/BLOG\/wp-json\/wp\/v2\/categories?post=9775"},{"taxonomy":"post_tag","embeddable":true,"href":"https:\/\/www.franceabris.com\/BLOG\/wp-json\/wp\/v2\/tags?post=9775"}],"curies":[{"name":"wp","href":"https:\/\/api.w.org\/{rel}","templated":true}]}}