{"id":9805,"date":"2019-05-03T06:06:37","date_gmt":"2019-05-03T05:06:37","guid":{"rendered":"https:\/\/www.franceabris.com\/BLOG\/?p=9805"},"modified":"2019-02-28T12:28:41","modified_gmt":"2019-02-28T11:28:41","slug":"quest-ce-quun-bon-auvent-daccueil-pour-son-son-entreprise","status":"publish","type":"post","link":"https:\/\/www.franceabris.com\/BLOG\/quest-ce-quun-bon-auvent-daccueil-pour-son-son-entreprise\/","title":{"rendered":"Qu\u2019est-ce qu\u2019un bon auvent d\u2019accueil pour son son entreprise\u00a0?"},"content":{"rendered":"<p style=\"text-align: justify;\">Accueillir ses employ\u00e9s et ses clients de fa\u00e7on idoine, leur offrir un peu de confort&#8230; Tout cela n&rsquo;est pas superflu. Et cela tient parfois \u00e0 de petits ajustements, qui se greffent \u00e0 d&rsquo;autres ajustements, pour cr\u00e9er un environnement de travail ergonomique, \u00e9voluant vers le \u00ab\u00a0mieux\u00a0\u00bb au lieu de se contenter de ce qu&rsquo;il est. <strong>FRANCE ABRIS a l&rsquo;habitude de travailler avec les pros du secteur priv\u00e9, proposant des abris pour bien des usages.<\/strong><\/p>\n<p style=\"text-align: justify;\"><strong>Notamment pour la cr\u00e9ation et l&rsquo;installation d&rsquo;auvents d&rsquo;accueil.<\/strong> Des structures qui compl\u00e8tent \u00e0 merveille les abris deux-roues pour les employ\u00e9s qui viendraient \u00e0 v\u00e9lo et les abris fumeurs, offrant un toit \u00e0 ceux qui ont besoin de leur traditionnelle \u00ab\u00a0pause clope\u00a0\u00bb. Un auvent d&rsquo;accueil, c&rsquo;est aussi l&rsquo;une des premi\u00e8res images que l&rsquo;on a de vos locaux&#8230; Et, lorsqu&rsquo;il pleut \u00e0 verse, c&rsquo;est un bon moyen de garder cette image positive !<\/p>\n<p style=\"text-align: justify;\">Explications.<\/p>\n<p style=\"text-align: justify;\"><strong>&#8211;<\/strong> <span style=\"color: #ff9900;\"><a style=\"color: #ff9900;\" href=\"https:\/\/www.franceabris.com\/13-abri-terrasse\" target=\"_blank\" rel=\"noopener noreferrer\">Vous trouverez diff\u00e9rentes solutions d&rsquo;auvents dans le catalogue de FRANCE ABRIS !<\/a><\/span><\/p>\n<h2 style=\"text-align: justify;\">Qu&rsquo;est-ce qu&rsquo;un bon auvent d&rsquo;accueil pour une entreprise ?<\/h2>\n<p style=\"text-align: justify;\">Un auvent prot\u00e9geant les portes principales des locaux d&rsquo;une entreprise se doit de marier diff\u00e9rentes qualit\u00e9s.<\/p>\n<ul style=\"text-align: justify;\">\n<li><strong>\u00catre fonctionnel,<\/strong> d&rsquo;abord, puisqu&rsquo;il s&rsquo;agit d&rsquo;offrir un premier toit aux arrivants, forc\u00e9ment appr\u00e9ci\u00e9 lorsqu&rsquo;il pleut ou lorsque le soleil tape fort.<\/li>\n<li><strong>\u00catre esth\u00e9tique<\/strong> ensuite, puisqu&rsquo;il s&rsquo;agit d&rsquo;une des premi\u00e8res images qu&rsquo;un visiteur a de vos b\u00e2timents.<\/li>\n<li><strong>\u00catre autonome<\/strong>, enfin, car un chef d&rsquo;entreprise n&rsquo;a certainement pas envie d&rsquo;avoir \u00e0 se soucier de l&rsquo;entretien d&rsquo;une structure de ce genre.<\/li>\n<\/ul>\n<h3>Des abris pros \u00e0 prix r\u00e9duits<\/h3>\n<p style=\"text-align: justify;\">Sans parler du prix, car c&rsquo;est souvent une \u00e9vidence ! Mais est-il possible de trouver un kit d&rsquo;abri mariant ces diff\u00e9rentes qualit\u00e9s \u00e0 un prix r\u00e9duit ? Bien entendu ! Car FRANCE ABRIS propose des dizaines et des dizaines d&rsquo;abris r\u00e9pondant \u00e0 toutes les probl\u00e9matiques de l&rsquo;abri en entreprise. <strong>Des toits terrasse, des carports, des structures m\u00e9talliques&#8230;<\/strong> dont le d\u00e9nominateur commun est : la protection de biens ou de personnes.<\/p>\n<figure id=\"attachment_9806\" aria-describedby=\"caption-attachment-9806\" style=\"width: 396px\" class=\"wp-caption aligncenter\"><a href=\"https:\/\/www.franceabris.com\/53-carport-metal\"><img decoding=\"async\" loading=\"lazy\" class=\"wp-image-9806 size-full\" style=\"border: 1px solid #000000;\" src=\"https:\/\/www.franceabris.com\/BLOG\/wp-content\/uploads\/2019\/02\/1655-abri-daccueil-m\u00e9tallique.jpg\" alt=\"auvent d'entreprise\" width=\"396\" height=\"290\" srcset=\"https:\/\/www.franceabris.com\/BLOG\/wp-content\/uploads\/2019\/02\/1655-abri-daccueil-m\u00e9tallique.jpg 396w, https:\/\/www.franceabris.com\/BLOG\/wp-content\/uploads\/2019\/02\/1655-abri-daccueil-m\u00e9tallique-134x98.jpg 134w, https:\/\/www.franceabris.com\/BLOG\/wp-content\/uploads\/2019\/02\/1655-abri-daccueil-m\u00e9tallique-328x240.jpg 328w\" sizes=\"(max-width: 396px) 100vw, 396px\" \/><\/a><figcaption id=\"caption-attachment-9806\" class=\"wp-caption-text\">Cet abri voiture peut servir d&rsquo;auvent d&rsquo;accueil pour une entreprise. Disponible sous la r\u00e9f\u00e9rence ID1655 sur FRANCE ABRIS !<\/figcaption><\/figure>\n<h2 style=\"text-align: justify;\">Esth\u00e9tique, fonctionnel et autonome : les trois piliers du auvent d&rsquo;accueil pour entreprise<\/h2>\n<p style=\"text-align: justify;\"><strong>La fonctionnalit\u00e9 passe par un toit efficace, r\u00e9sistant aux gr\u00ealons comme aux rayons ultra-violets<\/strong> et couvrant une surface suffisamment importante pour permettre aux visiteurs de commencer \u00e0 se s\u00e9cher, par exemple, par temps de pluie. Il s&rsquo;agira donc souvent d&rsquo;un toit en polycarbonate. Un mat\u00e9riau qui sait se faire discret \u00e0 l&rsquo;entr\u00e9e, laisse passer la lumi\u00e8re naturelle mais freine les rayons UV lorsqu&rsquo;il est trait\u00e9 \u00e0 dessein&#8230; et prot\u00e8ge des intemp\u00e9ries ! Il sera id\u00e9alement muni de goutti\u00e8res discr\u00e8tes pour faciliter l&rsquo;\u00e9vacuation des eaux.<\/p>\n<h3>Un abri \u00e0 l&rsquo;entr\u00e9e, donc un abri qui ne doit pas d\u00e9parer<\/h3>\n<p style=\"text-align: justify;\">L&rsquo;esth\u00e9tique, elle, se d\u00e9cline de diff\u00e9rentes fa\u00e7ons. <strong>Ce peut \u00eatre un auvent design, moderne et travaill\u00e9, valorisant l&rsquo;entr\u00e9e de vos locaux.<\/strong> Une finition aluminium peint ou alu anodis\u00e9 par exemple offrant d&#8217;embl\u00e9e un environnement haut-de-gamme. Mais il peut aussi s&rsquo;agit d&rsquo;un toit discret, sachant s&rsquo;effacer et ne pas se faire remarquer : pas de poteaux si possible, une forme de toit classique et peu ostentatoire, une peinture minimaliste&#8230;<\/p>\n<h3>Des kits d&rsquo;auvents r\u00e9sistants<\/h3>\n<p style=\"text-align: justify;\">Enfin, l&rsquo;autonomie d&rsquo;un bon abri tient souvent dans la qualit\u00e9 de ses mat\u00e9riaux. Pour un entrepreneur,<strong> FRANCE ABRIS a tendance \u00e0 orienter vers des auvents d&rsquo;accueil m\u00e9talliques, en acier galvanis\u00e9 ou en aluminium.<\/strong> Pourquoi ? Parce qu&rsquo;ils ne r\u00e9clament quasiment aucune attention, tout en affichant des dur\u00e9es de vie imbattables, se comptant en dizaines d&rsquo;ann\u00e9es. Le genre de kits qui ne vous cr\u00e9eront jamais aucun probl\u00e8me ! Evidemment, pour une entreprise au positionnement sp\u00e9cifique ou\u00a0 sp\u00e9cialis\u00e9e montagne, une structure en bois pourra \u00eatre conseill\u00e9e.<\/p>\n<figure id=\"attachment_8381\" aria-describedby=\"caption-attachment-8381\" style=\"width: 583px\" class=\"wp-caption aligncenter\"><a href=\"https:\/\/www.franceabris.com\/53-carport-metal\"><img decoding=\"async\" loading=\"lazy\" class=\"wp-image-8381 size-large\" style=\"border: 1px solid #000000;\" src=\"https:\/\/www.franceabris.com\/BLOG\/wp-content\/uploads\/2016\/11\/abri-auvent-porte-dentr\u00e9e-4-583x437.jpg\" alt=\"Auvent d'accueil m\u00e9tallique\" width=\"583\" height=\"437\" srcset=\"https:\/\/www.franceabris.com\/BLOG\/wp-content\/uploads\/2016\/11\/abri-auvent-porte-dentr\u00e9e-4-583x437.jpg 583w, https:\/\/www.franceabris.com\/BLOG\/wp-content\/uploads\/2016\/11\/abri-auvent-porte-dentr\u00e9e-4-131x98.jpg 131w, https:\/\/www.franceabris.com\/BLOG\/wp-content\/uploads\/2016\/11\/abri-auvent-porte-dentr\u00e9e-4-320x240.jpg 320w, https:\/\/www.franceabris.com\/BLOG\/wp-content\/uploads\/2016\/11\/abri-auvent-porte-dentr\u00e9e-4.jpg 640w\" sizes=\"(max-width: 583px) 100vw, 583px\" \/><\/a><figcaption id=\"caption-attachment-8381\" class=\"wp-caption-text\">Ce particulier a am\u00e9nag\u00e9 un auvent d&rsquo;accueil sur la droite, sur la base d&rsquo;une structure de carport en aluminium.<\/figcaption><\/figure>\n<h2 style=\"text-align: justify;\">Les autres id\u00e9es pour am\u00e9liorer le confort de vie dans votre entreprise ?<\/h2>\n<p style=\"text-align: justify;\">Nous l&rsquo;avons \u00e9voqu\u00e9 plus haut : <span style=\"color: #ff9900;\"><a style=\"color: #ff9900;\" href=\"https:\/\/www.franceabris.com\/BLOG\/abriter-les-trottinettes-a-lecole-ou-en-entreprise-entre-coffres-et-abris-adaptes\/\" target=\"_blank\" rel=\"noopener noreferrer\">les abris v\u00e9los sont hautement appr\u00e9ci\u00e9s \u00e0 l&rsquo;heure o\u00f9 les modes de locomotion doux<\/a> <\/span>se multiplient en zone urbaine. L\u00e0 encore, <strong>il s&rsquo;agira de toits m\u00e9talliques tr\u00e8s polyvalents, abritant des r\u00e2teliers \u00e0 v\u00e9los<\/strong> et n\u00e9cessairement look\u00e9s afin de se marier efficacement avec les abords de vos b\u00e2timents.<\/p>\n<h3>Plut\u00f4t abri fumeur ou abri v\u00e9lo ?<\/h3>\n<p style=\"text-align: justify;\">Tout comme <span style=\"color: #ff9900;\"><a style=\"color: #ff9900;\" href=\"https:\/\/www.franceabris.com\/BLOG\/le-choix-pro-du-mois-labri-fumeurs-ou-le-fumoir-en-exterieur-pour-lentreprise\/\" target=\"_blank\" rel=\"noopener noreferrer\">les abris fumeurs, qui viendront d\u00e9sengorger les auvents d&rsquo;accueil install\u00e9s<\/a> <\/span>&#8211; servant souvent \u00e0 ceux qui ne peuvent se s\u00e9parer de leurs cigarettes. <strong>Des kits de compl\u00e9ment qui permettent d&rsquo;offrir un confort global \u00e0 vos salari\u00e9s et clients.<\/strong> Cela peut para\u00eetre anodin, mais ce sont de petits ajustement forc\u00e9ment appr\u00e9ci\u00e9s !<\/p>\n<figure id=\"attachment_8917\" aria-describedby=\"caption-attachment-8917\" style=\"width: 397px\" class=\"wp-caption aligncenter\"><a href=\"https:\/\/www.franceabris.com\/\"><img decoding=\"async\" loading=\"lazy\" class=\"wp-image-8917 size-full\" style=\"border: 1px solid #000000;\" src=\"https:\/\/www.franceabris.com\/BLOG\/wp-content\/uploads\/2017\/04\/Abri-fumeur-m\u00e9tal-plexy-4.jpeg\" alt=\"abri fumeur professionnel\" width=\"397\" height=\"291\" srcset=\"https:\/\/www.franceabris.com\/BLOG\/wp-content\/uploads\/2017\/04\/Abri-fumeur-m\u00e9tal-plexy-4.jpeg 397w, https:\/\/www.franceabris.com\/BLOG\/wp-content\/uploads\/2017\/04\/Abri-fumeur-m\u00e9tal-plexy-4-134x98.jpeg 134w, https:\/\/www.franceabris.com\/BLOG\/wp-content\/uploads\/2017\/04\/Abri-fumeur-m\u00e9tal-plexy-4-327x240.jpeg 327w\" sizes=\"(max-width: 397px) 100vw, 397px\" \/><\/a><figcaption id=\"caption-attachment-8917\" class=\"wp-caption-text\">Il est facile d&rsquo;am\u00e9nager un petit abri fumeur pour d\u00e9sengorger le parvis de la soci\u00e9t\u00e9.<\/figcaption><\/figure>\n","protected":false},"excerpt":{"rendered":"<p>Accueillir ses employ\u00e9s et ses clients de fa\u00e7on idoine, leur offrir un peu de confort&#8230; Tout cela n&rsquo;est pas superflu. Et cela tient parfois \u00e0 de petits ajustements, qui se greffent \u00e0 d&rsquo;autres ajustements, pour cr\u00e9er un environnement de travail ergonomique, \u00e9voluant vers le \u00ab\u00a0mieux\u00a0\u00bb au lieu de se contenter de ce qu&rsquo;il est. FRANCE &hellip; <a href=\"https:\/\/www.franceabris.com\/BLOG\/quest-ce-quun-bon-auvent-daccueil-pour-son-son-entreprise\/\" class=\"more-link\">Continuer la lecture de <span class=\"screen-reader-text\">Qu\u2019est-ce qu\u2019un bon auvent d\u2019accueil pour son son entreprise\u00a0?<\/span><\/a><\/p>\n","protected":false},"author":2,"featured_media":9073,"comment_status":"closed","ping_status":"closed","sticky":false,"template":"","format":"standard","meta":[],"categories":[1],"tags":[],"_links":{"self":[{"href":"https:\/\/www.franceabris.com\/BLOG\/wp-json\/wp\/v2\/posts\/9805"}],"collection":[{"href":"https:\/\/www.franceabris.com\/BLOG\/wp-json\/wp\/v2\/posts"}],"about":[{"href":"https:\/\/www.franceabris.com\/BLOG\/wp-json\/wp\/v2\/types\/post"}],"author":[{"embeddable":true,"href":"https:\/\/www.franceabris.com\/BLOG\/wp-json\/wp\/v2\/users\/2"}],"replies":[{"embeddable":true,"href":"https:\/\/www.franceabris.com\/BLOG\/wp-json\/wp\/v2\/comments?post=9805"}],"version-history":[{"count":0,"href":"https:\/\/www.franceabris.com\/BLOG\/wp-json\/wp\/v2\/posts\/9805\/revisions"}],"wp:featuredmedia":[{"embeddable":true,"href":"https:\/\/www.franceabris.com\/BLOG\/wp-json\/wp\/v2\/media\/9073"}],"wp:attachment":[{"href":"https:\/\/www.franceabris.com\/BLOG\/wp-json\/wp\/v2\/media?parent=9805"}],"wp:term":[{"taxonomy":"category","embeddable":true,"href":"https:\/\/www.franceabris.com\/BLOG\/wp-json\/wp\/v2\/categories?post=9805"},{"taxonomy":"post_tag","embeddable":true,"href":"https:\/\/www.franceabris.com\/BLOG\/wp-json\/wp\/v2\/tags?post=9805"}],"curies":[{"name":"wp","href":"https:\/\/api.w.org\/{rel}","templated":true}]}}