{"id":9894,"date":"2019-08-25T06:06:37","date_gmt":"2019-08-25T05:06:37","guid":{"rendered":"https:\/\/www.franceabris.com\/BLOG\/?p=9894"},"modified":"2019-03-15T21:08:20","modified_gmt":"2019-03-15T20:08:20","slug":"parmi-les-kits-en-resine-des-abris-en-pvc-haute-densite","status":"publish","type":"post","link":"https:\/\/www.franceabris.com\/BLOG\/parmi-les-kits-en-resine-des-abris-en-pvc-haute-densite\/","title":{"rendered":"Parmi les kits en r\u00e9sine, des abris en PVC haute densit\u00e9 !"},"content":{"rendered":"<p style=\"text-align: justify;\">Quand on parle de <em>\u00ab\u00a0r\u00e9sine PVC\u00a0\u00bb<\/em>, on a parfois du mal \u00e0 s&rsquo;imaginer autre chose qu&rsquo;un plastique un peu traditionnel qui servirait de mat\u00e9riau \u00e0 des structures diverses. Et pourtant&#8230; C&rsquo;est souvent une fa\u00e7on assez g\u00e9n\u00e9rique de d\u00e9signer des mati\u00e8res plastiques qui ont parfois bien des diff\u00e9rences.<\/p>\n<p style=\"text-align: justify;\"><strong>Il en r\u00e9sulte des abris de jardin dits construits, par abus de langage, en r\u00e9sine PVC<\/strong> qui pr\u00e9sentent des caract\u00e9ristiques, des finitions, des prix, des qualit\u00e9s et des d\u00e9fauts qui ne sont pas toujours les m\u00eames.<\/p>\n<p style=\"text-align: justify;\">Ainsi, certains de nos cabanons en kit sont con\u00e7us dans des polychlorures de vinyle &#8211; des PVC -, qui sont des polym\u00e8res thermoplastiques ;<strong> et d&rsquo;autres en poly\u00e9thyl\u00e8ne haute-densit\u00e9 (PE-HD),<\/strong> un poly\u00e9thyl\u00e8ne qui a \u00e9t\u00e9 invent\u00e9 en 1953 et qui offre de belles opportunit\u00e9s en mati\u00e8re de cabanes de stockage.<\/p>\n<p style=\"text-align: justify;\">Explications !<\/p>\n<p style=\"text-align: justify;\"><strong>&#8211;<\/strong> <span style=\"color: #ff9900;\"><a style=\"color: #ff9900;\" href=\"https:\/\/www.franceabris.com\/12-abri-jardin-pvc\" target=\"_blank\" rel=\"noopener noreferrer\">Consultez notre catalogue d&rsquo;abris de jardin en r\u00e9sine PVC, rassemblant des kits dans des plastiques tr\u00e8s diff\u00e9rents !<\/a><\/span><\/p>\n<h2 style=\"text-align: justify;\">Un abri en r\u00e9sine haute-densit\u00e9 !<\/h2>\n<p style=\"text-align: justify;\">Derri\u00e8re les kits en r\u00e9sine PVC haute-densit\u00e9, <strong>se cachent en fait des abris de jardin qui ne sont pas litt\u00e9ralement con\u00e7us en PVC<\/strong>, <strong>mais en poly\u00e9thyl\u00e8ne haute-densit\u00e9 (PE-HD)<\/strong>. C&rsquo;est un chimiste allemand, Karl Ziegler, qui a cr\u00e9\u00e9 ce polym\u00e8re de synth\u00e8se en 1953. Un polym\u00e8re de synth\u00e8se parmi les autres polym\u00e8res de synth\u00e8se que sont : les polypropyl\u00e8nes, les polystyr\u00e8nes et les PVC.<\/p>\n<h3 style=\"text-align: justify;\">Fabrication du PEHD de vos abris en r\u00e9sine<\/h3>\n<p style=\"text-align: justify;\"><strong>On vous passera les d\u00e9tails de la fabrication du PE-HD<\/strong>, que r\u00e9sume ainsi une phrase absolument barbare de Wikip\u00e9dia &#8211; mais tr\u00e8s certainement juste pour les plus experts d&rsquo;entre vous sur les mati\u00e8res plastiques : <em>\u00ab\u00a0Les PE-HD peuvent \u00eatre produits par polym\u00e9risation coordinative de type catalyse de Ziegler-Natta ou catalyse avec un m\u00e9talloc\u00e8ne.\u00a0\u00bb\u00a0<\/em><\/p>\n<figure id=\"attachment_9895\" aria-describedby=\"caption-attachment-9895\" style=\"width: 396px\" class=\"wp-caption aligncenter\"><a href=\"https:\/\/www.franceabris.com\/12-abri-jardin-pvc\"><img decoding=\"async\" loading=\"lazy\" class=\"wp-image-9895 size-full\" style=\"border: 1px solid #000000;\" src=\"https:\/\/www.franceabris.com\/BLOG\/wp-content\/uploads\/2019\/03\/2684-abri-r\u00e9sine-pvc-haute-densit\u00e9.jpg\" alt=\"abris r\u00e9sine pvc haut de gamme\" width=\"396\" height=\"290\" srcset=\"https:\/\/www.franceabris.com\/BLOG\/wp-content\/uploads\/2019\/03\/2684-abri-r\u00e9sine-pvc-haute-densit\u00e9.jpg 396w, https:\/\/www.franceabris.com\/BLOG\/wp-content\/uploads\/2019\/03\/2684-abri-r\u00e9sine-pvc-haute-densit\u00e9-134x98.jpg 134w, https:\/\/www.franceabris.com\/BLOG\/wp-content\/uploads\/2019\/03\/2684-abri-r\u00e9sine-pvc-haute-densit\u00e9-328x240.jpg 328w\" sizes=\"(max-width: 396px) 100vw, 396px\" \/><\/a><figcaption id=\"caption-attachment-9895\" class=\"wp-caption-text\">Cet abri en r\u00e9sine PVC haute-densit\u00e9 est disponible sous la r\u00e9f\u00e9rence ID2684 sur FRANCE ABRIS.<\/figcaption><\/figure>\n<h3 style=\"text-align: justify;\">Les mat\u00e9riaux du quotidien en poly\u00e9thyl\u00e8ne haute-densit\u00e9 pour comprendre les qualit\u00e9s de nos kits en r\u00e9sine<\/h3>\n<p style=\"text-align: justify;\">Ce qui est int\u00e9ressant \u00e0 remarquer, ce sont <strong>les diff\u00e9rents objets de votre vie quotidienne qui sont con\u00e7us en poly\u00e9thyl\u00e8ne haute-densit\u00e9.<\/strong> Les cano\u00eb-kayaks, par exemple, dont les mat\u00e9riaux doivent \u00eatre parfaitement \u00e9tanches et r\u00e9sister au sel. Les emballages de produits d\u00e9tergents, qui n\u00e9cessitent d&rsquo;\u00eatre parfaitement prot\u00e9g\u00e9s. Des tubes qui servent au transport de l&rsquo;eau, de c\u00e2bles ou de gaz&#8230;<\/p>\n<p style=\"text-align: justify;\">Autant d&rsquo;exemples qui laissent ais\u00e9ment imaginer les qualit\u00e9s toutes particuli\u00e8res des cabanons en kit fabriqu\u00e9s en PEHD !<\/p>\n<h2 style=\"text-align: justify;\">Alors pourquoi choisir une cabane en PVC haute densit\u00e9 ?<\/h2>\n<p style=\"text-align: justify;\">Pourquoi ? <strong>Parce que les abris en r\u00e9sine haute-densit\u00e9 font partie des cabanes plastiques haut-de-gamme<\/strong>, assurant une qualit\u00e9 et une r\u00e9sistance de tr\u00e8s bon niveau, meilleures que celle des cabanons en r\u00e9sine PVC simple. Ce sont, par exemple, des qualit\u00e9s d&rsquo;\u00e9tanch\u00e9it\u00e9 particuli\u00e8rement appr\u00e9ciables, d&rsquo;autant que la structure, le ch\u00e2ssis, sous le rev\u00eatement plastique, est g\u00e9n\u00e9ralement en acier. Acier galvanis\u00e9, acier inoxydable, c&rsquo;est au choix&#8230; Un acier qui r\u00e9siste d&rsquo;autant plus \u00e0 la corrosion qu&rsquo;il n&rsquo;est pas expos\u00e9 aux intemp\u00e9ries !<\/p>\n<figure id=\"attachment_9896\" aria-describedby=\"caption-attachment-9896\" style=\"width: 396px\" class=\"wp-caption aligncenter\"><a href=\"https:\/\/www.franceabris.com\/12-abri-jardin-pvc\"><img decoding=\"async\" loading=\"lazy\" class=\"wp-image-9896 size-full\" style=\"border: 1px solid #000000;\" src=\"https:\/\/www.franceabris.com\/BLOG\/wp-content\/uploads\/2019\/03\/336-abri-en-r\u00e9sine-PEHD.jpg\" alt=\"cabane de stockage en r\u00e9sine PVC\" width=\"396\" height=\"290\" srcset=\"https:\/\/www.franceabris.com\/BLOG\/wp-content\/uploads\/2019\/03\/336-abri-en-r\u00e9sine-PEHD.jpg 396w, https:\/\/www.franceabris.com\/BLOG\/wp-content\/uploads\/2019\/03\/336-abri-en-r\u00e9sine-PEHD-134x98.jpg 134w, https:\/\/www.franceabris.com\/BLOG\/wp-content\/uploads\/2019\/03\/336-abri-en-r\u00e9sine-PEHD-328x240.jpg 328w\" sizes=\"(max-width: 396px) 100vw, 396px\" \/><\/a><figcaption id=\"caption-attachment-9896\" class=\"wp-caption-text\">Disponible sous la r\u00e9f\u00e9rence ID336 sur FRANCE ABRIS, cette cabane en r\u00e9sine PVC haute-densit\u00e9 est garantie 10 ans.<\/figcaption><\/figure>\n<h3>Un abri en r\u00e9sine haut-de-gamme, id\u00e9al pour la mer ou la montagne !<\/h3>\n<p style=\"text-align: justify;\">Mais les kits en PEHD sont \u00e9galement plus solides face au vent, face \u00e0 l&rsquo;iode ; ils tiennent mieux dans des conditions de chaleur assez \u00e9lev\u00e9es et, trait\u00e9s anti-UV, ne se d\u00e9coloreront pas ais\u00e9ment. Avec, en plus, l&rsquo;avantage habituel des abris de jardin en r\u00e9sine : ils ne r\u00e9clament que tr\u00e8s peu d&rsquo;entretien et se nettoient facilement au jet d&rsquo;eau. Rien de plus, rien de moins ! <strong>Ce n&rsquo;est pas pour rien que les garanties de certains kits en r\u00e9sine PEHD courent sur 10 ans<\/strong> : la r\u00e9sistance et la long\u00e9vit\u00e9 sont r\u00e9elles. En somme, ces abris de jardin constituent une excellente alternative \u00e0 des structures bois ou m\u00e9tal plus on\u00e9reuses !<\/p>\n<p style=\"text-align: justify;\">Sans compter que ce sont d&rsquo;excellents choix <strong>pour les r\u00e9gions de bord de mer ou montagneuses<\/strong>&#8230; \u00c0 d\u00e9couvrir !<\/p>\n","protected":false},"excerpt":{"rendered":"<p>Quand on parle de \u00ab\u00a0r\u00e9sine PVC\u00a0\u00bb, on a parfois du mal \u00e0 s&rsquo;imaginer autre chose qu&rsquo;un plastique un peu traditionnel qui servirait de mat\u00e9riau \u00e0 des structures diverses. Et pourtant&#8230; C&rsquo;est souvent une fa\u00e7on assez g\u00e9n\u00e9rique de d\u00e9signer des mati\u00e8res plastiques qui ont parfois bien des diff\u00e9rences. Il en r\u00e9sulte des abris de jardin dits &hellip; <a href=\"https:\/\/www.franceabris.com\/BLOG\/parmi-les-kits-en-resine-des-abris-en-pvc-haute-densite\/\" class=\"more-link\">Continuer la lecture de <span class=\"screen-reader-text\">Parmi les kits en r\u00e9sine, des abris en PVC haute densit\u00e9 !<\/span><\/a><\/p>\n","protected":false},"author":2,"featured_media":9881,"comment_status":"closed","ping_status":"closed","sticky":false,"template":"","format":"standard","meta":[],"categories":[3],"tags":[],"_links":{"self":[{"href":"https:\/\/www.franceabris.com\/BLOG\/wp-json\/wp\/v2\/posts\/9894"}],"collection":[{"href":"https:\/\/www.franceabris.com\/BLOG\/wp-json\/wp\/v2\/posts"}],"about":[{"href":"https:\/\/www.franceabris.com\/BLOG\/wp-json\/wp\/v2\/types\/post"}],"author":[{"embeddable":true,"href":"https:\/\/www.franceabris.com\/BLOG\/wp-json\/wp\/v2\/users\/2"}],"replies":[{"embeddable":true,"href":"https:\/\/www.franceabris.com\/BLOG\/wp-json\/wp\/v2\/comments?post=9894"}],"version-history":[{"count":0,"href":"https:\/\/www.franceabris.com\/BLOG\/wp-json\/wp\/v2\/posts\/9894\/revisions"}],"wp:featuredmedia":[{"embeddable":true,"href":"https:\/\/www.franceabris.com\/BLOG\/wp-json\/wp\/v2\/media\/9881"}],"wp:attachment":[{"href":"https:\/\/www.franceabris.com\/BLOG\/wp-json\/wp\/v2\/media?parent=9894"}],"wp:term":[{"taxonomy":"category","embeddable":true,"href":"https:\/\/www.franceabris.com\/BLOG\/wp-json\/wp\/v2\/categories?post=9894"},{"taxonomy":"post_tag","embeddable":true,"href":"https:\/\/www.franceabris.com\/BLOG\/wp-json\/wp\/v2\/tags?post=9894"}],"curies":[{"name":"wp","href":"https:\/\/api.w.org\/{rel}","templated":true}]}}